{"id":1075,"date":"2015-01-30T15:18:10","date_gmt":"2015-01-30T14:18:10","guid":{"rendered":"http:\/\/la-dante.fr\/?p=1075"},"modified":"2018-02-10T17:39:19","modified_gmt":"2018-02-10T16:39:19","slug":"giulio-supino-diario-della-guerra-che-non-ho-combattuto","status":"publish","type":"post","link":"https:\/\/ladante.fr\/paris\/giulio-supino-diario-della-guerra-che-non-ho-combattuto\/","title":{"rendered":"Giulio Supino &#8211; DIARIO DELLA GUERRA CHE NON HO COMBATTUTO"},"content":{"rendered":"<h2 class=\"postheader\" style=\"text-align: center;\"><img style=\"font-size: 16px;\" src=\"http:\/\/ladante.fr\/wp-content\/uploads\/2018\/01\/supino.png\" alt=\"Giulio Supino - DIARIO DELLA GUERRA CHE NON HO COMBATTUTO\" \/><\/h2>\n<h4 style=\"text-align: center; text-transform: uppercase;\">DIARIO DELLA GUERRA CHE NON HO COMBATTUTO<\/h4>\n<h6 style=\"text-align: center; text-transform: uppercase;\">Un Italiano ebreo tra persecuzione e resistenza<\/h6>\n<h6 style=\"text-align: center; text-transform: uppercase;\">Giulio Supino, Edizione Aska<\/h6>\n<h6 style=\"text-align: center;\">Pr\u00e9sent\u00e9 par sa fille Valentina Supino<\/h6>\n<h6 style=\"text-align: center; text-transform: uppercase;\">Interventions<\/h6>\n<p style=\"text-align: center;\"><strong>Michele Canonica<\/strong>, Pr\u00e9sident Societ\u00e0 Dante Alighieri &#8211; Comit\u00e9 de Paris<br \/>\n<strong>Alessandro Levi Sandri<\/strong>, Diplomate italien<br \/>\n<strong>Alberto Toscano<\/strong>, Pr\u00e9sident du Club de la Presse Europ\u00e9enne<\/p>\n<p style=\"text-align: justify;\">Giulio Supino, ing\u00e9nieur, professeur d&rsquo;hydraulique \u00e0 Bologne, perd son poste en 1938 lors de la promulgation des lois raciales en Italie. Il tient alors un journal dans lequel il raconte sa vie de 1939 \u00e0 1945. Ce document intime nous permet de d\u00e9couvrir la \u00ab\u00a0guerra che non si doveva fare\u00a0\u00bb.<\/p>\n<p style=\"text-align: center;\"><strong>Vendredi 20 f\u00e9vrier, \u00e0 19h00<\/strong><\/p>\n<p style=\"text-align: center;\">LA LIBRERIA<br \/>\n89 rue du Faubourg Poissonni\u00e8re<br \/>\n75009 Paris<\/p>\n","protected":false},"excerpt":{"rendered":"<p>DIARIO DELLA GUERRA CHE NON HO COMBATTUTO Un Italiano ebreo tra persecuzione e resistenza Giulio Supino, Edizione Aska Pr\u00e9sent\u00e9 par sa fille Valentina Supino Interventions Michele Canonica, Pr\u00e9sident Societ\u00e0 Dante Alighieri &#8211; Comit\u00e9 de Paris Alessandro Levi Sandri, Diplomate italien Alberto Toscano, Pr\u00e9sident du Club de la Presse Europ\u00e9enne Giulio Supino, ing\u00e9nieur, professeur d&rsquo;hydraulique \u00e0 [&hellip;]<\/p>\n","protected":false},"author":4,"featured_media":0,"comment_status":"open","ping_status":"open","sticky":false,"template":"","format":"image","meta":{"disable_featured_image":false,"_themeisle_gutenberg_block_has_review":false},"categories":[6],"tags":[],"yoast_head":"<!-- This site is optimized with the Yoast SEO plugin v20.1 - https:\/\/yoast.com\/wordpress\/plugins\/seo\/ -->\n<title>Giulio Supino - DIARIO DELLA GUERRA CHE NON HO COMBATTUTO - La Dante - Comit\u00e9 de Paris<\/title>\n<meta name=\"robots\" content=\"index, follow, max-snippet:-1, max-image-preview:large, max-video-preview:-1\" \/>\n<link rel=\"canonical\" href=\"https:\/\/ladante.fr\/paris\/giulio-supino-diario-della-guerra-che-non-ho-combattuto\/\" \/>\n<meta property=\"og:locale\" content=\"fr_FR\" \/>\n<meta property=\"og:type\" content=\"article\" \/>\n<meta property=\"og:title\" content=\"Giulio Supino - DIARIO DELLA GUERRA CHE NON HO COMBATTUTO - La Dante - Comit\u00e9 de Paris\" \/>\n<meta property=\"og:description\" content=\"DIARIO DELLA GUERRA CHE NON HO COMBATTUTO Un Italiano ebreo tra persecuzione e resistenza Giulio Supino, Edizione Aska Pr\u00e9sent\u00e9 par sa fille Valentina Supino Interventions Michele Canonica, Pr\u00e9sident Societ\u00e0 Dante Alighieri &#8211; Comit\u00e9 de Paris Alessandro Levi Sandri, Diplomate italien Alberto Toscano, Pr\u00e9sident du Club de la Presse Europ\u00e9enne Giulio Supino, ing\u00e9nieur, professeur d&rsquo;hydraulique \u00e0 [&hellip;]\" \/>\n<meta property=\"og:url\" content=\"https:\/\/ladante.fr\/paris\/giulio-supino-diario-della-guerra-che-non-ho-combattuto\/\" \/>\n<meta property=\"og:site_name\" content=\"La Dante - Comit\u00e9 de Paris\" \/>\n<meta property=\"article:published_time\" content=\"2015-01-30T14:18:10+00:00\" \/>\n<meta property=\"article:modified_time\" content=\"2018-02-10T16:39:19+00:00\" \/>\n<meta property=\"og:image\" content=\"http:\/\/ladante.fr\/wp-content\/uploads\/2018\/01\/supino.png\" \/>\n<meta name=\"author\" content=\"Mirko Venturi\" \/>\n<meta name=\"twitter:card\" content=\"summary_large_image\" \/>\n<meta name=\"twitter:label1\" content=\"\u00c9crit par\" \/>\n\t<meta name=\"twitter:data1\" content=\"Mirko Venturi\" \/>\n\t<meta name=\"twitter:label2\" content=\"Dur\u00e9e de lecture estim\u00e9e\" \/>\n\t<meta name=\"twitter:data2\" content=\"1 minute\" \/>\n<script type=\"application\/ld+json\" class=\"yoast-schema-graph\">{\"@context\":\"https:\/\/schema.org\",\"@graph\":[{\"@type\":\"WebPage\",\"@id\":\"https:\/\/ladante.fr\/paris\/giulio-supino-diario-della-guerra-che-non-ho-combattuto\/\",\"url\":\"https:\/\/ladante.fr\/paris\/giulio-supino-diario-della-guerra-che-non-ho-combattuto\/\",\"name\":\"Giulio Supino - DIARIO DELLA GUERRA CHE NON HO COMBATTUTO - La Dante - Comit\u00e9 de Paris\",\"isPartOf\":{\"@id\":\"https:\/\/ladante.fr\/paris\/#website\"},\"datePublished\":\"2015-01-30T14:18:10+00:00\",\"dateModified\":\"2018-02-10T16:39:19+00:00\",\"author\":{\"@id\":\"https:\/\/ladante.fr\/paris\/#\/schema\/person\/68aed266df313cfba1339a72069dd605\"},\"breadcrumb\":{\"@id\":\"https:\/\/ladante.fr\/paris\/giulio-supino-diario-della-guerra-che-non-ho-combattuto\/#breadcrumb\"},\"inLanguage\":\"fr-FR\",\"potentialAction\":[{\"@type\":\"ReadAction\",\"target\":[\"https:\/\/ladante.fr\/paris\/giulio-supino-diario-della-guerra-che-non-ho-combattuto\/\"]}]},{\"@type\":\"BreadcrumbList\",\"@id\":\"https:\/\/ladante.fr\/paris\/giulio-supino-diario-della-guerra-che-non-ho-combattuto\/#breadcrumb\",\"itemListElement\":[{\"@type\":\"ListItem\",\"position\":1,\"name\":\"Accueil\",\"item\":\"https:\/\/ladante.fr\/paris\/\"},{\"@type\":\"ListItem\",\"position\":2,\"name\":\"Giulio Supino &#8211; DIARIO DELLA GUERRA CHE NON HO COMBATTUTO\"}]},{\"@type\":\"WebSite\",\"@id\":\"https:\/\/ladante.fr\/paris\/#website\",\"url\":\"https:\/\/ladante.fr\/paris\/\",\"name\":\"La Dante - Comit\u00e9 de Paris\",\"description\":\"\",\"potentialAction\":[{\"@type\":\"SearchAction\",\"target\":{\"@type\":\"EntryPoint\",\"urlTemplate\":\"https:\/\/ladante.fr\/paris\/?s={search_term_string}\"},\"query-input\":\"required name=search_term_string\"}],\"inLanguage\":\"fr-FR\"},{\"@type\":\"Person\",\"@id\":\"https:\/\/ladante.fr\/paris\/#\/schema\/person\/68aed266df313cfba1339a72069dd605\",\"name\":\"Mirko Venturi\",\"image\":{\"@type\":\"ImageObject\",\"inLanguage\":\"fr-FR\",\"@id\":\"https:\/\/ladante.fr\/paris\/#\/schema\/person\/image\/\",\"url\":\"https:\/\/secure.gravatar.com\/avatar\/d317780d5a3bd99a39a42e8f53ffd443?s=96&d=mm&r=g\",\"contentUrl\":\"https:\/\/secure.gravatar.com\/avatar\/d317780d5a3bd99a39a42e8f53ffd443?s=96&d=mm&r=g\",\"caption\":\"Mirko Venturi\"},\"url\":\"https:\/\/ladante.fr\/paris\/author\/mirko\/\"}]}<\/script>\n<!-- \/ Yoast SEO plugin. -->","yoast_head_json":{"title":"Giulio Supino - DIARIO DELLA GUERRA CHE NON HO COMBATTUTO - La Dante - Comit\u00e9 de Paris","robots":{"index":"index","follow":"follow","max-snippet":"max-snippet:-1","max-image-preview":"max-image-preview:large","max-video-preview":"max-video-preview:-1"},"canonical":"https:\/\/ladante.fr\/paris\/giulio-supino-diario-della-guerra-che-non-ho-combattuto\/","og_locale":"fr_FR","og_type":"article","og_title":"Giulio Supino - DIARIO DELLA GUERRA CHE NON HO COMBATTUTO - La Dante - Comit\u00e9 de Paris","og_description":"DIARIO DELLA GUERRA CHE NON HO COMBATTUTO Un Italiano ebreo tra persecuzione e resistenza Giulio Supino, Edizione Aska Pr\u00e9sent\u00e9 par sa fille Valentina Supino Interventions Michele Canonica, Pr\u00e9sident Societ\u00e0 Dante Alighieri &#8211; Comit\u00e9 de Paris Alessandro Levi Sandri, Diplomate italien Alberto Toscano, Pr\u00e9sident du Club de la Presse Europ\u00e9enne Giulio Supino, ing\u00e9nieur, professeur d&rsquo;hydraulique \u00e0 [&hellip;]","og_url":"https:\/\/ladante.fr\/paris\/giulio-supino-diario-della-guerra-che-non-ho-combattuto\/","og_site_name":"La Dante - Comit\u00e9 de Paris","article_published_time":"2015-01-30T14:18:10+00:00","article_modified_time":"2018-02-10T16:39:19+00:00","og_image":[{"url":"http:\/\/ladante.fr\/wp-content\/uploads\/2018\/01\/supino.png"}],"author":"Mirko Venturi","twitter_card":"summary_large_image","twitter_misc":{"\u00c9crit par":"Mirko Venturi","Dur\u00e9e de lecture estim\u00e9e":"1 minute"},"schema":{"@context":"https:\/\/schema.org","@graph":[{"@type":"WebPage","@id":"https:\/\/ladante.fr\/paris\/giulio-supino-diario-della-guerra-che-non-ho-combattuto\/","url":"https:\/\/ladante.fr\/paris\/giulio-supino-diario-della-guerra-che-non-ho-combattuto\/","name":"Giulio Supino - DIARIO DELLA GUERRA CHE NON HO COMBATTUTO - La Dante - Comit\u00e9 de Paris","isPartOf":{"@id":"https:\/\/ladante.fr\/paris\/#website"},"datePublished":"2015-01-30T14:18:10+00:00","dateModified":"2018-02-10T16:39:19+00:00","author":{"@id":"https:\/\/ladante.fr\/paris\/#\/schema\/person\/68aed266df313cfba1339a72069dd605"},"breadcrumb":{"@id":"https:\/\/ladante.fr\/paris\/giulio-supino-diario-della-guerra-che-non-ho-combattuto\/#breadcrumb"},"inLanguage":"fr-FR","potentialAction":[{"@type":"ReadAction","target":["https:\/\/ladante.fr\/paris\/giulio-supino-diario-della-guerra-che-non-ho-combattuto\/"]}]},{"@type":"BreadcrumbList","@id":"https:\/\/ladante.fr\/paris\/giulio-supino-diario-della-guerra-che-non-ho-combattuto\/#breadcrumb","itemListElement":[{"@type":"ListItem","position":1,"name":"Accueil","item":"https:\/\/ladante.fr\/paris\/"},{"@type":"ListItem","position":2,"name":"Giulio Supino &#8211; DIARIO DELLA GUERRA CHE NON HO COMBATTUTO"}]},{"@type":"WebSite","@id":"https:\/\/ladante.fr\/paris\/#website","url":"https:\/\/ladante.fr\/paris\/","name":"La Dante - Comit\u00e9 de Paris","description":"","potentialAction":[{"@type":"SearchAction","target":{"@type":"EntryPoint","urlTemplate":"https:\/\/ladante.fr\/paris\/?s={search_term_string}"},"query-input":"required name=search_term_string"}],"inLanguage":"fr-FR"},{"@type":"Person","@id":"https:\/\/ladante.fr\/paris\/#\/schema\/person\/68aed266df313cfba1339a72069dd605","name":"Mirko Venturi","image":{"@type":"ImageObject","inLanguage":"fr-FR","@id":"https:\/\/ladante.fr\/paris\/#\/schema\/person\/image\/","url":"https:\/\/secure.gravatar.com\/avatar\/d317780d5a3bd99a39a42e8f53ffd443?s=96&d=mm&r=g","contentUrl":"https:\/\/secure.gravatar.com\/avatar\/d317780d5a3bd99a39a42e8f53ffd443?s=96&d=mm&r=g","caption":"Mirko Venturi"},"url":"https:\/\/ladante.fr\/paris\/author\/mirko\/"}]}},"_links":{"self":[{"href":"https:\/\/ladante.fr\/paris\/wp-json\/wp\/v2\/posts\/1075"}],"collection":[{"href":"https:\/\/ladante.fr\/paris\/wp-json\/wp\/v2\/posts"}],"about":[{"href":"https:\/\/ladante.fr\/paris\/wp-json\/wp\/v2\/types\/post"}],"author":[{"embeddable":true,"href":"https:\/\/ladante.fr\/paris\/wp-json\/wp\/v2\/users\/4"}],"replies":[{"embeddable":true,"href":"https:\/\/ladante.fr\/paris\/wp-json\/wp\/v2\/comments?post=1075"}],"version-history":[{"count":1,"href":"https:\/\/ladante.fr\/paris\/wp-json\/wp\/v2\/posts\/1075\/revisions"}],"predecessor-version":[{"id":2128,"href":"https:\/\/ladante.fr\/paris\/wp-json\/wp\/v2\/posts\/1075\/revisions\/2128"}],"wp:attachment":[{"href":"https:\/\/ladante.fr\/paris\/wp-json\/wp\/v2\/media?parent=1075"}],"wp:term":[{"taxonomy":"category","embeddable":true,"href":"https:\/\/ladante.fr\/paris\/wp-json\/wp\/v2\/categories?post=1075"},{"taxonomy":"post_tag","embeddable":true,"href":"https:\/\/ladante.fr\/paris\/wp-json\/wp\/v2\/tags?post=1075"}],"curies":[{"name":"wp","href":"https:\/\/api.w.org\/{rel}","templated":true}]}}