{"id":1079,"date":"2015-01-16T17:22:47","date_gmt":"2015-01-16T16:22:47","guid":{"rendered":"http:\/\/la-dante.fr\/?p=1079"},"modified":"2018-02-10T17:39:52","modified_gmt":"2018-02-10T16:39:52","slug":"jeff-koons-retrospective","status":"publish","type":"post","link":"https:\/\/ladante.fr\/paris\/jeff-koons-retrospective\/","title":{"rendered":"JEFF KOONS &#8211; R\u00e9trospective"},"content":{"rendered":"<h2 class=\"postheader\" style=\"text-align: center;\"><img style=\"font-size: 16px;\" src=\"http:\/\/ladante.fr\/wp-content\/uploads\/2018\/01\/koons.png\" alt=\"JEFF KOONS - R\u00e9trospective\" \/><\/h2>\n<h4 style=\"text-align: center; text-transform: uppercase;\">JEFF KOONS<br \/>\nR\u00e9trospective<\/h4>\n<h6 style=\"text-align: center; text-transform: uppercase;\">Par\u00a0<strong>Cristina Oliosi<\/strong>\u00a0guide conf\u00e9renci\u00e8re italienne<br \/>\nProfesseur d&rsquo;Histoire de l&rsquo;Art de la Societ\u00e0 Dante Alighieri &#8211; Comit\u00e9 de Paris<\/h6>\n<p style=\"text-align: center;\"><em>Connu pour ses oeuvres \u00ab\u00a0kitsch\u00a0\u00bb qui montrent ironiquement \u00ab\u00a0l&rsquo;american way of life\u00a0\u00bb, Jeff Koons est vu comme une ic\u00f4ne du style \u00ab\u00a0neo-pop\u00a0\u00bb et consid\u00e9r\u00e9 comme l&rsquo;h\u00e9ritier de Andy Warhol&#8230;<\/em><\/p>\n<p style=\"text-align: center;\"><strong>TARIFS<\/strong><\/p>\n<p style=\"text-align: center;\">Adh\u00e9rents 18 \u20ac Non-adh\u00e9rents 22 \u20ac<br \/>\nLe tarif comprend le billet d&rsquo;entr\u00e9e et 1h30 de visite guid\u00e9e en langue italienne<\/p>\n<h6 style=\"text-align: center;\">R\u00e9servations :\u00a0<a href=\"mailto:paris@ladante.fr\">paris@ladante.fr<\/a><\/h6>\n<p style=\"text-align: center;\"><strong>Samedi 14 f\u00e9vrier 2015, \u00e0 10h<\/strong><br \/>\nCentre Pompidou<br \/>\nAcc\u00e8s par la Piazza, entr\u00e9e \u00ab\u00a0groupes\u00a0\u00bb<br \/>\n75004Paris<\/p>\n<h5 style=\"text-align: center;\">Prochaines visites guid\u00e9es en langue italienne<\/h5>\n<p style=\"text-align: center;\">Basilique de Saint Denis<\/p>\n","protected":false},"excerpt":{"rendered":"<p>JEFF KOONS R\u00e9trospective Par\u00a0Cristina Oliosi\u00a0guide conf\u00e9renci\u00e8re italienne Professeur d&rsquo;Histoire de l&rsquo;Art de la Societ\u00e0 Dante Alighieri &#8211; Comit\u00e9 de Paris Connu pour ses oeuvres \u00ab\u00a0kitsch\u00a0\u00bb qui montrent ironiquement \u00ab\u00a0l&rsquo;american way of life\u00a0\u00bb, Jeff Koons est vu comme une ic\u00f4ne du style \u00ab\u00a0neo-pop\u00a0\u00bb et consid\u00e9r\u00e9 comme l&rsquo;h\u00e9ritier de Andy Warhol&#8230; TARIFS Adh\u00e9rents 18 \u20ac Non-adh\u00e9rents 22 [&hellip;]<\/p>\n","protected":false},"author":4,"featured_media":0,"comment_status":"open","ping_status":"open","sticky":false,"template":"","format":"image","meta":{"disable_featured_image":false,"_themeisle_gutenberg_block_has_review":false},"categories":[6],"tags":[],"yoast_head":"<!-- This site is optimized with the Yoast SEO plugin v20.1 - https:\/\/yoast.com\/wordpress\/plugins\/seo\/ -->\n<title>JEFF KOONS - R\u00e9trospective - La Dante - Comit\u00e9 de Paris<\/title>\n<meta name=\"robots\" content=\"index, follow, max-snippet:-1, max-image-preview:large, max-video-preview:-1\" \/>\n<link rel=\"canonical\" href=\"https:\/\/ladante.fr\/paris\/jeff-koons-retrospective\/\" \/>\n<meta property=\"og:locale\" content=\"fr_FR\" \/>\n<meta property=\"og:type\" content=\"article\" \/>\n<meta property=\"og:title\" content=\"JEFF KOONS - R\u00e9trospective - La Dante - Comit\u00e9 de Paris\" \/>\n<meta property=\"og:description\" content=\"JEFF KOONS R\u00e9trospective Par\u00a0Cristina Oliosi\u00a0guide conf\u00e9renci\u00e8re italienne Professeur d&rsquo;Histoire de l&rsquo;Art de la Societ\u00e0 Dante Alighieri &#8211; Comit\u00e9 de Paris Connu pour ses oeuvres \u00ab\u00a0kitsch\u00a0\u00bb qui montrent ironiquement \u00ab\u00a0l&rsquo;american way of life\u00a0\u00bb, Jeff Koons est vu comme une ic\u00f4ne du style \u00ab\u00a0neo-pop\u00a0\u00bb et consid\u00e9r\u00e9 comme l&rsquo;h\u00e9ritier de Andy Warhol&#8230; TARIFS Adh\u00e9rents 18 \u20ac Non-adh\u00e9rents 22 [&hellip;]\" \/>\n<meta property=\"og:url\" content=\"https:\/\/ladante.fr\/paris\/jeff-koons-retrospective\/\" \/>\n<meta property=\"og:site_name\" content=\"La Dante - Comit\u00e9 de Paris\" \/>\n<meta property=\"article:published_time\" content=\"2015-01-16T16:22:47+00:00\" \/>\n<meta property=\"article:modified_time\" content=\"2018-02-10T16:39:52+00:00\" \/>\n<meta property=\"og:image\" content=\"http:\/\/ladante.fr\/wp-content\/uploads\/2018\/01\/koons.png\" \/>\n<meta name=\"author\" content=\"Mirko Venturi\" \/>\n<meta name=\"twitter:card\" content=\"summary_large_image\" \/>\n<meta name=\"twitter:label1\" content=\"\u00c9crit par\" \/>\n\t<meta name=\"twitter:data1\" content=\"Mirko Venturi\" \/>\n\t<meta name=\"twitter:label2\" content=\"Dur\u00e9e de lecture estim\u00e9e\" \/>\n\t<meta name=\"twitter:data2\" content=\"1 minute\" \/>\n<script type=\"application\/ld+json\" class=\"yoast-schema-graph\">{\"@context\":\"https:\/\/schema.org\",\"@graph\":[{\"@type\":\"WebPage\",\"@id\":\"https:\/\/ladante.fr\/paris\/jeff-koons-retrospective\/\",\"url\":\"https:\/\/ladante.fr\/paris\/jeff-koons-retrospective\/\",\"name\":\"JEFF KOONS - R\u00e9trospective - La Dante - Comit\u00e9 de Paris\",\"isPartOf\":{\"@id\":\"https:\/\/ladante.fr\/paris\/#website\"},\"datePublished\":\"2015-01-16T16:22:47+00:00\",\"dateModified\":\"2018-02-10T16:39:52+00:00\",\"author\":{\"@id\":\"https:\/\/ladante.fr\/paris\/#\/schema\/person\/68aed266df313cfba1339a72069dd605\"},\"breadcrumb\":{\"@id\":\"https:\/\/ladante.fr\/paris\/jeff-koons-retrospective\/#breadcrumb\"},\"inLanguage\":\"fr-FR\",\"potentialAction\":[{\"@type\":\"ReadAction\",\"target\":[\"https:\/\/ladante.fr\/paris\/jeff-koons-retrospective\/\"]}]},{\"@type\":\"BreadcrumbList\",\"@id\":\"https:\/\/ladante.fr\/paris\/jeff-koons-retrospective\/#breadcrumb\",\"itemListElement\":[{\"@type\":\"ListItem\",\"position\":1,\"name\":\"Accueil\",\"item\":\"https:\/\/ladante.fr\/paris\/\"},{\"@type\":\"ListItem\",\"position\":2,\"name\":\"JEFF KOONS &#8211; R\u00e9trospective\"}]},{\"@type\":\"WebSite\",\"@id\":\"https:\/\/ladante.fr\/paris\/#website\",\"url\":\"https:\/\/ladante.fr\/paris\/\",\"name\":\"La Dante - Comit\u00e9 de Paris\",\"description\":\"\",\"potentialAction\":[{\"@type\":\"SearchAction\",\"target\":{\"@type\":\"EntryPoint\",\"urlTemplate\":\"https:\/\/ladante.fr\/paris\/?s={search_term_string}\"},\"query-input\":\"required name=search_term_string\"}],\"inLanguage\":\"fr-FR\"},{\"@type\":\"Person\",\"@id\":\"https:\/\/ladante.fr\/paris\/#\/schema\/person\/68aed266df313cfba1339a72069dd605\",\"name\":\"Mirko Venturi\",\"image\":{\"@type\":\"ImageObject\",\"inLanguage\":\"fr-FR\",\"@id\":\"https:\/\/ladante.fr\/paris\/#\/schema\/person\/image\/\",\"url\":\"https:\/\/secure.gravatar.com\/avatar\/d317780d5a3bd99a39a42e8f53ffd443?s=96&d=mm&r=g\",\"contentUrl\":\"https:\/\/secure.gravatar.com\/avatar\/d317780d5a3bd99a39a42e8f53ffd443?s=96&d=mm&r=g\",\"caption\":\"Mirko Venturi\"},\"url\":\"https:\/\/ladante.fr\/paris\/author\/mirko\/\"}]}<\/script>\n<!-- \/ Yoast SEO plugin. -->","yoast_head_json":{"title":"JEFF KOONS - R\u00e9trospective - La Dante - Comit\u00e9 de Paris","robots":{"index":"index","follow":"follow","max-snippet":"max-snippet:-1","max-image-preview":"max-image-preview:large","max-video-preview":"max-video-preview:-1"},"canonical":"https:\/\/ladante.fr\/paris\/jeff-koons-retrospective\/","og_locale":"fr_FR","og_type":"article","og_title":"JEFF KOONS - R\u00e9trospective - La Dante - Comit\u00e9 de Paris","og_description":"JEFF KOONS R\u00e9trospective Par\u00a0Cristina Oliosi\u00a0guide conf\u00e9renci\u00e8re italienne Professeur d&rsquo;Histoire de l&rsquo;Art de la Societ\u00e0 Dante Alighieri &#8211; Comit\u00e9 de Paris Connu pour ses oeuvres \u00ab\u00a0kitsch\u00a0\u00bb qui montrent ironiquement \u00ab\u00a0l&rsquo;american way of life\u00a0\u00bb, Jeff Koons est vu comme une ic\u00f4ne du style \u00ab\u00a0neo-pop\u00a0\u00bb et consid\u00e9r\u00e9 comme l&rsquo;h\u00e9ritier de Andy Warhol&#8230; TARIFS Adh\u00e9rents 18 \u20ac Non-adh\u00e9rents 22 [&hellip;]","og_url":"https:\/\/ladante.fr\/paris\/jeff-koons-retrospective\/","og_site_name":"La Dante - Comit\u00e9 de Paris","article_published_time":"2015-01-16T16:22:47+00:00","article_modified_time":"2018-02-10T16:39:52+00:00","og_image":[{"url":"http:\/\/ladante.fr\/wp-content\/uploads\/2018\/01\/koons.png"}],"author":"Mirko Venturi","twitter_card":"summary_large_image","twitter_misc":{"\u00c9crit par":"Mirko Venturi","Dur\u00e9e de lecture estim\u00e9e":"1 minute"},"schema":{"@context":"https:\/\/schema.org","@graph":[{"@type":"WebPage","@id":"https:\/\/ladante.fr\/paris\/jeff-koons-retrospective\/","url":"https:\/\/ladante.fr\/paris\/jeff-koons-retrospective\/","name":"JEFF KOONS - R\u00e9trospective - La Dante - Comit\u00e9 de Paris","isPartOf":{"@id":"https:\/\/ladante.fr\/paris\/#website"},"datePublished":"2015-01-16T16:22:47+00:00","dateModified":"2018-02-10T16:39:52+00:00","author":{"@id":"https:\/\/ladante.fr\/paris\/#\/schema\/person\/68aed266df313cfba1339a72069dd605"},"breadcrumb":{"@id":"https:\/\/ladante.fr\/paris\/jeff-koons-retrospective\/#breadcrumb"},"inLanguage":"fr-FR","potentialAction":[{"@type":"ReadAction","target":["https:\/\/ladante.fr\/paris\/jeff-koons-retrospective\/"]}]},{"@type":"BreadcrumbList","@id":"https:\/\/ladante.fr\/paris\/jeff-koons-retrospective\/#breadcrumb","itemListElement":[{"@type":"ListItem","position":1,"name":"Accueil","item":"https:\/\/ladante.fr\/paris\/"},{"@type":"ListItem","position":2,"name":"JEFF KOONS &#8211; R\u00e9trospective"}]},{"@type":"WebSite","@id":"https:\/\/ladante.fr\/paris\/#website","url":"https:\/\/ladante.fr\/paris\/","name":"La Dante - Comit\u00e9 de Paris","description":"","potentialAction":[{"@type":"SearchAction","target":{"@type":"EntryPoint","urlTemplate":"https:\/\/ladante.fr\/paris\/?s={search_term_string}"},"query-input":"required name=search_term_string"}],"inLanguage":"fr-FR"},{"@type":"Person","@id":"https:\/\/ladante.fr\/paris\/#\/schema\/person\/68aed266df313cfba1339a72069dd605","name":"Mirko Venturi","image":{"@type":"ImageObject","inLanguage":"fr-FR","@id":"https:\/\/ladante.fr\/paris\/#\/schema\/person\/image\/","url":"https:\/\/secure.gravatar.com\/avatar\/d317780d5a3bd99a39a42e8f53ffd443?s=96&d=mm&r=g","contentUrl":"https:\/\/secure.gravatar.com\/avatar\/d317780d5a3bd99a39a42e8f53ffd443?s=96&d=mm&r=g","caption":"Mirko Venturi"},"url":"https:\/\/ladante.fr\/paris\/author\/mirko\/"}]}},"_links":{"self":[{"href":"https:\/\/ladante.fr\/paris\/wp-json\/wp\/v2\/posts\/1079"}],"collection":[{"href":"https:\/\/ladante.fr\/paris\/wp-json\/wp\/v2\/posts"}],"about":[{"href":"https:\/\/ladante.fr\/paris\/wp-json\/wp\/v2\/types\/post"}],"author":[{"embeddable":true,"href":"https:\/\/ladante.fr\/paris\/wp-json\/wp\/v2\/users\/4"}],"replies":[{"embeddable":true,"href":"https:\/\/ladante.fr\/paris\/wp-json\/wp\/v2\/comments?post=1079"}],"version-history":[{"count":1,"href":"https:\/\/ladante.fr\/paris\/wp-json\/wp\/v2\/posts\/1079\/revisions"}],"predecessor-version":[{"id":2129,"href":"https:\/\/ladante.fr\/paris\/wp-json\/wp\/v2\/posts\/1079\/revisions\/2129"}],"wp:attachment":[{"href":"https:\/\/ladante.fr\/paris\/wp-json\/wp\/v2\/media?parent=1079"}],"wp:term":[{"taxonomy":"category","embeddable":true,"href":"https:\/\/ladante.fr\/paris\/wp-json\/wp\/v2\/categories?post=1079"},{"taxonomy":"post_tag","embeddable":true,"href":"https:\/\/ladante.fr\/paris\/wp-json\/wp\/v2\/tags?post=1079"}],"curies":[{"name":"wp","href":"https:\/\/api.w.org\/{rel}","templated":true}]}}