{"id":1087,"date":"2015-01-03T15:30:37","date_gmt":"2015-01-03T14:30:37","guid":{"rendered":"http:\/\/la-dante.fr\/?p=1087"},"modified":"2018-02-10T17:41:44","modified_gmt":"2018-02-10T16:41:44","slug":"antonio-vivaldi-premier-genie-musical-venitien-du-18eme-siecle","status":"publish","type":"post","link":"https:\/\/ladante.fr\/paris\/antonio-vivaldi-premier-genie-musical-venitien-du-18eme-siecle\/","title":{"rendered":"ANTONIO VIVALDI &#8211; Premier g\u00e9nie musical v\u00e9nitien du 18\u00e8me si\u00e8cle"},"content":{"rendered":"<h2 class=\"postheader\" style=\"text-align: center;\"><img style=\"font-size: 16px;\" src=\"http:\/\/ladante.fr\/wp-content\/uploads\/2018\/01\/enigma-puccini.png\" alt=\"L'ENIGME PUCCINI, m\u00e9lodies et passions\" \/><\/h2>\n<h4 style=\"text-align: center; text-transform: uppercase;\">ANTONIO VIVALDI<\/h4>\n<h6 style=\"text-align: center; text-transform: uppercase;\">Premier g\u00e9nie musical v\u00e9nitien du 18\u00e8me si\u00e8cle<\/h6>\n<h6 style=\"text-align: center; text-transform: uppercase;\">Par et avec<\/h6>\n<div class=\"interventi\" style=\"text-align: center;\"><strong>Corrado Augias,<\/strong>\u00a0narrateur<br \/>\n<strong>Giuseppe Fausto Modugno,<\/strong>\u00a0piano et voix<\/div>\n<p style=\"text-align: justify;\"><em>Antonio Vivaldi (1678-1741), virtuose du violon, a compos\u00e9 une musique dont m\u00eame Bach est tomb\u00e9 amoureux. Ayant v\u00e9cu dans la Venise de Carlo Goldoni et trouv\u00e9 myst\u00e9rieusement la mort \u00e0 Vienne, le \u00ab pr\u00eatre rouge \u00bb (ainsi surnomm\u00e9 en raison de sa chevelure rousse) nous s\u00e9duit par ses compositions qui m\u00ealent la facilit\u00e9 m\u00e9lodique \u00e0 la complexit\u00e9 de la culture baroque.<\/em><\/p>\n<div class=\"invito\" style=\"text-align: center;\"><span class=\"wf_file jcepopup noicon\"><img class=\"wf_file_icon\" src=\"http:\/\/ladante.fr\/wp-content\/uploads\/2018\/02\/pdf-1-e1517829938664.png\" alt=\"pdf\" \/><\/span><a class=\"wf_file jcepopup noicon\" title=\"ANTONIO VIVALDI, Premier g\u00e9nie musical v\u00e9nitien du 18\u00e8me si\u00e8cle\" href=\"http:\/\/ladante.fr\/wp-content\/uploads\/2018\/01\/2015.01.23_Invitation_VIVALDI.pdf\" target=\"_blank\" rel=\"noopener\" data-mediabox=\"width[1024];height[768];title[ANTONIO VIVALDI, Premier g\u00e9nie musical v\u00e9nitien du 18\u00e8me si\u00e8cle]\"><span class=\"wf_file jcepopup noicon\"><span class=\"wf_file\"><span class=\"wf_file_text\">T\u00e9l\u00e9charger invitation<\/span><\/span><\/span><\/a><\/div>\n<p style=\"text-align: center;\"><strong>Entr\u00e9e libre sur r\u00e9servation<\/strong><br \/>\nR.S.V.P. &#8211; Tel. : 01 47 05 16 26 \u2013 E-mail :\u00a0<a href=\"mailto:paris@ladante.fr\">paris@ladante.fr<\/a><\/p>\n<h3 style=\"text-align: center;\">R\u00e9ponse souhait\u00e9e avant le mercredi 21 janvier 2015<\/h3>\n<p style=\"text-align: center;\"><strong>Vendredi 23 janvier 2015, \u00e0 18h00 &#8211; D\u00e9but des interventions \u00e0 18h30<\/strong><\/p>\n<p style=\"text-align: center;\">Maison de l&rsquo;Italie &#8211; Cit\u00e9 Internationale Universitaire de Paris<br \/>\n7A boulevard Jourdan<br \/>\n75014 Paris<\/p>\n","protected":false},"excerpt":{"rendered":"<p>ANTONIO VIVALDI Premier g\u00e9nie musical v\u00e9nitien du 18\u00e8me si\u00e8cle Par et avec Corrado Augias,\u00a0narrateur Giuseppe Fausto Modugno,\u00a0piano et voix Antonio Vivaldi (1678-1741), virtuose du violon, a compos\u00e9 une musique dont m\u00eame Bach est tomb\u00e9 amoureux. Ayant v\u00e9cu dans la Venise de Carlo Goldoni et trouv\u00e9 myst\u00e9rieusement la mort \u00e0 Vienne, le \u00ab pr\u00eatre rouge \u00bb [&hellip;]<\/p>\n","protected":false},"author":4,"featured_media":0,"comment_status":"open","ping_status":"open","sticky":false,"template":"","format":"image","meta":{"disable_featured_image":false,"_themeisle_gutenberg_block_has_review":false},"categories":[6],"tags":[],"yoast_head":"<!-- This site is optimized with the Yoast SEO plugin v20.1 - https:\/\/yoast.com\/wordpress\/plugins\/seo\/ -->\n<title>ANTONIO VIVALDI - Premier g\u00e9nie musical v\u00e9nitien du 18\u00e8me si\u00e8cle - La Dante - Comit\u00e9 de Paris<\/title>\n<meta name=\"robots\" content=\"index, follow, max-snippet:-1, max-image-preview:large, max-video-preview:-1\" \/>\n<link rel=\"canonical\" href=\"https:\/\/ladante.fr\/paris\/antonio-vivaldi-premier-genie-musical-venitien-du-18eme-siecle\/\" \/>\n<meta property=\"og:locale\" content=\"fr_FR\" \/>\n<meta property=\"og:type\" content=\"article\" \/>\n<meta property=\"og:title\" content=\"ANTONIO VIVALDI - Premier g\u00e9nie musical v\u00e9nitien du 18\u00e8me si\u00e8cle - La Dante - Comit\u00e9 de Paris\" \/>\n<meta property=\"og:description\" content=\"ANTONIO VIVALDI Premier g\u00e9nie musical v\u00e9nitien du 18\u00e8me si\u00e8cle Par et avec Corrado Augias,\u00a0narrateur Giuseppe Fausto Modugno,\u00a0piano et voix Antonio Vivaldi (1678-1741), virtuose du violon, a compos\u00e9 une musique dont m\u00eame Bach est tomb\u00e9 amoureux. Ayant v\u00e9cu dans la Venise de Carlo Goldoni et trouv\u00e9 myst\u00e9rieusement la mort \u00e0 Vienne, le \u00ab pr\u00eatre rouge \u00bb [&hellip;]\" \/>\n<meta property=\"og:url\" content=\"https:\/\/ladante.fr\/paris\/antonio-vivaldi-premier-genie-musical-venitien-du-18eme-siecle\/\" \/>\n<meta property=\"og:site_name\" content=\"La Dante - Comit\u00e9 de Paris\" \/>\n<meta property=\"article:published_time\" content=\"2015-01-03T14:30:37+00:00\" \/>\n<meta property=\"article:modified_time\" content=\"2018-02-10T16:41:44+00:00\" \/>\n<meta property=\"og:image\" content=\"http:\/\/ladante.fr\/wp-content\/uploads\/2018\/01\/enigma-puccini.png\" \/>\n<meta name=\"author\" content=\"Mirko Venturi\" \/>\n<meta name=\"twitter:card\" content=\"summary_large_image\" \/>\n<meta name=\"twitter:label1\" content=\"\u00c9crit par\" \/>\n\t<meta name=\"twitter:data1\" content=\"Mirko Venturi\" \/>\n\t<meta name=\"twitter:label2\" content=\"Dur\u00e9e de lecture estim\u00e9e\" \/>\n\t<meta name=\"twitter:data2\" content=\"1 minute\" \/>\n<script type=\"application\/ld+json\" class=\"yoast-schema-graph\">{\"@context\":\"https:\/\/schema.org\",\"@graph\":[{\"@type\":\"WebPage\",\"@id\":\"https:\/\/ladante.fr\/paris\/antonio-vivaldi-premier-genie-musical-venitien-du-18eme-siecle\/\",\"url\":\"https:\/\/ladante.fr\/paris\/antonio-vivaldi-premier-genie-musical-venitien-du-18eme-siecle\/\",\"name\":\"ANTONIO VIVALDI - Premier g\u00e9nie musical v\u00e9nitien du 18\u00e8me si\u00e8cle - La Dante - Comit\u00e9 de Paris\",\"isPartOf\":{\"@id\":\"https:\/\/ladante.fr\/paris\/#website\"},\"datePublished\":\"2015-01-03T14:30:37+00:00\",\"dateModified\":\"2018-02-10T16:41:44+00:00\",\"author\":{\"@id\":\"https:\/\/ladante.fr\/paris\/#\/schema\/person\/68aed266df313cfba1339a72069dd605\"},\"breadcrumb\":{\"@id\":\"https:\/\/ladante.fr\/paris\/antonio-vivaldi-premier-genie-musical-venitien-du-18eme-siecle\/#breadcrumb\"},\"inLanguage\":\"fr-FR\",\"potentialAction\":[{\"@type\":\"ReadAction\",\"target\":[\"https:\/\/ladante.fr\/paris\/antonio-vivaldi-premier-genie-musical-venitien-du-18eme-siecle\/\"]}]},{\"@type\":\"BreadcrumbList\",\"@id\":\"https:\/\/ladante.fr\/paris\/antonio-vivaldi-premier-genie-musical-venitien-du-18eme-siecle\/#breadcrumb\",\"itemListElement\":[{\"@type\":\"ListItem\",\"position\":1,\"name\":\"Accueil\",\"item\":\"https:\/\/ladante.fr\/paris\/\"},{\"@type\":\"ListItem\",\"position\":2,\"name\":\"ANTONIO VIVALDI &#8211; Premier g\u00e9nie musical v\u00e9nitien du 18\u00e8me si\u00e8cle\"}]},{\"@type\":\"WebSite\",\"@id\":\"https:\/\/ladante.fr\/paris\/#website\",\"url\":\"https:\/\/ladante.fr\/paris\/\",\"name\":\"La Dante - Comit\u00e9 de Paris\",\"description\":\"\",\"potentialAction\":[{\"@type\":\"SearchAction\",\"target\":{\"@type\":\"EntryPoint\",\"urlTemplate\":\"https:\/\/ladante.fr\/paris\/?s={search_term_string}\"},\"query-input\":\"required name=search_term_string\"}],\"inLanguage\":\"fr-FR\"},{\"@type\":\"Person\",\"@id\":\"https:\/\/ladante.fr\/paris\/#\/schema\/person\/68aed266df313cfba1339a72069dd605\",\"name\":\"Mirko Venturi\",\"image\":{\"@type\":\"ImageObject\",\"inLanguage\":\"fr-FR\",\"@id\":\"https:\/\/ladante.fr\/paris\/#\/schema\/person\/image\/\",\"url\":\"https:\/\/secure.gravatar.com\/avatar\/d317780d5a3bd99a39a42e8f53ffd443?s=96&d=mm&r=g\",\"contentUrl\":\"https:\/\/secure.gravatar.com\/avatar\/d317780d5a3bd99a39a42e8f53ffd443?s=96&d=mm&r=g\",\"caption\":\"Mirko Venturi\"},\"url\":\"https:\/\/ladante.fr\/paris\/author\/mirko\/\"}]}<\/script>\n<!-- \/ Yoast SEO plugin. -->","yoast_head_json":{"title":"ANTONIO VIVALDI - Premier g\u00e9nie musical v\u00e9nitien du 18\u00e8me si\u00e8cle - La Dante - Comit\u00e9 de Paris","robots":{"index":"index","follow":"follow","max-snippet":"max-snippet:-1","max-image-preview":"max-image-preview:large","max-video-preview":"max-video-preview:-1"},"canonical":"https:\/\/ladante.fr\/paris\/antonio-vivaldi-premier-genie-musical-venitien-du-18eme-siecle\/","og_locale":"fr_FR","og_type":"article","og_title":"ANTONIO VIVALDI - Premier g\u00e9nie musical v\u00e9nitien du 18\u00e8me si\u00e8cle - La Dante - Comit\u00e9 de Paris","og_description":"ANTONIO VIVALDI Premier g\u00e9nie musical v\u00e9nitien du 18\u00e8me si\u00e8cle Par et avec Corrado Augias,\u00a0narrateur Giuseppe Fausto Modugno,\u00a0piano et voix Antonio Vivaldi (1678-1741), virtuose du violon, a compos\u00e9 une musique dont m\u00eame Bach est tomb\u00e9 amoureux. Ayant v\u00e9cu dans la Venise de Carlo Goldoni et trouv\u00e9 myst\u00e9rieusement la mort \u00e0 Vienne, le \u00ab pr\u00eatre rouge \u00bb [&hellip;]","og_url":"https:\/\/ladante.fr\/paris\/antonio-vivaldi-premier-genie-musical-venitien-du-18eme-siecle\/","og_site_name":"La Dante - Comit\u00e9 de Paris","article_published_time":"2015-01-03T14:30:37+00:00","article_modified_time":"2018-02-10T16:41:44+00:00","og_image":[{"url":"http:\/\/ladante.fr\/wp-content\/uploads\/2018\/01\/enigma-puccini.png"}],"author":"Mirko Venturi","twitter_card":"summary_large_image","twitter_misc":{"\u00c9crit par":"Mirko Venturi","Dur\u00e9e de lecture estim\u00e9e":"1 minute"},"schema":{"@context":"https:\/\/schema.org","@graph":[{"@type":"WebPage","@id":"https:\/\/ladante.fr\/paris\/antonio-vivaldi-premier-genie-musical-venitien-du-18eme-siecle\/","url":"https:\/\/ladante.fr\/paris\/antonio-vivaldi-premier-genie-musical-venitien-du-18eme-siecle\/","name":"ANTONIO VIVALDI - Premier g\u00e9nie musical v\u00e9nitien du 18\u00e8me si\u00e8cle - La Dante - Comit\u00e9 de Paris","isPartOf":{"@id":"https:\/\/ladante.fr\/paris\/#website"},"datePublished":"2015-01-03T14:30:37+00:00","dateModified":"2018-02-10T16:41:44+00:00","author":{"@id":"https:\/\/ladante.fr\/paris\/#\/schema\/person\/68aed266df313cfba1339a72069dd605"},"breadcrumb":{"@id":"https:\/\/ladante.fr\/paris\/antonio-vivaldi-premier-genie-musical-venitien-du-18eme-siecle\/#breadcrumb"},"inLanguage":"fr-FR","potentialAction":[{"@type":"ReadAction","target":["https:\/\/ladante.fr\/paris\/antonio-vivaldi-premier-genie-musical-venitien-du-18eme-siecle\/"]}]},{"@type":"BreadcrumbList","@id":"https:\/\/ladante.fr\/paris\/antonio-vivaldi-premier-genie-musical-venitien-du-18eme-siecle\/#breadcrumb","itemListElement":[{"@type":"ListItem","position":1,"name":"Accueil","item":"https:\/\/ladante.fr\/paris\/"},{"@type":"ListItem","position":2,"name":"ANTONIO VIVALDI &#8211; Premier g\u00e9nie musical v\u00e9nitien du 18\u00e8me si\u00e8cle"}]},{"@type":"WebSite","@id":"https:\/\/ladante.fr\/paris\/#website","url":"https:\/\/ladante.fr\/paris\/","name":"La Dante - Comit\u00e9 de Paris","description":"","potentialAction":[{"@type":"SearchAction","target":{"@type":"EntryPoint","urlTemplate":"https:\/\/ladante.fr\/paris\/?s={search_term_string}"},"query-input":"required name=search_term_string"}],"inLanguage":"fr-FR"},{"@type":"Person","@id":"https:\/\/ladante.fr\/paris\/#\/schema\/person\/68aed266df313cfba1339a72069dd605","name":"Mirko Venturi","image":{"@type":"ImageObject","inLanguage":"fr-FR","@id":"https:\/\/ladante.fr\/paris\/#\/schema\/person\/image\/","url":"https:\/\/secure.gravatar.com\/avatar\/d317780d5a3bd99a39a42e8f53ffd443?s=96&d=mm&r=g","contentUrl":"https:\/\/secure.gravatar.com\/avatar\/d317780d5a3bd99a39a42e8f53ffd443?s=96&d=mm&r=g","caption":"Mirko Venturi"},"url":"https:\/\/ladante.fr\/paris\/author\/mirko\/"}]}},"_links":{"self":[{"href":"https:\/\/ladante.fr\/paris\/wp-json\/wp\/v2\/posts\/1087"}],"collection":[{"href":"https:\/\/ladante.fr\/paris\/wp-json\/wp\/v2\/posts"}],"about":[{"href":"https:\/\/ladante.fr\/paris\/wp-json\/wp\/v2\/types\/post"}],"author":[{"embeddable":true,"href":"https:\/\/ladante.fr\/paris\/wp-json\/wp\/v2\/users\/4"}],"replies":[{"embeddable":true,"href":"https:\/\/ladante.fr\/paris\/wp-json\/wp\/v2\/comments?post=1087"}],"version-history":[{"count":1,"href":"https:\/\/ladante.fr\/paris\/wp-json\/wp\/v2\/posts\/1087\/revisions"}],"predecessor-version":[{"id":2131,"href":"https:\/\/ladante.fr\/paris\/wp-json\/wp\/v2\/posts\/1087\/revisions\/2131"}],"wp:attachment":[{"href":"https:\/\/ladante.fr\/paris\/wp-json\/wp\/v2\/media?parent=1087"}],"wp:term":[{"taxonomy":"category","embeddable":true,"href":"https:\/\/ladante.fr\/paris\/wp-json\/wp\/v2\/categories?post=1087"},{"taxonomy":"post_tag","embeddable":true,"href":"https:\/\/ladante.fr\/paris\/wp-json\/wp\/v2\/tags?post=1087"}],"curies":[{"name":"wp","href":"https:\/\/api.w.org\/{rel}","templated":true}]}}