{"id":1103,"date":"2014-11-14T17:15:32","date_gmt":"2014-11-14T16:15:32","guid":{"rendered":"http:\/\/la-dante.fr\/?p=1103"},"modified":"2018-02-10T17:53:33","modified_gmt":"2018-02-10T16:53:33","slug":"ungaretti-la-letteratura-italiana-e-la-grande-guerra","status":"publish","type":"post","link":"https:\/\/ladante.fr\/paris\/ungaretti-la-letteratura-italiana-e-la-grande-guerra\/","title":{"rendered":"UNGARETTI &#8211; La Letteratura italiana e la Grande Guerra"},"content":{"rendered":"<h2 class=\"postheader\" style=\"text-align: center;\"><img style=\"font-size: 16px;\" src=\"http:\/\/ladante.fr\/wp-content\/uploads\/2018\/01\/ungaretti.png\" \/><\/h2>\n<h4 style=\"text-align: center; text-transform: uppercase;\">UNGARETTI<\/h4>\n<h4 style=\"text-align: center; text-transform: uppercase;\">La Letteratura italiana e la Grande Guerra<\/h4>\n<h6 style=\"text-align: center; text-transform: uppercase;\"><strong>Valentina Frulio<\/strong>, Professeur de la Societ\u00e0 Dante Alighieri &#8211; Comit\u00e9 de Paris<\/h6>\n<p style=\"text-align: justify;\"><em>Ungaretti s&rsquo;engage volontaire pour partager le destin de ses contemporains. Il combat au Carso puis en France. En 1916, il publie en italien le recueil de po\u00e8mes \u00ab\u00a0Il porto sepolto\u00a0\u00bb dans lequel il \u00e9voque son exp\u00e9rience de la guerre et de la douleur.<\/em><\/p>\n<div class=\"invito\" style=\"text-align: center;\"><span class=\"wf_file jcepopup noicon\"><img class=\"wf_file_icon\" src=\"http:\/\/ladante.fr\/wp-content\/uploads\/2018\/02\/pdf-1-e1517829938664.png\" alt=\"pdf\" \/><\/span><a class=\"wf_file jcepopup noicon\" title=\"La letteratura italiana e la grande guerra\" href=\"http:\/\/ladante.fr\/wp-content\/uploads\/2018\/01\/Ciclo_Letteratura_Grande_Guerra_2014-2015.pdf\" target=\"_blank\" rel=\"noopener\"><span class=\"wf_file_text\">PROGRAMME<\/span><\/a><\/div>\n<p style=\"text-align: center;\"><strong>Jeudi 11 d\u00e9cembre, de 18h15 \u00e0 19h15<\/strong><br \/>\nLa Dante de Paris<br \/>\n12 bis rue S\u00e9dillot<br \/>\n75007 Paris<\/p>\n<p style=\"text-align: center;\"><strong>TARIFS<br \/>\n<\/strong>Une conf\u00e9rence<br \/>\nAdh\u00e9rents 12 \u20ac \u00a0 \u00a0Non-adh\u00e9rents 18 \u20ac<\/p>\n<p style=\"text-align: center;\">Cycle de 8 conf\u00e9rences (dont 2 gratuites)<br \/>\nAdh\u00e9rents 72 \u20ac \u00a0 \u00a0Non-adh\u00e9rents 108 \u20ac<\/p>\n<p style=\"text-align: center;\"><strong>RESERVATION INDISPENSABLE<br \/>\n<\/strong>01 47 05 16 26 et\u00a0<a href=\"mailto:paris@ladante.fr\">paris@ladante.fr<\/a><\/p>\n<h6 style=\"text-align: center;\">Nombre de places limit\u00e9<\/h6>\n","protected":false},"excerpt":{"rendered":"<p>UNGARETTI La Letteratura italiana e la Grande Guerra Valentina Frulio, Professeur de la Societ\u00e0 Dante Alighieri &#8211; Comit\u00e9 de Paris Ungaretti s&rsquo;engage volontaire pour partager le destin de ses contemporains. Il combat au Carso puis en France. En 1916, il publie en italien le recueil de po\u00e8mes \u00ab\u00a0Il porto sepolto\u00a0\u00bb dans lequel il \u00e9voque son [&hellip;]<\/p>\n","protected":false},"author":4,"featured_media":0,"comment_status":"open","ping_status":"open","sticky":false,"template":"","format":"image","meta":{"disable_featured_image":false,"_themeisle_gutenberg_block_has_review":false},"categories":[5],"tags":[],"yoast_head":"<!-- This site is optimized with the Yoast SEO plugin v20.1 - https:\/\/yoast.com\/wordpress\/plugins\/seo\/ -->\n<title>UNGARETTI - La Letteratura italiana e la Grande Guerra - La Dante - Comit\u00e9 de Paris<\/title>\n<meta name=\"robots\" content=\"index, follow, max-snippet:-1, max-image-preview:large, max-video-preview:-1\" \/>\n<link rel=\"canonical\" href=\"https:\/\/ladante.fr\/paris\/ungaretti-la-letteratura-italiana-e-la-grande-guerra\/\" \/>\n<meta property=\"og:locale\" content=\"fr_FR\" \/>\n<meta property=\"og:type\" content=\"article\" \/>\n<meta property=\"og:title\" content=\"UNGARETTI - La Letteratura italiana e la Grande Guerra - La Dante - Comit\u00e9 de Paris\" \/>\n<meta property=\"og:description\" content=\"UNGARETTI La Letteratura italiana e la Grande Guerra Valentina Frulio, Professeur de la Societ\u00e0 Dante Alighieri &#8211; Comit\u00e9 de Paris Ungaretti s&rsquo;engage volontaire pour partager le destin de ses contemporains. Il combat au Carso puis en France. En 1916, il publie en italien le recueil de po\u00e8mes \u00ab\u00a0Il porto sepolto\u00a0\u00bb dans lequel il \u00e9voque son [&hellip;]\" \/>\n<meta property=\"og:url\" content=\"https:\/\/ladante.fr\/paris\/ungaretti-la-letteratura-italiana-e-la-grande-guerra\/\" \/>\n<meta property=\"og:site_name\" content=\"La Dante - Comit\u00e9 de Paris\" \/>\n<meta property=\"article:published_time\" content=\"2014-11-14T16:15:32+00:00\" \/>\n<meta property=\"article:modified_time\" content=\"2018-02-10T16:53:33+00:00\" \/>\n<meta property=\"og:image\" content=\"http:\/\/ladante.fr\/wp-content\/uploads\/2018\/01\/ungaretti.png\" \/>\n<meta name=\"author\" content=\"Mirko Venturi\" \/>\n<meta name=\"twitter:card\" content=\"summary_large_image\" \/>\n<meta name=\"twitter:label1\" content=\"\u00c9crit par\" \/>\n\t<meta name=\"twitter:data1\" content=\"Mirko Venturi\" \/>\n\t<meta name=\"twitter:label2\" content=\"Dur\u00e9e de lecture estim\u00e9e\" \/>\n\t<meta name=\"twitter:data2\" content=\"1 minute\" \/>\n<script type=\"application\/ld+json\" class=\"yoast-schema-graph\">{\"@context\":\"https:\/\/schema.org\",\"@graph\":[{\"@type\":\"WebPage\",\"@id\":\"https:\/\/ladante.fr\/paris\/ungaretti-la-letteratura-italiana-e-la-grande-guerra\/\",\"url\":\"https:\/\/ladante.fr\/paris\/ungaretti-la-letteratura-italiana-e-la-grande-guerra\/\",\"name\":\"UNGARETTI - La Letteratura italiana e la Grande Guerra - La Dante - Comit\u00e9 de Paris\",\"isPartOf\":{\"@id\":\"https:\/\/ladante.fr\/paris\/#website\"},\"datePublished\":\"2014-11-14T16:15:32+00:00\",\"dateModified\":\"2018-02-10T16:53:33+00:00\",\"author\":{\"@id\":\"https:\/\/ladante.fr\/paris\/#\/schema\/person\/68aed266df313cfba1339a72069dd605\"},\"breadcrumb\":{\"@id\":\"https:\/\/ladante.fr\/paris\/ungaretti-la-letteratura-italiana-e-la-grande-guerra\/#breadcrumb\"},\"inLanguage\":\"fr-FR\",\"potentialAction\":[{\"@type\":\"ReadAction\",\"target\":[\"https:\/\/ladante.fr\/paris\/ungaretti-la-letteratura-italiana-e-la-grande-guerra\/\"]}]},{\"@type\":\"BreadcrumbList\",\"@id\":\"https:\/\/ladante.fr\/paris\/ungaretti-la-letteratura-italiana-e-la-grande-guerra\/#breadcrumb\",\"itemListElement\":[{\"@type\":\"ListItem\",\"position\":1,\"name\":\"Accueil\",\"item\":\"https:\/\/ladante.fr\/paris\/\"},{\"@type\":\"ListItem\",\"position\":2,\"name\":\"UNGARETTI &#8211; La Letteratura italiana e la Grande Guerra\"}]},{\"@type\":\"WebSite\",\"@id\":\"https:\/\/ladante.fr\/paris\/#website\",\"url\":\"https:\/\/ladante.fr\/paris\/\",\"name\":\"La Dante - Comit\u00e9 de Paris\",\"description\":\"\",\"potentialAction\":[{\"@type\":\"SearchAction\",\"target\":{\"@type\":\"EntryPoint\",\"urlTemplate\":\"https:\/\/ladante.fr\/paris\/?s={search_term_string}\"},\"query-input\":\"required name=search_term_string\"}],\"inLanguage\":\"fr-FR\"},{\"@type\":\"Person\",\"@id\":\"https:\/\/ladante.fr\/paris\/#\/schema\/person\/68aed266df313cfba1339a72069dd605\",\"name\":\"Mirko Venturi\",\"image\":{\"@type\":\"ImageObject\",\"inLanguage\":\"fr-FR\",\"@id\":\"https:\/\/ladante.fr\/paris\/#\/schema\/person\/image\/\",\"url\":\"https:\/\/secure.gravatar.com\/avatar\/d317780d5a3bd99a39a42e8f53ffd443?s=96&d=mm&r=g\",\"contentUrl\":\"https:\/\/secure.gravatar.com\/avatar\/d317780d5a3bd99a39a42e8f53ffd443?s=96&d=mm&r=g\",\"caption\":\"Mirko Venturi\"},\"url\":\"https:\/\/ladante.fr\/paris\/author\/mirko\/\"}]}<\/script>\n<!-- \/ Yoast SEO plugin. -->","yoast_head_json":{"title":"UNGARETTI - La Letteratura italiana e la Grande Guerra - La Dante - Comit\u00e9 de Paris","robots":{"index":"index","follow":"follow","max-snippet":"max-snippet:-1","max-image-preview":"max-image-preview:large","max-video-preview":"max-video-preview:-1"},"canonical":"https:\/\/ladante.fr\/paris\/ungaretti-la-letteratura-italiana-e-la-grande-guerra\/","og_locale":"fr_FR","og_type":"article","og_title":"UNGARETTI - La Letteratura italiana e la Grande Guerra - La Dante - Comit\u00e9 de Paris","og_description":"UNGARETTI La Letteratura italiana e la Grande Guerra Valentina Frulio, Professeur de la Societ\u00e0 Dante Alighieri &#8211; Comit\u00e9 de Paris Ungaretti s&rsquo;engage volontaire pour partager le destin de ses contemporains. Il combat au Carso puis en France. En 1916, il publie en italien le recueil de po\u00e8mes \u00ab\u00a0Il porto sepolto\u00a0\u00bb dans lequel il \u00e9voque son [&hellip;]","og_url":"https:\/\/ladante.fr\/paris\/ungaretti-la-letteratura-italiana-e-la-grande-guerra\/","og_site_name":"La Dante - Comit\u00e9 de Paris","article_published_time":"2014-11-14T16:15:32+00:00","article_modified_time":"2018-02-10T16:53:33+00:00","og_image":[{"url":"http:\/\/ladante.fr\/wp-content\/uploads\/2018\/01\/ungaretti.png"}],"author":"Mirko Venturi","twitter_card":"summary_large_image","twitter_misc":{"\u00c9crit par":"Mirko Venturi","Dur\u00e9e de lecture estim\u00e9e":"1 minute"},"schema":{"@context":"https:\/\/schema.org","@graph":[{"@type":"WebPage","@id":"https:\/\/ladante.fr\/paris\/ungaretti-la-letteratura-italiana-e-la-grande-guerra\/","url":"https:\/\/ladante.fr\/paris\/ungaretti-la-letteratura-italiana-e-la-grande-guerra\/","name":"UNGARETTI - La Letteratura italiana e la Grande Guerra - La Dante - Comit\u00e9 de Paris","isPartOf":{"@id":"https:\/\/ladante.fr\/paris\/#website"},"datePublished":"2014-11-14T16:15:32+00:00","dateModified":"2018-02-10T16:53:33+00:00","author":{"@id":"https:\/\/ladante.fr\/paris\/#\/schema\/person\/68aed266df313cfba1339a72069dd605"},"breadcrumb":{"@id":"https:\/\/ladante.fr\/paris\/ungaretti-la-letteratura-italiana-e-la-grande-guerra\/#breadcrumb"},"inLanguage":"fr-FR","potentialAction":[{"@type":"ReadAction","target":["https:\/\/ladante.fr\/paris\/ungaretti-la-letteratura-italiana-e-la-grande-guerra\/"]}]},{"@type":"BreadcrumbList","@id":"https:\/\/ladante.fr\/paris\/ungaretti-la-letteratura-italiana-e-la-grande-guerra\/#breadcrumb","itemListElement":[{"@type":"ListItem","position":1,"name":"Accueil","item":"https:\/\/ladante.fr\/paris\/"},{"@type":"ListItem","position":2,"name":"UNGARETTI &#8211; La Letteratura italiana e la Grande Guerra"}]},{"@type":"WebSite","@id":"https:\/\/ladante.fr\/paris\/#website","url":"https:\/\/ladante.fr\/paris\/","name":"La Dante - Comit\u00e9 de Paris","description":"","potentialAction":[{"@type":"SearchAction","target":{"@type":"EntryPoint","urlTemplate":"https:\/\/ladante.fr\/paris\/?s={search_term_string}"},"query-input":"required name=search_term_string"}],"inLanguage":"fr-FR"},{"@type":"Person","@id":"https:\/\/ladante.fr\/paris\/#\/schema\/person\/68aed266df313cfba1339a72069dd605","name":"Mirko Venturi","image":{"@type":"ImageObject","inLanguage":"fr-FR","@id":"https:\/\/ladante.fr\/paris\/#\/schema\/person\/image\/","url":"https:\/\/secure.gravatar.com\/avatar\/d317780d5a3bd99a39a42e8f53ffd443?s=96&d=mm&r=g","contentUrl":"https:\/\/secure.gravatar.com\/avatar\/d317780d5a3bd99a39a42e8f53ffd443?s=96&d=mm&r=g","caption":"Mirko Venturi"},"url":"https:\/\/ladante.fr\/paris\/author\/mirko\/"}]}},"_links":{"self":[{"href":"https:\/\/ladante.fr\/paris\/wp-json\/wp\/v2\/posts\/1103"}],"collection":[{"href":"https:\/\/ladante.fr\/paris\/wp-json\/wp\/v2\/posts"}],"about":[{"href":"https:\/\/ladante.fr\/paris\/wp-json\/wp\/v2\/types\/post"}],"author":[{"embeddable":true,"href":"https:\/\/ladante.fr\/paris\/wp-json\/wp\/v2\/users\/4"}],"replies":[{"embeddable":true,"href":"https:\/\/ladante.fr\/paris\/wp-json\/wp\/v2\/comments?post=1103"}],"version-history":[{"count":1,"href":"https:\/\/ladante.fr\/paris\/wp-json\/wp\/v2\/posts\/1103\/revisions"}],"predecessor-version":[{"id":2140,"href":"https:\/\/ladante.fr\/paris\/wp-json\/wp\/v2\/posts\/1103\/revisions\/2140"}],"wp:attachment":[{"href":"https:\/\/ladante.fr\/paris\/wp-json\/wp\/v2\/media?parent=1103"}],"wp:term":[{"taxonomy":"category","embeddable":true,"href":"https:\/\/ladante.fr\/paris\/wp-json\/wp\/v2\/categories?post=1103"},{"taxonomy":"post_tag","embeddable":true,"href":"https:\/\/ladante.fr\/paris\/wp-json\/wp\/v2\/tags?post=1103"}],"curies":[{"name":"wp","href":"https:\/\/api.w.org\/{rel}","templated":true}]}}