{"id":1116,"date":"2014-10-28T09:51:26","date_gmt":"2014-10-28T08:51:26","guid":{"rendered":"http:\/\/la-dante.fr\/?p=1116"},"modified":"2018-02-10T17:55:23","modified_gmt":"2018-02-10T16:55:23","slug":"nino-hommage-a-nino-manfredi","status":"publish","type":"post","link":"https:\/\/ladante.fr\/paris\/nino-hommage-a-nino-manfredi\/","title":{"rendered":"NINO! Hommage \u00e0 Nino Manfredi"},"content":{"rendered":"<h2 class=\"postheader\" style=\"text-align: center;\"><img style=\"font-size: 16px;\" src=\"http:\/\/ladante.fr\/wp-content\/uploads\/2018\/01\/nino.png\" alt=\"NINO! Hommage \u00e0 Nino Manfredi\" \/><\/h2>\n<h4 style=\"text-align: center; text-transform: uppercase;\">NINO! Hommage \u00e0 Nino Manfredi<\/h4>\n<h6 style=\"text-align: center; text-transform: uppercase;\">Samedi 29 novembre 2014<\/h6>\n<h6 style=\"text-align: center; text-transform: uppercase;\">En pr\u00e9sence de<\/h6>\n<p style=\"text-align: center;\"><strong>Erminia Manfredi<\/strong><\/p>\n<h6 style=\"text-align: center; text-transform: uppercase;\">Intervention<\/h6>\n<p style=\"text-align: center;\"><strong>Michele Canonica<\/strong>, Pr\u00e9sident de la Societ\u00e0 Dante Alighieri \u2013 Comit\u00e9 de Paris<\/p>\n<p style=\"text-align: center;\">21h Projection du film\u00a0<strong>Miracle \u00e0 l\u2019italienne<\/strong>, Nino Manfredi, 1971, 2h02<br \/>\n(v.o. avec sous-titres en fran\u00e7ais)<\/p>\n<p style=\"text-align: center;\"><em>Benedetti Parisi est un homme qui cherche Dieu d\u00e9sesp\u00e9r\u00e9ment. Le voici r\u00e9duit \u00e0 un amas d&rsquo;os fractur\u00e9s apr\u00e8s une chute du haut d&rsquo;une falaise. Qu&rsquo;il s&rsquo;en soit jet\u00e9 ou qu&rsquo;il en soit tomb\u00e9, nul ne peut le dire. Sous l&rsquo;effet de l&rsquo;anesth\u00e9sie, il revit quelques passages de sa vie&#8230;<\/em><\/p>\n<p style=\"text-align: center;\"><strong>Samedi 29 novembre 2014<\/strong><br \/>\nD\u00e9but des interventions \u00e0 20h30<br \/>\nProjection du film Miracle \u00e0 l&rsquo;italienne \u00e0 21h<\/p>\n<p style=\"text-align: center;\"><strong>Cin\u00e9ma L\u2019Arlequin<\/strong><br \/>\n17, rue Conseiller Collignon<br \/>\n75116 Paris<\/p>\n<h6 style=\"text-align: center;\">Samedi 29 novembre 2014<\/h6>\n<div class=\"interventi\" style=\"text-align: center;\">\n<h6 style=\"text-align: center; text-transform: uppercase;\">En pr\u00e9sence de<\/h6>\n<p><strong>Claudia Cardinale, Jean Gili<\/strong>\u00a0et\u00a0<strong>Erminia Manfredi<\/strong><\/p>\n<h6 style=\"text-align: center; text-transform: uppercase;\">Intervention<\/h6>\n<p><strong>Michele Canonica<\/strong>, Pr\u00e9sident de la Societ\u00e0 Dante Alighieri \u2013 Comit\u00e9 de Paris<\/p>\n<\/div>\n<p style=\"text-align: center;\">18h-20h30 Projection du film\u00a0<strong>Pinocchio<\/strong>, Luigi Comencini, 1972, v.f., 2h15<\/p>\n<p style=\"text-align: center;\"><em>Geppetto est un pauvre menuiser italien vivant seul : il n&rsquo;a jamais eu d&rsquo;enfant. Un soir dans sa chaumi\u00e8re, alors que la solitude l&rsquo;accable plus que d&rsquo;ordinaire, il fabrique un pantin articul\u00e9 qu&rsquo;il nomme Pinocchio. La nuit venue, la f\u00e9e bleue sensible \u00e0 la d\u00e9tresse du vieil homme, donne vie \u00e0 la marionnette&#8230;<\/em><\/p>\n<p style=\"text-align: center;\">21h-23h Projection du film\u00a0<strong>Les conspirateurs \/ Nell\u2019anno del Signore<\/strong>, Luigi Magni, 1969, v.f., 2h02<br \/>\nFilm avec Nino Manfredi, Enrico Maria Salerno, Claudia Cardinale Robert Hossein, Ugo Tognazzi, Alberto Sordi<\/p>\n<p style=\"text-align: center;\"><em>Rome, 1825. Deux r\u00e9volutionnaires \u00ab\u00a0carbonari\u00a0\u00bb sont charg\u00e9s d&rsquo;assassiner le Prince Spada, ancien \u00ab\u00a0carbonaro\u00a0\u00bb qui a trahi leur cause. Mais ils ne font que le blesser. Le Prince les d\u00e9nonce alors et ils sont aussit\u00f4t arr\u00eat\u00e9s&#8230;<\/em><\/p>\n<p style=\"text-align: center;\"><strong>Dimanche 30 novembre 2014<\/strong><br \/>\nProjection du film Pinocchio de 18h \u00e0 20h30<br \/>\nInterventions de 20h30 \u00e0 21h<br \/>\nProjection du film Les Conspirateurs de 21h \u00e0 23h<\/p>\n<p style=\"text-align: center;\"><strong>Cin\u00e9ma L\u2019Arlequin<\/strong><br \/>\n17, rue Conseiller Collignon<br \/>\n75116 Paris<\/p>\n","protected":false},"excerpt":{"rendered":"<p>NINO! Hommage \u00e0 Nino Manfredi Samedi 29 novembre 2014 En pr\u00e9sence de Erminia Manfredi Intervention Michele Canonica, Pr\u00e9sident de la Societ\u00e0 Dante Alighieri \u2013 Comit\u00e9 de Paris 21h Projection du film\u00a0Miracle \u00e0 l\u2019italienne, Nino Manfredi, 1971, 2h02 (v.o. avec sous-titres en fran\u00e7ais) Benedetti Parisi est un homme qui cherche Dieu d\u00e9sesp\u00e9r\u00e9ment. Le voici r\u00e9duit \u00e0 [&hellip;]<\/p>\n","protected":false},"author":4,"featured_media":0,"comment_status":"open","ping_status":"open","sticky":false,"template":"","format":"image","meta":{"disable_featured_image":false,"_themeisle_gutenberg_block_has_review":false},"categories":[5],"tags":[],"yoast_head":"<!-- This site is optimized with the Yoast SEO plugin v20.1 - https:\/\/yoast.com\/wordpress\/plugins\/seo\/ -->\n<title>NINO! Hommage \u00e0 Nino Manfredi - La Dante - Comit\u00e9 de Paris<\/title>\n<meta name=\"robots\" content=\"index, follow, max-snippet:-1, max-image-preview:large, max-video-preview:-1\" \/>\n<link rel=\"canonical\" href=\"https:\/\/ladante.fr\/paris\/nino-hommage-a-nino-manfredi\/\" \/>\n<meta property=\"og:locale\" content=\"fr_FR\" \/>\n<meta property=\"og:type\" content=\"article\" \/>\n<meta property=\"og:title\" content=\"NINO! Hommage \u00e0 Nino Manfredi - La Dante - Comit\u00e9 de Paris\" \/>\n<meta property=\"og:description\" content=\"NINO! Hommage \u00e0 Nino Manfredi Samedi 29 novembre 2014 En pr\u00e9sence de Erminia Manfredi Intervention Michele Canonica, Pr\u00e9sident de la Societ\u00e0 Dante Alighieri \u2013 Comit\u00e9 de Paris 21h Projection du film\u00a0Miracle \u00e0 l\u2019italienne, Nino Manfredi, 1971, 2h02 (v.o. avec sous-titres en fran\u00e7ais) Benedetti Parisi est un homme qui cherche Dieu d\u00e9sesp\u00e9r\u00e9ment. Le voici r\u00e9duit \u00e0 [&hellip;]\" \/>\n<meta property=\"og:url\" content=\"https:\/\/ladante.fr\/paris\/nino-hommage-a-nino-manfredi\/\" \/>\n<meta property=\"og:site_name\" content=\"La Dante - Comit\u00e9 de Paris\" \/>\n<meta property=\"article:published_time\" content=\"2014-10-28T08:51:26+00:00\" \/>\n<meta property=\"article:modified_time\" content=\"2018-02-10T16:55:23+00:00\" \/>\n<meta property=\"og:image\" content=\"http:\/\/ladante.fr\/wp-content\/uploads\/2018\/01\/nino.png\" \/>\n<meta name=\"author\" content=\"Mirko Venturi\" \/>\n<meta name=\"twitter:card\" content=\"summary_large_image\" \/>\n<meta name=\"twitter:label1\" content=\"\u00c9crit par\" \/>\n\t<meta name=\"twitter:data1\" content=\"Mirko Venturi\" \/>\n\t<meta name=\"twitter:label2\" content=\"Dur\u00e9e de lecture estim\u00e9e\" \/>\n\t<meta name=\"twitter:data2\" content=\"2 minutes\" \/>\n<script type=\"application\/ld+json\" class=\"yoast-schema-graph\">{\"@context\":\"https:\/\/schema.org\",\"@graph\":[{\"@type\":\"WebPage\",\"@id\":\"https:\/\/ladante.fr\/paris\/nino-hommage-a-nino-manfredi\/\",\"url\":\"https:\/\/ladante.fr\/paris\/nino-hommage-a-nino-manfredi\/\",\"name\":\"NINO! Hommage \u00e0 Nino Manfredi - La Dante - Comit\u00e9 de Paris\",\"isPartOf\":{\"@id\":\"https:\/\/ladante.fr\/paris\/#website\"},\"datePublished\":\"2014-10-28T08:51:26+00:00\",\"dateModified\":\"2018-02-10T16:55:23+00:00\",\"author\":{\"@id\":\"https:\/\/ladante.fr\/paris\/#\/schema\/person\/68aed266df313cfba1339a72069dd605\"},\"breadcrumb\":{\"@id\":\"https:\/\/ladante.fr\/paris\/nino-hommage-a-nino-manfredi\/#breadcrumb\"},\"inLanguage\":\"fr-FR\",\"potentialAction\":[{\"@type\":\"ReadAction\",\"target\":[\"https:\/\/ladante.fr\/paris\/nino-hommage-a-nino-manfredi\/\"]}]},{\"@type\":\"BreadcrumbList\",\"@id\":\"https:\/\/ladante.fr\/paris\/nino-hommage-a-nino-manfredi\/#breadcrumb\",\"itemListElement\":[{\"@type\":\"ListItem\",\"position\":1,\"name\":\"Accueil\",\"item\":\"https:\/\/ladante.fr\/paris\/\"},{\"@type\":\"ListItem\",\"position\":2,\"name\":\"NINO! Hommage \u00e0 Nino Manfredi\"}]},{\"@type\":\"WebSite\",\"@id\":\"https:\/\/ladante.fr\/paris\/#website\",\"url\":\"https:\/\/ladante.fr\/paris\/\",\"name\":\"La Dante - Comit\u00e9 de Paris\",\"description\":\"\",\"potentialAction\":[{\"@type\":\"SearchAction\",\"target\":{\"@type\":\"EntryPoint\",\"urlTemplate\":\"https:\/\/ladante.fr\/paris\/?s={search_term_string}\"},\"query-input\":\"required name=search_term_string\"}],\"inLanguage\":\"fr-FR\"},{\"@type\":\"Person\",\"@id\":\"https:\/\/ladante.fr\/paris\/#\/schema\/person\/68aed266df313cfba1339a72069dd605\",\"name\":\"Mirko Venturi\",\"image\":{\"@type\":\"ImageObject\",\"inLanguage\":\"fr-FR\",\"@id\":\"https:\/\/ladante.fr\/paris\/#\/schema\/person\/image\/\",\"url\":\"https:\/\/secure.gravatar.com\/avatar\/d317780d5a3bd99a39a42e8f53ffd443?s=96&d=mm&r=g\",\"contentUrl\":\"https:\/\/secure.gravatar.com\/avatar\/d317780d5a3bd99a39a42e8f53ffd443?s=96&d=mm&r=g\",\"caption\":\"Mirko Venturi\"},\"url\":\"https:\/\/ladante.fr\/paris\/author\/mirko\/\"}]}<\/script>\n<!-- \/ Yoast SEO plugin. -->","yoast_head_json":{"title":"NINO! Hommage \u00e0 Nino Manfredi - La Dante - Comit\u00e9 de Paris","robots":{"index":"index","follow":"follow","max-snippet":"max-snippet:-1","max-image-preview":"max-image-preview:large","max-video-preview":"max-video-preview:-1"},"canonical":"https:\/\/ladante.fr\/paris\/nino-hommage-a-nino-manfredi\/","og_locale":"fr_FR","og_type":"article","og_title":"NINO! Hommage \u00e0 Nino Manfredi - La Dante - Comit\u00e9 de Paris","og_description":"NINO! Hommage \u00e0 Nino Manfredi Samedi 29 novembre 2014 En pr\u00e9sence de Erminia Manfredi Intervention Michele Canonica, Pr\u00e9sident de la Societ\u00e0 Dante Alighieri \u2013 Comit\u00e9 de Paris 21h Projection du film\u00a0Miracle \u00e0 l\u2019italienne, Nino Manfredi, 1971, 2h02 (v.o. avec sous-titres en fran\u00e7ais) Benedetti Parisi est un homme qui cherche Dieu d\u00e9sesp\u00e9r\u00e9ment. Le voici r\u00e9duit \u00e0 [&hellip;]","og_url":"https:\/\/ladante.fr\/paris\/nino-hommage-a-nino-manfredi\/","og_site_name":"La Dante - Comit\u00e9 de Paris","article_published_time":"2014-10-28T08:51:26+00:00","article_modified_time":"2018-02-10T16:55:23+00:00","og_image":[{"url":"http:\/\/ladante.fr\/wp-content\/uploads\/2018\/01\/nino.png"}],"author":"Mirko Venturi","twitter_card":"summary_large_image","twitter_misc":{"\u00c9crit par":"Mirko Venturi","Dur\u00e9e de lecture estim\u00e9e":"2 minutes"},"schema":{"@context":"https:\/\/schema.org","@graph":[{"@type":"WebPage","@id":"https:\/\/ladante.fr\/paris\/nino-hommage-a-nino-manfredi\/","url":"https:\/\/ladante.fr\/paris\/nino-hommage-a-nino-manfredi\/","name":"NINO! Hommage \u00e0 Nino Manfredi - La Dante - Comit\u00e9 de Paris","isPartOf":{"@id":"https:\/\/ladante.fr\/paris\/#website"},"datePublished":"2014-10-28T08:51:26+00:00","dateModified":"2018-02-10T16:55:23+00:00","author":{"@id":"https:\/\/ladante.fr\/paris\/#\/schema\/person\/68aed266df313cfba1339a72069dd605"},"breadcrumb":{"@id":"https:\/\/ladante.fr\/paris\/nino-hommage-a-nino-manfredi\/#breadcrumb"},"inLanguage":"fr-FR","potentialAction":[{"@type":"ReadAction","target":["https:\/\/ladante.fr\/paris\/nino-hommage-a-nino-manfredi\/"]}]},{"@type":"BreadcrumbList","@id":"https:\/\/ladante.fr\/paris\/nino-hommage-a-nino-manfredi\/#breadcrumb","itemListElement":[{"@type":"ListItem","position":1,"name":"Accueil","item":"https:\/\/ladante.fr\/paris\/"},{"@type":"ListItem","position":2,"name":"NINO! Hommage \u00e0 Nino Manfredi"}]},{"@type":"WebSite","@id":"https:\/\/ladante.fr\/paris\/#website","url":"https:\/\/ladante.fr\/paris\/","name":"La Dante - Comit\u00e9 de Paris","description":"","potentialAction":[{"@type":"SearchAction","target":{"@type":"EntryPoint","urlTemplate":"https:\/\/ladante.fr\/paris\/?s={search_term_string}"},"query-input":"required name=search_term_string"}],"inLanguage":"fr-FR"},{"@type":"Person","@id":"https:\/\/ladante.fr\/paris\/#\/schema\/person\/68aed266df313cfba1339a72069dd605","name":"Mirko Venturi","image":{"@type":"ImageObject","inLanguage":"fr-FR","@id":"https:\/\/ladante.fr\/paris\/#\/schema\/person\/image\/","url":"https:\/\/secure.gravatar.com\/avatar\/d317780d5a3bd99a39a42e8f53ffd443?s=96&d=mm&r=g","contentUrl":"https:\/\/secure.gravatar.com\/avatar\/d317780d5a3bd99a39a42e8f53ffd443?s=96&d=mm&r=g","caption":"Mirko Venturi"},"url":"https:\/\/ladante.fr\/paris\/author\/mirko\/"}]}},"_links":{"self":[{"href":"https:\/\/ladante.fr\/paris\/wp-json\/wp\/v2\/posts\/1116"}],"collection":[{"href":"https:\/\/ladante.fr\/paris\/wp-json\/wp\/v2\/posts"}],"about":[{"href":"https:\/\/ladante.fr\/paris\/wp-json\/wp\/v2\/types\/post"}],"author":[{"embeddable":true,"href":"https:\/\/ladante.fr\/paris\/wp-json\/wp\/v2\/users\/4"}],"replies":[{"embeddable":true,"href":"https:\/\/ladante.fr\/paris\/wp-json\/wp\/v2\/comments?post=1116"}],"version-history":[{"count":2,"href":"https:\/\/ladante.fr\/paris\/wp-json\/wp\/v2\/posts\/1116\/revisions"}],"predecessor-version":[{"id":2143,"href":"https:\/\/ladante.fr\/paris\/wp-json\/wp\/v2\/posts\/1116\/revisions\/2143"}],"wp:attachment":[{"href":"https:\/\/ladante.fr\/paris\/wp-json\/wp\/v2\/media?parent=1116"}],"wp:term":[{"taxonomy":"category","embeddable":true,"href":"https:\/\/ladante.fr\/paris\/wp-json\/wp\/v2\/categories?post=1116"},{"taxonomy":"post_tag","embeddable":true,"href":"https:\/\/ladante.fr\/paris\/wp-json\/wp\/v2\/tags?post=1116"}],"curies":[{"name":"wp","href":"https:\/\/api.w.org\/{rel}","templated":true}]}}