{"id":1148,"date":"2014-11-25T10:02:33","date_gmt":"2014-11-25T09:02:33","guid":{"rendered":"http:\/\/la-dante.fr\/?p=1148"},"modified":"2018-02-10T17:51:58","modified_gmt":"2018-02-10T16:51:58","slug":"hommages-a-jacqueline-risset","status":"publish","type":"post","link":"https:\/\/ladante.fr\/paris\/hommages-a-jacqueline-risset\/","title":{"rendered":"Hommages \u00e0 Jacqueline Risset"},"content":{"rendered":"<h2 class=\"postheader\" style=\"text-align: center;\"><img style=\"font-size: 16px;\" src=\"http:\/\/ladante.fr\/wp-content\/uploads\/2018\/01\/risset-roma.png\" alt=\"Hommages \u00e0 Jacqueline Risset\" \/><\/h2>\n<h4 style=\"text-align: center; text-transform: uppercase;\">Hommages \u00e0 Jacqueline Risset<\/h4>\n<p style=\"text-align: center;\"><strong>Andrea Cavallari<\/strong>\u00a0Consul Ge\u0301ne\u0301ral d\u2019Italie a\u0300 Paris<br \/>\n<strong>Michele Canonica<\/strong>\u00a0Pre\u0301sident Societa\u0300 Dante Alighieri \u2013 Comite\u0301 de Paris<br \/>\n<strong>Marina Valensise<\/strong>\u00a0Directrice de l\u2019Institut Culturel Italien de Paris<\/p>\n<p style=\"text-align: justify;\"><em>Deux e\u0301ve\u0301nements d\u2019exception en l\u2019honneur de Jacqueline\u00a0Risset\u00a0(1936 &#8211; 2014) poe\u0300te, e\u0301crivain, critique litte\u0301raire, auteur d\u2019une traduction de re\u0301fe\u0301rence de La Divine Come\u0301die (1e\u0300re e\u0301dition, Paris 1990 ; 6e\u0300me e\u0301dition, Paris 2010), auteur d\u2019une traduction des Rimes de Dante qui vient de parai\u0302tre chez Flammarion.<\/em><\/p>\n<h4 style=\"text-align: center; text-transform: uppercase;\">En pre\u0301sence de :<\/h4>\n<p style=\"text-align: center;\"><strong>Umberto Todini<\/strong>, e\u0301poux de Jacqueline\u00a0Risset<\/p>\n<h6 style=\"text-align: center;\">Soire\u0301e au Consulat Ge\u0301ne\u0301ral d\u2019Italie<\/h6>\n<h6 style=\"text-align: center; text-transform: uppercase;\">Interventions :<\/h6>\n<p style=\"text-align: center;\"><strong>Corrado Augias<\/strong>\u00a0et\u00a0<strong>Carlo Ossola<\/strong><br \/>\nLecture de textes par\u00a0<strong>Anne Brissier\u00a0<\/strong><\/p>\n<p style=\"text-align: center;\"><strong>Mardi 25 novembre 2014 a\u0300 18h<\/strong><\/p>\n<p style=\"text-align: center;\">Consulat Ge\u0301ne\u0301ral d\u2019Italie a\u0300 Paris<br \/>\n17, rue Conseiller Collignon<br \/>\n75116 Paris<\/p>\n<h6 style=\"text-align: center;\">Colloque a\u0300 l\u2019Institut Culturel Italien \u2013 Ho\u0302tel de Galliffet<\/h6>\n<h6 style=\"text-align: center; text-transform: uppercase;\">Interventions :<\/h6>\n<p style=\"text-align: center;\"><strong>Alain Borer, Silvia Baron Supervielle, Rene\u0301 de Ceccatty, Michel Cre\u0301pu, Daria Galateria, Claudia Moatti<\/strong>\u00a0 et\u00a0<strong>Alain Veinstein<\/strong><\/p>\n<p style=\"text-align: center;\"><strong>Vendredi 12 de\u0301cembre 2014 a\u0300 18h<\/strong><\/p>\n<p style=\"text-align: center;\">Institut Culturel Italien de Paris<br \/>\n73, rue de Grenelle<br \/>\n75007 Paris<\/p>\n<div class=\"invito\" style=\"text-align: center;\"><span class=\"wf_file jcepopup noicon\"><img class=\"wf_file_icon\" src=\"http:\/\/ladante.fr\/wp-content\/uploads\/2018\/02\/pdf-1-e1517829938664.png\" alt=\"pdf\" \/><\/span><a class=\"wf_file jcepopup noicon\" title=\"Hommages \u00e0 Jacqueline Risset\" href=\"http:\/\/ladante.fr\/wp-content\/uploads\/2018\/01\/2014.11-12_Invitation_Risset.pdf\" target=\"_blank\" rel=\"noopener\"><span class=\"wf_file_text\">T\u00e9l\u00e9charger invitation<\/span><\/a><\/div>\n","protected":false},"excerpt":{"rendered":"<p>Hommages \u00e0 Jacqueline Risset Andrea Cavallari\u00a0Consul Ge\u0301ne\u0301ral d\u2019Italie a\u0300 Paris Michele Canonica\u00a0Pre\u0301sident Societa\u0300 Dante Alighieri \u2013 Comite\u0301 de Paris Marina Valensise\u00a0Directrice de l\u2019Institut Culturel Italien de Paris Deux e\u0301ve\u0301nements d\u2019exception en l\u2019honneur de Jacqueline\u00a0Risset\u00a0(1936 &#8211; 2014) poe\u0300te, e\u0301crivain, critique litte\u0301raire, auteur d\u2019une traduction de re\u0301fe\u0301rence de La Divine Come\u0301die (1e\u0300re e\u0301dition, Paris 1990 ; 6e\u0300me [&hellip;]<\/p>\n","protected":false},"author":4,"featured_media":0,"comment_status":"open","ping_status":"open","sticky":false,"template":"","format":"image","meta":{"disable_featured_image":false,"_themeisle_gutenberg_block_has_review":false},"categories":[5],"tags":[],"yoast_head":"<!-- This site is optimized with the Yoast SEO plugin v20.1 - https:\/\/yoast.com\/wordpress\/plugins\/seo\/ -->\n<title>Hommages \u00e0 Jacqueline Risset - La Dante - Comit\u00e9 de Paris<\/title>\n<meta name=\"robots\" content=\"index, follow, max-snippet:-1, max-image-preview:large, max-video-preview:-1\" \/>\n<link rel=\"canonical\" href=\"https:\/\/ladante.fr\/paris\/hommages-a-jacqueline-risset\/\" \/>\n<meta property=\"og:locale\" content=\"fr_FR\" \/>\n<meta property=\"og:type\" content=\"article\" \/>\n<meta property=\"og:title\" content=\"Hommages \u00e0 Jacqueline Risset - La Dante - Comit\u00e9 de Paris\" \/>\n<meta property=\"og:description\" content=\"Hommages \u00e0 Jacqueline Risset Andrea Cavallari\u00a0Consul Ge\u0301ne\u0301ral d\u2019Italie a\u0300 Paris Michele Canonica\u00a0Pre\u0301sident Societa\u0300 Dante Alighieri \u2013 Comite\u0301 de Paris Marina Valensise\u00a0Directrice de l\u2019Institut Culturel Italien de Paris Deux e\u0301ve\u0301nements d\u2019exception en l\u2019honneur de Jacqueline\u00a0Risset\u00a0(1936 &#8211; 2014) poe\u0300te, e\u0301crivain, critique litte\u0301raire, auteur d\u2019une traduction de re\u0301fe\u0301rence de La Divine Come\u0301die (1e\u0300re e\u0301dition, Paris 1990 ; 6e\u0300me [&hellip;]\" \/>\n<meta property=\"og:url\" content=\"https:\/\/ladante.fr\/paris\/hommages-a-jacqueline-risset\/\" \/>\n<meta property=\"og:site_name\" content=\"La Dante - Comit\u00e9 de Paris\" \/>\n<meta property=\"article:published_time\" content=\"2014-11-25T09:02:33+00:00\" \/>\n<meta property=\"article:modified_time\" content=\"2018-02-10T16:51:58+00:00\" \/>\n<meta property=\"og:image\" content=\"http:\/\/ladante.fr\/wp-content\/uploads\/2018\/01\/risset-roma.png\" \/>\n<meta name=\"author\" content=\"Mirko Venturi\" \/>\n<meta name=\"twitter:card\" content=\"summary_large_image\" \/>\n<meta name=\"twitter:label1\" content=\"\u00c9crit par\" \/>\n\t<meta name=\"twitter:data1\" content=\"Mirko Venturi\" \/>\n\t<meta name=\"twitter:label2\" content=\"Dur\u00e9e de lecture estim\u00e9e\" \/>\n\t<meta name=\"twitter:data2\" content=\"1 minute\" \/>\n<script type=\"application\/ld+json\" class=\"yoast-schema-graph\">{\"@context\":\"https:\/\/schema.org\",\"@graph\":[{\"@type\":\"WebPage\",\"@id\":\"https:\/\/ladante.fr\/paris\/hommages-a-jacqueline-risset\/\",\"url\":\"https:\/\/ladante.fr\/paris\/hommages-a-jacqueline-risset\/\",\"name\":\"Hommages \u00e0 Jacqueline Risset - La Dante - Comit\u00e9 de Paris\",\"isPartOf\":{\"@id\":\"https:\/\/ladante.fr\/paris\/#website\"},\"datePublished\":\"2014-11-25T09:02:33+00:00\",\"dateModified\":\"2018-02-10T16:51:58+00:00\",\"author\":{\"@id\":\"https:\/\/ladante.fr\/paris\/#\/schema\/person\/68aed266df313cfba1339a72069dd605\"},\"breadcrumb\":{\"@id\":\"https:\/\/ladante.fr\/paris\/hommages-a-jacqueline-risset\/#breadcrumb\"},\"inLanguage\":\"fr-FR\",\"potentialAction\":[{\"@type\":\"ReadAction\",\"target\":[\"https:\/\/ladante.fr\/paris\/hommages-a-jacqueline-risset\/\"]}]},{\"@type\":\"BreadcrumbList\",\"@id\":\"https:\/\/ladante.fr\/paris\/hommages-a-jacqueline-risset\/#breadcrumb\",\"itemListElement\":[{\"@type\":\"ListItem\",\"position\":1,\"name\":\"Accueil\",\"item\":\"https:\/\/ladante.fr\/paris\/\"},{\"@type\":\"ListItem\",\"position\":2,\"name\":\"Hommages \u00e0 Jacqueline Risset\"}]},{\"@type\":\"WebSite\",\"@id\":\"https:\/\/ladante.fr\/paris\/#website\",\"url\":\"https:\/\/ladante.fr\/paris\/\",\"name\":\"La Dante - Comit\u00e9 de Paris\",\"description\":\"\",\"potentialAction\":[{\"@type\":\"SearchAction\",\"target\":{\"@type\":\"EntryPoint\",\"urlTemplate\":\"https:\/\/ladante.fr\/paris\/?s={search_term_string}\"},\"query-input\":\"required name=search_term_string\"}],\"inLanguage\":\"fr-FR\"},{\"@type\":\"Person\",\"@id\":\"https:\/\/ladante.fr\/paris\/#\/schema\/person\/68aed266df313cfba1339a72069dd605\",\"name\":\"Mirko Venturi\",\"image\":{\"@type\":\"ImageObject\",\"inLanguage\":\"fr-FR\",\"@id\":\"https:\/\/ladante.fr\/paris\/#\/schema\/person\/image\/\",\"url\":\"https:\/\/secure.gravatar.com\/avatar\/d317780d5a3bd99a39a42e8f53ffd443?s=96&d=mm&r=g\",\"contentUrl\":\"https:\/\/secure.gravatar.com\/avatar\/d317780d5a3bd99a39a42e8f53ffd443?s=96&d=mm&r=g\",\"caption\":\"Mirko Venturi\"},\"url\":\"https:\/\/ladante.fr\/paris\/author\/mirko\/\"}]}<\/script>\n<!-- \/ Yoast SEO plugin. -->","yoast_head_json":{"title":"Hommages \u00e0 Jacqueline Risset - La Dante - Comit\u00e9 de Paris","robots":{"index":"index","follow":"follow","max-snippet":"max-snippet:-1","max-image-preview":"max-image-preview:large","max-video-preview":"max-video-preview:-1"},"canonical":"https:\/\/ladante.fr\/paris\/hommages-a-jacqueline-risset\/","og_locale":"fr_FR","og_type":"article","og_title":"Hommages \u00e0 Jacqueline Risset - La Dante - Comit\u00e9 de Paris","og_description":"Hommages \u00e0 Jacqueline Risset Andrea Cavallari\u00a0Consul Ge\u0301ne\u0301ral d\u2019Italie a\u0300 Paris Michele Canonica\u00a0Pre\u0301sident Societa\u0300 Dante Alighieri \u2013 Comite\u0301 de Paris Marina Valensise\u00a0Directrice de l\u2019Institut Culturel Italien de Paris Deux e\u0301ve\u0301nements d\u2019exception en l\u2019honneur de Jacqueline\u00a0Risset\u00a0(1936 &#8211; 2014) poe\u0300te, e\u0301crivain, critique litte\u0301raire, auteur d\u2019une traduction de re\u0301fe\u0301rence de La Divine Come\u0301die (1e\u0300re e\u0301dition, Paris 1990 ; 6e\u0300me [&hellip;]","og_url":"https:\/\/ladante.fr\/paris\/hommages-a-jacqueline-risset\/","og_site_name":"La Dante - Comit\u00e9 de Paris","article_published_time":"2014-11-25T09:02:33+00:00","article_modified_time":"2018-02-10T16:51:58+00:00","og_image":[{"url":"http:\/\/ladante.fr\/wp-content\/uploads\/2018\/01\/risset-roma.png"}],"author":"Mirko Venturi","twitter_card":"summary_large_image","twitter_misc":{"\u00c9crit par":"Mirko Venturi","Dur\u00e9e de lecture estim\u00e9e":"1 minute"},"schema":{"@context":"https:\/\/schema.org","@graph":[{"@type":"WebPage","@id":"https:\/\/ladante.fr\/paris\/hommages-a-jacqueline-risset\/","url":"https:\/\/ladante.fr\/paris\/hommages-a-jacqueline-risset\/","name":"Hommages \u00e0 Jacqueline Risset - La Dante - Comit\u00e9 de Paris","isPartOf":{"@id":"https:\/\/ladante.fr\/paris\/#website"},"datePublished":"2014-11-25T09:02:33+00:00","dateModified":"2018-02-10T16:51:58+00:00","author":{"@id":"https:\/\/ladante.fr\/paris\/#\/schema\/person\/68aed266df313cfba1339a72069dd605"},"breadcrumb":{"@id":"https:\/\/ladante.fr\/paris\/hommages-a-jacqueline-risset\/#breadcrumb"},"inLanguage":"fr-FR","potentialAction":[{"@type":"ReadAction","target":["https:\/\/ladante.fr\/paris\/hommages-a-jacqueline-risset\/"]}]},{"@type":"BreadcrumbList","@id":"https:\/\/ladante.fr\/paris\/hommages-a-jacqueline-risset\/#breadcrumb","itemListElement":[{"@type":"ListItem","position":1,"name":"Accueil","item":"https:\/\/ladante.fr\/paris\/"},{"@type":"ListItem","position":2,"name":"Hommages \u00e0 Jacqueline Risset"}]},{"@type":"WebSite","@id":"https:\/\/ladante.fr\/paris\/#website","url":"https:\/\/ladante.fr\/paris\/","name":"La Dante - Comit\u00e9 de Paris","description":"","potentialAction":[{"@type":"SearchAction","target":{"@type":"EntryPoint","urlTemplate":"https:\/\/ladante.fr\/paris\/?s={search_term_string}"},"query-input":"required name=search_term_string"}],"inLanguage":"fr-FR"},{"@type":"Person","@id":"https:\/\/ladante.fr\/paris\/#\/schema\/person\/68aed266df313cfba1339a72069dd605","name":"Mirko Venturi","image":{"@type":"ImageObject","inLanguage":"fr-FR","@id":"https:\/\/ladante.fr\/paris\/#\/schema\/person\/image\/","url":"https:\/\/secure.gravatar.com\/avatar\/d317780d5a3bd99a39a42e8f53ffd443?s=96&d=mm&r=g","contentUrl":"https:\/\/secure.gravatar.com\/avatar\/d317780d5a3bd99a39a42e8f53ffd443?s=96&d=mm&r=g","caption":"Mirko Venturi"},"url":"https:\/\/ladante.fr\/paris\/author\/mirko\/"}]}},"_links":{"self":[{"href":"https:\/\/ladante.fr\/paris\/wp-json\/wp\/v2\/posts\/1148"}],"collection":[{"href":"https:\/\/ladante.fr\/paris\/wp-json\/wp\/v2\/posts"}],"about":[{"href":"https:\/\/ladante.fr\/paris\/wp-json\/wp\/v2\/types\/post"}],"author":[{"embeddable":true,"href":"https:\/\/ladante.fr\/paris\/wp-json\/wp\/v2\/users\/4"}],"replies":[{"embeddable":true,"href":"https:\/\/ladante.fr\/paris\/wp-json\/wp\/v2\/comments?post=1148"}],"version-history":[{"count":2,"href":"https:\/\/ladante.fr\/paris\/wp-json\/wp\/v2\/posts\/1148\/revisions"}],"predecessor-version":[{"id":2138,"href":"https:\/\/ladante.fr\/paris\/wp-json\/wp\/v2\/posts\/1148\/revisions\/2138"}],"wp:attachment":[{"href":"https:\/\/ladante.fr\/paris\/wp-json\/wp\/v2\/media?parent=1148"}],"wp:term":[{"taxonomy":"category","embeddable":true,"href":"https:\/\/ladante.fr\/paris\/wp-json\/wp\/v2\/categories?post=1148"},{"taxonomy":"post_tag","embeddable":true,"href":"https:\/\/ladante.fr\/paris\/wp-json\/wp\/v2\/tags?post=1148"}],"curies":[{"name":"wp","href":"https:\/\/api.w.org\/{rel}","templated":true}]}}