{"id":1152,"date":"2014-10-30T10:09:27","date_gmt":"2014-10-30T09:09:27","guid":{"rendered":"http:\/\/la-dante.fr\/?p=1152"},"modified":"2018-02-10T17:54:10","modified_gmt":"2018-02-10T16:54:10","slug":"les-borgia-et-leur-temps","status":"publish","type":"post","link":"https:\/\/ladante.fr\/paris\/les-borgia-et-leur-temps\/","title":{"rendered":"LES BORGIA ET LEUR TEMPS"},"content":{"rendered":"<h2 class=\"postheader\" style=\"text-align: center;\"><img style=\"font-size: 16px;\" src=\"http:\/\/ladante.fr\/wp-content\/uploads\/2018\/01\/borgias.png\" alt=\"\u200bLES BORGIA ET LEUR TEMPS\" \/><\/h2>\n<h4 style=\"text-align: center; text-transform: uppercase;\">LES BORGIA ET LEUR TEMPS<\/h4>\n<h6 style=\"text-align: center; text-transform: uppercase;\">De L\u00e9onard de Vinci \u00e0 Michel-Ange<\/h6>\n<h6 style=\"text-align: center; text-transform: uppercase;\">Par\u00a0<strong>Cristina Oliosi<\/strong>, guide conf\u00e9renci\u00e8re italienne<\/h6>\n<p style=\"text-align: center;\">Professeur de la Societ\u00e0 Dante Alighieri &#8211; Comit\u00e9 de Paris<\/p>\n<p style=\"text-align: center;\"><em>Les Borgia sont-ils l\u2019incarnation des vices les plus abominables? L\u2019exposition propose de p\u00e9n\u00e9trer au c\u0153ur de cette famille fascinante qui a marqu\u00e9 la seconde moiti\u00e9 du XVe si\u00e8cle.<\/em><\/p>\n<p style=\"text-align: center;\"><strong>Samedi 22 novembre 2014, \u00e0 12h<\/strong><br \/>\nMus\u00e9e Maillol<br \/>\n59\/61 rue de Grenelle<br \/>\n75007 Paris<\/p>\n<p style=\"text-align: center;\"><strong>TARIFS<\/strong><br \/>\nAdh\u00e9rents 15 \u20ac \u00a0 \u00a0Non-adh\u00e9rents 18 \u20ac<br \/>\nLe tarif comprend le billet d&rsquo;entr\u00e9e et 1h30 de visite guid\u00e9e en langue italienne<\/p>\n<p style=\"text-align: center;\"><strong>R\u00c9SERVATIONS<br \/>\n<\/strong>01 47 05 16 26 et\u00a0<a href=\"mailto:paris@ladante.fr\">paris@ladante.fr<\/a><\/p>\n<h6 style=\"text-align: center; text-transform: uppercase;\">Nombre de places limit\u00e9<\/h6>\n","protected":false},"excerpt":{"rendered":"<p>LES BORGIA ET LEUR TEMPS De L\u00e9onard de Vinci \u00e0 Michel-Ange Par\u00a0Cristina Oliosi, guide conf\u00e9renci\u00e8re italienne Professeur de la Societ\u00e0 Dante Alighieri &#8211; Comit\u00e9 de Paris Les Borgia sont-ils l\u2019incarnation des vices les plus abominables? L\u2019exposition propose de p\u00e9n\u00e9trer au c\u0153ur de cette famille fascinante qui a marqu\u00e9 la seconde moiti\u00e9 du XVe si\u00e8cle. Samedi [&hellip;]<\/p>\n","protected":false},"author":4,"featured_media":0,"comment_status":"open","ping_status":"open","sticky":false,"template":"","format":"image","meta":{"disable_featured_image":false,"_themeisle_gutenberg_block_has_review":false},"categories":[5],"tags":[],"yoast_head":"<!-- This site is optimized with the Yoast SEO plugin v20.1 - https:\/\/yoast.com\/wordpress\/plugins\/seo\/ -->\n<title>LES BORGIA ET LEUR TEMPS - La Dante - Comit\u00e9 de Paris<\/title>\n<meta name=\"robots\" content=\"index, follow, max-snippet:-1, max-image-preview:large, max-video-preview:-1\" \/>\n<link rel=\"canonical\" href=\"https:\/\/ladante.fr\/paris\/les-borgia-et-leur-temps\/\" \/>\n<meta property=\"og:locale\" content=\"fr_FR\" \/>\n<meta property=\"og:type\" content=\"article\" \/>\n<meta property=\"og:title\" content=\"LES BORGIA ET LEUR TEMPS - La Dante - Comit\u00e9 de Paris\" \/>\n<meta property=\"og:description\" content=\"LES BORGIA ET LEUR TEMPS De L\u00e9onard de Vinci \u00e0 Michel-Ange Par\u00a0Cristina Oliosi, guide conf\u00e9renci\u00e8re italienne Professeur de la Societ\u00e0 Dante Alighieri &#8211; Comit\u00e9 de Paris Les Borgia sont-ils l\u2019incarnation des vices les plus abominables? L\u2019exposition propose de p\u00e9n\u00e9trer au c\u0153ur de cette famille fascinante qui a marqu\u00e9 la seconde moiti\u00e9 du XVe si\u00e8cle. Samedi [&hellip;]\" \/>\n<meta property=\"og:url\" content=\"https:\/\/ladante.fr\/paris\/les-borgia-et-leur-temps\/\" \/>\n<meta property=\"og:site_name\" content=\"La Dante - Comit\u00e9 de Paris\" \/>\n<meta property=\"article:published_time\" content=\"2014-10-30T09:09:27+00:00\" \/>\n<meta property=\"article:modified_time\" content=\"2018-02-10T16:54:10+00:00\" \/>\n<meta property=\"og:image\" content=\"http:\/\/ladante.fr\/wp-content\/uploads\/2018\/01\/borgias.png\" \/>\n<meta name=\"author\" content=\"Mirko Venturi\" \/>\n<meta name=\"twitter:card\" content=\"summary_large_image\" \/>\n<meta name=\"twitter:label1\" content=\"\u00c9crit par\" \/>\n\t<meta name=\"twitter:data1\" content=\"Mirko Venturi\" \/>\n\t<meta name=\"twitter:label2\" content=\"Dur\u00e9e de lecture estim\u00e9e\" \/>\n\t<meta name=\"twitter:data2\" content=\"1 minute\" \/>\n<script type=\"application\/ld+json\" class=\"yoast-schema-graph\">{\"@context\":\"https:\/\/schema.org\",\"@graph\":[{\"@type\":\"WebPage\",\"@id\":\"https:\/\/ladante.fr\/paris\/les-borgia-et-leur-temps\/\",\"url\":\"https:\/\/ladante.fr\/paris\/les-borgia-et-leur-temps\/\",\"name\":\"LES BORGIA ET LEUR TEMPS - La Dante - Comit\u00e9 de Paris\",\"isPartOf\":{\"@id\":\"https:\/\/ladante.fr\/paris\/#website\"},\"datePublished\":\"2014-10-30T09:09:27+00:00\",\"dateModified\":\"2018-02-10T16:54:10+00:00\",\"author\":{\"@id\":\"https:\/\/ladante.fr\/paris\/#\/schema\/person\/68aed266df313cfba1339a72069dd605\"},\"breadcrumb\":{\"@id\":\"https:\/\/ladante.fr\/paris\/les-borgia-et-leur-temps\/#breadcrumb\"},\"inLanguage\":\"fr-FR\",\"potentialAction\":[{\"@type\":\"ReadAction\",\"target\":[\"https:\/\/ladante.fr\/paris\/les-borgia-et-leur-temps\/\"]}]},{\"@type\":\"BreadcrumbList\",\"@id\":\"https:\/\/ladante.fr\/paris\/les-borgia-et-leur-temps\/#breadcrumb\",\"itemListElement\":[{\"@type\":\"ListItem\",\"position\":1,\"name\":\"Accueil\",\"item\":\"https:\/\/ladante.fr\/paris\/\"},{\"@type\":\"ListItem\",\"position\":2,\"name\":\"LES BORGIA ET LEUR TEMPS\"}]},{\"@type\":\"WebSite\",\"@id\":\"https:\/\/ladante.fr\/paris\/#website\",\"url\":\"https:\/\/ladante.fr\/paris\/\",\"name\":\"La Dante - Comit\u00e9 de Paris\",\"description\":\"\",\"potentialAction\":[{\"@type\":\"SearchAction\",\"target\":{\"@type\":\"EntryPoint\",\"urlTemplate\":\"https:\/\/ladante.fr\/paris\/?s={search_term_string}\"},\"query-input\":\"required name=search_term_string\"}],\"inLanguage\":\"fr-FR\"},{\"@type\":\"Person\",\"@id\":\"https:\/\/ladante.fr\/paris\/#\/schema\/person\/68aed266df313cfba1339a72069dd605\",\"name\":\"Mirko Venturi\",\"image\":{\"@type\":\"ImageObject\",\"inLanguage\":\"fr-FR\",\"@id\":\"https:\/\/ladante.fr\/paris\/#\/schema\/person\/image\/\",\"url\":\"https:\/\/secure.gravatar.com\/avatar\/d317780d5a3bd99a39a42e8f53ffd443?s=96&d=mm&r=g\",\"contentUrl\":\"https:\/\/secure.gravatar.com\/avatar\/d317780d5a3bd99a39a42e8f53ffd443?s=96&d=mm&r=g\",\"caption\":\"Mirko Venturi\"},\"url\":\"https:\/\/ladante.fr\/paris\/author\/mirko\/\"}]}<\/script>\n<!-- \/ Yoast SEO plugin. -->","yoast_head_json":{"title":"LES BORGIA ET LEUR TEMPS - La Dante - Comit\u00e9 de Paris","robots":{"index":"index","follow":"follow","max-snippet":"max-snippet:-1","max-image-preview":"max-image-preview:large","max-video-preview":"max-video-preview:-1"},"canonical":"https:\/\/ladante.fr\/paris\/les-borgia-et-leur-temps\/","og_locale":"fr_FR","og_type":"article","og_title":"LES BORGIA ET LEUR TEMPS - La Dante - Comit\u00e9 de Paris","og_description":"LES BORGIA ET LEUR TEMPS De L\u00e9onard de Vinci \u00e0 Michel-Ange Par\u00a0Cristina Oliosi, guide conf\u00e9renci\u00e8re italienne Professeur de la Societ\u00e0 Dante Alighieri &#8211; Comit\u00e9 de Paris Les Borgia sont-ils l\u2019incarnation des vices les plus abominables? L\u2019exposition propose de p\u00e9n\u00e9trer au c\u0153ur de cette famille fascinante qui a marqu\u00e9 la seconde moiti\u00e9 du XVe si\u00e8cle. Samedi [&hellip;]","og_url":"https:\/\/ladante.fr\/paris\/les-borgia-et-leur-temps\/","og_site_name":"La Dante - Comit\u00e9 de Paris","article_published_time":"2014-10-30T09:09:27+00:00","article_modified_time":"2018-02-10T16:54:10+00:00","og_image":[{"url":"http:\/\/ladante.fr\/wp-content\/uploads\/2018\/01\/borgias.png"}],"author":"Mirko Venturi","twitter_card":"summary_large_image","twitter_misc":{"\u00c9crit par":"Mirko Venturi","Dur\u00e9e de lecture estim\u00e9e":"1 minute"},"schema":{"@context":"https:\/\/schema.org","@graph":[{"@type":"WebPage","@id":"https:\/\/ladante.fr\/paris\/les-borgia-et-leur-temps\/","url":"https:\/\/ladante.fr\/paris\/les-borgia-et-leur-temps\/","name":"LES BORGIA ET LEUR TEMPS - La Dante - Comit\u00e9 de Paris","isPartOf":{"@id":"https:\/\/ladante.fr\/paris\/#website"},"datePublished":"2014-10-30T09:09:27+00:00","dateModified":"2018-02-10T16:54:10+00:00","author":{"@id":"https:\/\/ladante.fr\/paris\/#\/schema\/person\/68aed266df313cfba1339a72069dd605"},"breadcrumb":{"@id":"https:\/\/ladante.fr\/paris\/les-borgia-et-leur-temps\/#breadcrumb"},"inLanguage":"fr-FR","potentialAction":[{"@type":"ReadAction","target":["https:\/\/ladante.fr\/paris\/les-borgia-et-leur-temps\/"]}]},{"@type":"BreadcrumbList","@id":"https:\/\/ladante.fr\/paris\/les-borgia-et-leur-temps\/#breadcrumb","itemListElement":[{"@type":"ListItem","position":1,"name":"Accueil","item":"https:\/\/ladante.fr\/paris\/"},{"@type":"ListItem","position":2,"name":"LES BORGIA ET LEUR TEMPS"}]},{"@type":"WebSite","@id":"https:\/\/ladante.fr\/paris\/#website","url":"https:\/\/ladante.fr\/paris\/","name":"La Dante - Comit\u00e9 de Paris","description":"","potentialAction":[{"@type":"SearchAction","target":{"@type":"EntryPoint","urlTemplate":"https:\/\/ladante.fr\/paris\/?s={search_term_string}"},"query-input":"required name=search_term_string"}],"inLanguage":"fr-FR"},{"@type":"Person","@id":"https:\/\/ladante.fr\/paris\/#\/schema\/person\/68aed266df313cfba1339a72069dd605","name":"Mirko Venturi","image":{"@type":"ImageObject","inLanguage":"fr-FR","@id":"https:\/\/ladante.fr\/paris\/#\/schema\/person\/image\/","url":"https:\/\/secure.gravatar.com\/avatar\/d317780d5a3bd99a39a42e8f53ffd443?s=96&d=mm&r=g","contentUrl":"https:\/\/secure.gravatar.com\/avatar\/d317780d5a3bd99a39a42e8f53ffd443?s=96&d=mm&r=g","caption":"Mirko Venturi"},"url":"https:\/\/ladante.fr\/paris\/author\/mirko\/"}]}},"_links":{"self":[{"href":"https:\/\/ladante.fr\/paris\/wp-json\/wp\/v2\/posts\/1152"}],"collection":[{"href":"https:\/\/ladante.fr\/paris\/wp-json\/wp\/v2\/posts"}],"about":[{"href":"https:\/\/ladante.fr\/paris\/wp-json\/wp\/v2\/types\/post"}],"author":[{"embeddable":true,"href":"https:\/\/ladante.fr\/paris\/wp-json\/wp\/v2\/users\/4"}],"replies":[{"embeddable":true,"href":"https:\/\/ladante.fr\/paris\/wp-json\/wp\/v2\/comments?post=1152"}],"version-history":[{"count":1,"href":"https:\/\/ladante.fr\/paris\/wp-json\/wp\/v2\/posts\/1152\/revisions"}],"predecessor-version":[{"id":2141,"href":"https:\/\/ladante.fr\/paris\/wp-json\/wp\/v2\/posts\/1152\/revisions\/2141"}],"wp:attachment":[{"href":"https:\/\/ladante.fr\/paris\/wp-json\/wp\/v2\/media?parent=1152"}],"wp:term":[{"taxonomy":"category","embeddable":true,"href":"https:\/\/ladante.fr\/paris\/wp-json\/wp\/v2\/categories?post=1152"},{"taxonomy":"post_tag","embeddable":true,"href":"https:\/\/ladante.fr\/paris\/wp-json\/wp\/v2\/tags?post=1152"}],"curies":[{"name":"wp","href":"https:\/\/api.w.org\/{rel}","templated":true}]}}