{"id":1159,"date":"2014-10-18T10:18:36","date_gmt":"2014-10-18T08:18:36","guid":{"rendered":"http:\/\/la-dante.fr\/?p=1159"},"modified":"2018-02-10T17:58:40","modified_gmt":"2018-02-10T16:58:40","slug":"les-liaisons-heureuses-inauguration-de-la-salle-de-spectacle-du-lycee-italien-leonardo-da-vinci","status":"publish","type":"post","link":"https:\/\/ladante.fr\/paris\/les-liaisons-heureuses-inauguration-de-la-salle-de-spectacle-du-lycee-italien-leonardo-da-vinci\/","title":{"rendered":"LES LIAISONS HEUREUSES : INAUGURATION DE LA SALLE DE SPECTACLE DU LYC\u00c9E ITALIEN &quot;LEONARDO DA VINCI&quot;"},"content":{"rendered":"<h2 class=\"postheader\" style=\"text-align: center;\"><img style=\"font-size: 16px;\" src=\"http:\/\/ladante.fr\/wp-content\/uploads\/2018\/01\/lycee-italien-paris.png\" alt=\"INAUGURATION DE LA SALLE DE SPECTACLE DU LYC\u00c9E ITALIEN \" \/><\/h2>\n<h4 style=\"text-align: center; text-transform: uppercase;\">LES LIAISONS HEUREUSES<br \/>\nINAUGURATION DE LA SALLE DE SPECTACLE<br \/>\nDU LYC\u00c9E ITALIEN\u00a0\u00ab\u00a0LEONARDO DA VINCI\u00a0\u00bb<\/h4>\n<h6 style=\"text-align: center; text-transform: uppercase;\">Interventions<\/h6>\n<p style=\"text-align: center;\"><strong>Aurelio Alaimo<\/strong>, Proviseur du Lyc\u00e9e italien de Paris<br \/>\n<strong>Michele Canonica<\/strong>, Pr\u00e9sident de la Societ\u00e0 Dante Alighieri &#8211; Comit\u00e9 de Paris<br \/>\n<strong>Ferdinando Ceriani<\/strong>, Responsable artistique du projet<br \/>\n<strong>Maurizio Scaparro<\/strong>, Directeur artistique du projet<\/p>\n<h6 style=\"text-align: center; text-transform: uppercase;\">En pr\u00e9sence de<\/h6>\n<p style=\"text-align: center;\"><strong>Andrea Cavallari<\/strong>,<strong>\u00a0<\/strong>Consul G\u00e9n\u00e9ral d&rsquo;Italie \u00e0 Paris<\/p>\n<p style=\"text-align: center;\"><em>Parmi les points les plus significatifs du projet \u00ab\u00a0Les liaisons Heureuses\u00a0\u00bb, il y a le r\u00e9am\u00e9nagement du gymnase du lyc\u00e9e italien de Paris afin de lui rendre ses fonctions de salle de spectacle et accueillir des \u00e9v\u00e9nements artistiques et culturels.<\/em><\/p>\n<p style=\"text-align: center;\">Apr\u00e8s les interventions, projection du film\u00a0<em>L&rsquo;ultimo Pulcinella<\/em>\u00a0de Maurizio Scaparro avec Massimo Ranieri, Adriana Asti et Jean Sorel.<\/p>\n<p style=\"text-align: center;\"><strong>Lundi 17 novembre 2014, \u00e0 10h<\/strong><br \/>\nLyc\u00e9e italien \u00ab\u00a0Leonardo da Vinci\u00a0\u00bb<br \/>\n12 bis rue S\u00e9dillot<br \/>\n75007 Paris<\/p>\n","protected":false},"excerpt":{"rendered":"<p>LES LIAISONS HEUREUSES INAUGURATION DE LA SALLE DE SPECTACLE DU LYC\u00c9E ITALIEN\u00a0\u00ab\u00a0LEONARDO DA VINCI\u00a0\u00bb Interventions Aurelio Alaimo, Proviseur du Lyc\u00e9e italien de Paris Michele Canonica, Pr\u00e9sident de la Societ\u00e0 Dante Alighieri &#8211; Comit\u00e9 de Paris Ferdinando Ceriani, Responsable artistique du projet Maurizio Scaparro, Directeur artistique du projet En pr\u00e9sence de Andrea Cavallari,\u00a0Consul G\u00e9n\u00e9ral d&rsquo;Italie \u00e0 [&hellip;]<\/p>\n","protected":false},"author":4,"featured_media":0,"comment_status":"open","ping_status":"open","sticky":false,"template":"","format":"image","meta":{"disable_featured_image":false,"_themeisle_gutenberg_block_has_review":false},"categories":[5],"tags":[],"yoast_head":"<!-- This site is optimized with the Yoast SEO plugin v20.1 - https:\/\/yoast.com\/wordpress\/plugins\/seo\/ -->\n<title>LES LIAISONS HEUREUSES : INAUGURATION DE LA SALLE DE SPECTACLE DU LYC\u00c9E ITALIEN &quot;LEONARDO DA VINCI&quot; - La Dante - Comit\u00e9 de Paris<\/title>\n<meta name=\"robots\" content=\"index, follow, max-snippet:-1, max-image-preview:large, max-video-preview:-1\" \/>\n<link rel=\"canonical\" href=\"https:\/\/ladante.fr\/paris\/les-liaisons-heureuses-inauguration-de-la-salle-de-spectacle-du-lycee-italien-leonardo-da-vinci\/\" \/>\n<meta property=\"og:locale\" content=\"fr_FR\" \/>\n<meta property=\"og:type\" content=\"article\" \/>\n<meta property=\"og:title\" content=\"LES LIAISONS HEUREUSES : INAUGURATION DE LA SALLE DE SPECTACLE DU LYC\u00c9E ITALIEN &quot;LEONARDO DA VINCI&quot; - La Dante - Comit\u00e9 de Paris\" \/>\n<meta property=\"og:description\" content=\"LES LIAISONS HEUREUSES INAUGURATION DE LA SALLE DE SPECTACLE DU LYC\u00c9E ITALIEN\u00a0\u00ab\u00a0LEONARDO DA VINCI\u00a0\u00bb Interventions Aurelio Alaimo, Proviseur du Lyc\u00e9e italien de Paris Michele Canonica, Pr\u00e9sident de la Societ\u00e0 Dante Alighieri &#8211; Comit\u00e9 de Paris Ferdinando Ceriani, Responsable artistique du projet Maurizio Scaparro, Directeur artistique du projet En pr\u00e9sence de Andrea Cavallari,\u00a0Consul G\u00e9n\u00e9ral d&rsquo;Italie \u00e0 [&hellip;]\" \/>\n<meta property=\"og:url\" content=\"https:\/\/ladante.fr\/paris\/les-liaisons-heureuses-inauguration-de-la-salle-de-spectacle-du-lycee-italien-leonardo-da-vinci\/\" \/>\n<meta property=\"og:site_name\" content=\"La Dante - Comit\u00e9 de Paris\" \/>\n<meta property=\"article:published_time\" content=\"2014-10-18T08:18:36+00:00\" \/>\n<meta property=\"article:modified_time\" content=\"2018-02-10T16:58:40+00:00\" \/>\n<meta property=\"og:image\" content=\"http:\/\/ladante.fr\/wp-content\/uploads\/2018\/01\/lycee-italien-paris.png\" \/>\n<meta name=\"author\" content=\"Mirko Venturi\" \/>\n<meta name=\"twitter:card\" content=\"summary_large_image\" \/>\n<meta name=\"twitter:label1\" content=\"\u00c9crit par\" \/>\n\t<meta name=\"twitter:data1\" content=\"Mirko Venturi\" \/>\n\t<meta name=\"twitter:label2\" content=\"Dur\u00e9e de lecture estim\u00e9e\" \/>\n\t<meta name=\"twitter:data2\" content=\"1 minute\" \/>\n<script type=\"application\/ld+json\" class=\"yoast-schema-graph\">{\"@context\":\"https:\/\/schema.org\",\"@graph\":[{\"@type\":\"WebPage\",\"@id\":\"https:\/\/ladante.fr\/paris\/les-liaisons-heureuses-inauguration-de-la-salle-de-spectacle-du-lycee-italien-leonardo-da-vinci\/\",\"url\":\"https:\/\/ladante.fr\/paris\/les-liaisons-heureuses-inauguration-de-la-salle-de-spectacle-du-lycee-italien-leonardo-da-vinci\/\",\"name\":\"LES LIAISONS HEUREUSES : INAUGURATION DE LA SALLE DE SPECTACLE DU LYC\u00c9E ITALIEN &quot;LEONARDO DA VINCI&quot; - La Dante - Comit\u00e9 de Paris\",\"isPartOf\":{\"@id\":\"https:\/\/ladante.fr\/paris\/#website\"},\"datePublished\":\"2014-10-18T08:18:36+00:00\",\"dateModified\":\"2018-02-10T16:58:40+00:00\",\"author\":{\"@id\":\"https:\/\/ladante.fr\/paris\/#\/schema\/person\/68aed266df313cfba1339a72069dd605\"},\"breadcrumb\":{\"@id\":\"https:\/\/ladante.fr\/paris\/les-liaisons-heureuses-inauguration-de-la-salle-de-spectacle-du-lycee-italien-leonardo-da-vinci\/#breadcrumb\"},\"inLanguage\":\"fr-FR\",\"potentialAction\":[{\"@type\":\"ReadAction\",\"target\":[\"https:\/\/ladante.fr\/paris\/les-liaisons-heureuses-inauguration-de-la-salle-de-spectacle-du-lycee-italien-leonardo-da-vinci\/\"]}]},{\"@type\":\"BreadcrumbList\",\"@id\":\"https:\/\/ladante.fr\/paris\/les-liaisons-heureuses-inauguration-de-la-salle-de-spectacle-du-lycee-italien-leonardo-da-vinci\/#breadcrumb\",\"itemListElement\":[{\"@type\":\"ListItem\",\"position\":1,\"name\":\"Accueil\",\"item\":\"https:\/\/ladante.fr\/paris\/\"},{\"@type\":\"ListItem\",\"position\":2,\"name\":\"LES LIAISONS HEUREUSES : INAUGURATION DE LA SALLE DE SPECTACLE DU LYC\u00c9E ITALIEN &quot;LEONARDO DA VINCI&quot;\"}]},{\"@type\":\"WebSite\",\"@id\":\"https:\/\/ladante.fr\/paris\/#website\",\"url\":\"https:\/\/ladante.fr\/paris\/\",\"name\":\"La Dante - Comit\u00e9 de Paris\",\"description\":\"\",\"potentialAction\":[{\"@type\":\"SearchAction\",\"target\":{\"@type\":\"EntryPoint\",\"urlTemplate\":\"https:\/\/ladante.fr\/paris\/?s={search_term_string}\"},\"query-input\":\"required name=search_term_string\"}],\"inLanguage\":\"fr-FR\"},{\"@type\":\"Person\",\"@id\":\"https:\/\/ladante.fr\/paris\/#\/schema\/person\/68aed266df313cfba1339a72069dd605\",\"name\":\"Mirko Venturi\",\"image\":{\"@type\":\"ImageObject\",\"inLanguage\":\"fr-FR\",\"@id\":\"https:\/\/ladante.fr\/paris\/#\/schema\/person\/image\/\",\"url\":\"https:\/\/secure.gravatar.com\/avatar\/d317780d5a3bd99a39a42e8f53ffd443?s=96&d=mm&r=g\",\"contentUrl\":\"https:\/\/secure.gravatar.com\/avatar\/d317780d5a3bd99a39a42e8f53ffd443?s=96&d=mm&r=g\",\"caption\":\"Mirko Venturi\"},\"url\":\"https:\/\/ladante.fr\/paris\/author\/mirko\/\"}]}<\/script>\n<!-- \/ Yoast SEO plugin. -->","yoast_head_json":{"title":"LES LIAISONS HEUREUSES : INAUGURATION DE LA SALLE DE SPECTACLE DU LYC\u00c9E ITALIEN &quot;LEONARDO DA VINCI&quot; - La Dante - Comit\u00e9 de Paris","robots":{"index":"index","follow":"follow","max-snippet":"max-snippet:-1","max-image-preview":"max-image-preview:large","max-video-preview":"max-video-preview:-1"},"canonical":"https:\/\/ladante.fr\/paris\/les-liaisons-heureuses-inauguration-de-la-salle-de-spectacle-du-lycee-italien-leonardo-da-vinci\/","og_locale":"fr_FR","og_type":"article","og_title":"LES LIAISONS HEUREUSES : INAUGURATION DE LA SALLE DE SPECTACLE DU LYC\u00c9E ITALIEN &quot;LEONARDO DA VINCI&quot; - La Dante - Comit\u00e9 de Paris","og_description":"LES LIAISONS HEUREUSES INAUGURATION DE LA SALLE DE SPECTACLE DU LYC\u00c9E ITALIEN\u00a0\u00ab\u00a0LEONARDO DA VINCI\u00a0\u00bb Interventions Aurelio Alaimo, Proviseur du Lyc\u00e9e italien de Paris Michele Canonica, Pr\u00e9sident de la Societ\u00e0 Dante Alighieri &#8211; Comit\u00e9 de Paris Ferdinando Ceriani, Responsable artistique du projet Maurizio Scaparro, Directeur artistique du projet En pr\u00e9sence de Andrea Cavallari,\u00a0Consul G\u00e9n\u00e9ral d&rsquo;Italie \u00e0 [&hellip;]","og_url":"https:\/\/ladante.fr\/paris\/les-liaisons-heureuses-inauguration-de-la-salle-de-spectacle-du-lycee-italien-leonardo-da-vinci\/","og_site_name":"La Dante - Comit\u00e9 de Paris","article_published_time":"2014-10-18T08:18:36+00:00","article_modified_time":"2018-02-10T16:58:40+00:00","og_image":[{"url":"http:\/\/ladante.fr\/wp-content\/uploads\/2018\/01\/lycee-italien-paris.png"}],"author":"Mirko Venturi","twitter_card":"summary_large_image","twitter_misc":{"\u00c9crit par":"Mirko Venturi","Dur\u00e9e de lecture estim\u00e9e":"1 minute"},"schema":{"@context":"https:\/\/schema.org","@graph":[{"@type":"WebPage","@id":"https:\/\/ladante.fr\/paris\/les-liaisons-heureuses-inauguration-de-la-salle-de-spectacle-du-lycee-italien-leonardo-da-vinci\/","url":"https:\/\/ladante.fr\/paris\/les-liaisons-heureuses-inauguration-de-la-salle-de-spectacle-du-lycee-italien-leonardo-da-vinci\/","name":"LES LIAISONS HEUREUSES : INAUGURATION DE LA SALLE DE SPECTACLE DU LYC\u00c9E ITALIEN &quot;LEONARDO DA VINCI&quot; - La Dante - Comit\u00e9 de Paris","isPartOf":{"@id":"https:\/\/ladante.fr\/paris\/#website"},"datePublished":"2014-10-18T08:18:36+00:00","dateModified":"2018-02-10T16:58:40+00:00","author":{"@id":"https:\/\/ladante.fr\/paris\/#\/schema\/person\/68aed266df313cfba1339a72069dd605"},"breadcrumb":{"@id":"https:\/\/ladante.fr\/paris\/les-liaisons-heureuses-inauguration-de-la-salle-de-spectacle-du-lycee-italien-leonardo-da-vinci\/#breadcrumb"},"inLanguage":"fr-FR","potentialAction":[{"@type":"ReadAction","target":["https:\/\/ladante.fr\/paris\/les-liaisons-heureuses-inauguration-de-la-salle-de-spectacle-du-lycee-italien-leonardo-da-vinci\/"]}]},{"@type":"BreadcrumbList","@id":"https:\/\/ladante.fr\/paris\/les-liaisons-heureuses-inauguration-de-la-salle-de-spectacle-du-lycee-italien-leonardo-da-vinci\/#breadcrumb","itemListElement":[{"@type":"ListItem","position":1,"name":"Accueil","item":"https:\/\/ladante.fr\/paris\/"},{"@type":"ListItem","position":2,"name":"LES LIAISONS HEUREUSES : INAUGURATION DE LA SALLE DE SPECTACLE DU LYC\u00c9E ITALIEN &quot;LEONARDO DA VINCI&quot;"}]},{"@type":"WebSite","@id":"https:\/\/ladante.fr\/paris\/#website","url":"https:\/\/ladante.fr\/paris\/","name":"La Dante - Comit\u00e9 de Paris","description":"","potentialAction":[{"@type":"SearchAction","target":{"@type":"EntryPoint","urlTemplate":"https:\/\/ladante.fr\/paris\/?s={search_term_string}"},"query-input":"required name=search_term_string"}],"inLanguage":"fr-FR"},{"@type":"Person","@id":"https:\/\/ladante.fr\/paris\/#\/schema\/person\/68aed266df313cfba1339a72069dd605","name":"Mirko Venturi","image":{"@type":"ImageObject","inLanguage":"fr-FR","@id":"https:\/\/ladante.fr\/paris\/#\/schema\/person\/image\/","url":"https:\/\/secure.gravatar.com\/avatar\/d317780d5a3bd99a39a42e8f53ffd443?s=96&d=mm&r=g","contentUrl":"https:\/\/secure.gravatar.com\/avatar\/d317780d5a3bd99a39a42e8f53ffd443?s=96&d=mm&r=g","caption":"Mirko Venturi"},"url":"https:\/\/ladante.fr\/paris\/author\/mirko\/"}]}},"_links":{"self":[{"href":"https:\/\/ladante.fr\/paris\/wp-json\/wp\/v2\/posts\/1159"}],"collection":[{"href":"https:\/\/ladante.fr\/paris\/wp-json\/wp\/v2\/posts"}],"about":[{"href":"https:\/\/ladante.fr\/paris\/wp-json\/wp\/v2\/types\/post"}],"author":[{"embeddable":true,"href":"https:\/\/ladante.fr\/paris\/wp-json\/wp\/v2\/users\/4"}],"replies":[{"embeddable":true,"href":"https:\/\/ladante.fr\/paris\/wp-json\/wp\/v2\/comments?post=1159"}],"version-history":[{"count":1,"href":"https:\/\/ladante.fr\/paris\/wp-json\/wp\/v2\/posts\/1159\/revisions"}],"predecessor-version":[{"id":2145,"href":"https:\/\/ladante.fr\/paris\/wp-json\/wp\/v2\/posts\/1159\/revisions\/2145"}],"wp:attachment":[{"href":"https:\/\/ladante.fr\/paris\/wp-json\/wp\/v2\/media?parent=1159"}],"wp:term":[{"taxonomy":"category","embeddable":true,"href":"https:\/\/ladante.fr\/paris\/wp-json\/wp\/v2\/categories?post=1159"},{"taxonomy":"post_tag","embeddable":true,"href":"https:\/\/ladante.fr\/paris\/wp-json\/wp\/v2\/tags?post=1159"}],"curies":[{"name":"wp","href":"https:\/\/api.w.org\/{rel}","templated":true}]}}