{"id":1210,"date":"2014-03-02T11:09:15","date_gmt":"2014-03-02T10:09:15","guid":{"rendered":"http:\/\/la-dante.fr\/?p=1210"},"modified":"2018-02-10T18:46:45","modified_gmt":"2018-02-10T17:46:45","slug":"nos-prochaines-trente-annees-defis-taches-et-objectifs-des-revues-culturelles","status":"publish","type":"post","link":"https:\/\/ladante.fr\/paris\/nos-prochaines-trente-annees-defis-taches-et-objectifs-des-revues-culturelles\/","title":{"rendered":"NOS PROCHAINES TRENTE ANN\u00c9ES &#8211; D\u00e9fis, t\u00e2ches et objectifs des revues culturelles"},"content":{"rendered":"<h2 class=\"postheader\" style=\"text-align: center;\"><img style=\"font-size: 16px;\" src=\"http:\/\/ladante.fr\/wp-content\/uploads\/2018\/01\/indice.png\" alt=\"NOS PROCHAINES TRENTE ANN\u00c9ES - D\u00e9fis, t\u00e2ches et objectifs des revues culturelles\" \/><\/h2>\n<h4 style=\"text-align: center; text-transform: uppercase;\">NOS PROCHAINES TRENTE ANN\u00c9ES<\/h4>\n<h6 style=\"text-align: center; text-transform: uppercase;\">D\u00e9fis, t\u00e2ches et objectifs des revues culturelles<\/h6>\n<h6 style=\"text-align: center; text-transform: uppercase;\">Interventions<\/h6>\n<p style=\"text-align: center;\"><strong>Marc Lazar<\/strong>, historien et politologue, professeur \u00e0 Sciences Po et \u00e0 la Luiss (Rome)<br \/>\n<strong>Pierre Pachet<\/strong>, membre du comit\u00e9 de r\u00e9daction de \u00ab\u00a0La Quinzaine litt\u00e9raire\u00a0\u00bb<br \/>\n<strong>Daniel Vernet<\/strong>, ancien directeur de la r\u00e9daction du quotidien \u00ab\u00a0Le Monde\u00a0\u00bb<\/p>\n<h6 style=\"text-align: center; text-transform: uppercase;\">Pour L&rsquo;INDICE<\/h6>\n<p style=\"text-align: center;\"><strong>Gian Giacomo Migone<\/strong>, fondateur et premier directeur de la revue<br \/>\n<strong>Mario Montalcini<\/strong>, administrateur d\u00e9l\u00e9gu\u00e9<br \/>\n<strong>Elena Rossi<\/strong>\u00a0et\u00a0<strong>Massimo Vallerani<\/strong>\u00a0du comit\u00e9 scientifique de la revue<\/p>\n<h6 style=\"text-align: center; text-transform: uppercase;\">Entr\u00e9e libre<\/h6>\n<p style=\"text-align: center;\"><strong>Mercredi 26 mars 2014, \u00e0 18h30<\/strong><\/p>\n<p style=\"text-align: center;\">Maison de l&rsquo;Italie &#8211; Cit\u00e9 Internationale Universitaire de Paris<br \/>\n7A boulevard Jourdan<br \/>\n75014 Paris<\/p>\n<div class=\"invito\" style=\"text-align: center;\">\n<p><span class=\"wf_file jcepopup noicon\"><img class=\"wf_file_icon\" src=\"http:\/\/ladante.fr\/wp-content\/uploads\/2018\/02\/pdf-1-e1517829938664.png\" alt=\"pdf\" \/><\/span><a class=\"wf_file jcepopup noicon\" title=\"NOS PROCHAINES TRENTE ANN\u00c9ES - D\u00e9fis, t\u00e2ches et objectifs des revues culturelles\" href=\"http:\/\/ladante.fr\/wp-content\/uploads\/2018\/01\/2014.03.26_Invitation_LIndice_a_Paris.pdf\" target=\"_blank\" rel=\"noopener\" data-mediabox=\"width[1024];height[768];title[NOS PROCHAINES TRENTE ANN\u00c9ES - D\u00e9fis, t\u00e2ches et objectifs des revues culturelles]\"><span class=\"wf_file\"><span class=\"wf_file_text\">T\u00e9l\u00e9charger invitation<\/span><\/span><\/a><\/p>\n<\/div>\n","protected":false},"excerpt":{"rendered":"<p>NOS PROCHAINES TRENTE ANN\u00c9ES D\u00e9fis, t\u00e2ches et objectifs des revues culturelles Interventions Marc Lazar, historien et politologue, professeur \u00e0 Sciences Po et \u00e0 la Luiss (Rome) Pierre Pachet, membre du comit\u00e9 de r\u00e9daction de \u00ab\u00a0La Quinzaine litt\u00e9raire\u00a0\u00bb Daniel Vernet, ancien directeur de la r\u00e9daction du quotidien \u00ab\u00a0Le Monde\u00a0\u00bb Pour L&rsquo;INDICE Gian Giacomo Migone, fondateur et [&hellip;]<\/p>\n","protected":false},"author":4,"featured_media":0,"comment_status":"open","ping_status":"open","sticky":false,"template":"","format":"image","meta":{"disable_featured_image":false,"_themeisle_gutenberg_block_has_review":false},"categories":[5],"tags":[],"yoast_head":"<!-- This site is optimized with the Yoast SEO plugin v20.1 - https:\/\/yoast.com\/wordpress\/plugins\/seo\/ -->\n<title>NOS PROCHAINES TRENTE ANN\u00c9ES - D\u00e9fis, t\u00e2ches et objectifs des revues culturelles - La Dante - Comit\u00e9 de Paris<\/title>\n<meta name=\"robots\" content=\"index, follow, max-snippet:-1, max-image-preview:large, max-video-preview:-1\" \/>\n<link rel=\"canonical\" href=\"https:\/\/ladante.fr\/paris\/nos-prochaines-trente-annees-defis-taches-et-objectifs-des-revues-culturelles\/\" \/>\n<meta property=\"og:locale\" content=\"fr_FR\" \/>\n<meta property=\"og:type\" content=\"article\" \/>\n<meta property=\"og:title\" content=\"NOS PROCHAINES TRENTE ANN\u00c9ES - D\u00e9fis, t\u00e2ches et objectifs des revues culturelles - La Dante - Comit\u00e9 de Paris\" \/>\n<meta property=\"og:description\" content=\"NOS PROCHAINES TRENTE ANN\u00c9ES D\u00e9fis, t\u00e2ches et objectifs des revues culturelles Interventions Marc Lazar, historien et politologue, professeur \u00e0 Sciences Po et \u00e0 la Luiss (Rome) Pierre Pachet, membre du comit\u00e9 de r\u00e9daction de \u00ab\u00a0La Quinzaine litt\u00e9raire\u00a0\u00bb Daniel Vernet, ancien directeur de la r\u00e9daction du quotidien \u00ab\u00a0Le Monde\u00a0\u00bb Pour L&rsquo;INDICE Gian Giacomo Migone, fondateur et [&hellip;]\" \/>\n<meta property=\"og:url\" content=\"https:\/\/ladante.fr\/paris\/nos-prochaines-trente-annees-defis-taches-et-objectifs-des-revues-culturelles\/\" \/>\n<meta property=\"og:site_name\" content=\"La Dante - Comit\u00e9 de Paris\" \/>\n<meta property=\"article:published_time\" content=\"2014-03-02T10:09:15+00:00\" \/>\n<meta property=\"article:modified_time\" content=\"2018-02-10T17:46:45+00:00\" \/>\n<meta property=\"og:image\" content=\"http:\/\/ladante.fr\/wp-content\/uploads\/2018\/01\/indice.png\" \/>\n<meta name=\"author\" content=\"Mirko Venturi\" \/>\n<meta name=\"twitter:card\" content=\"summary_large_image\" \/>\n<meta name=\"twitter:label1\" content=\"\u00c9crit par\" \/>\n\t<meta name=\"twitter:data1\" content=\"Mirko Venturi\" \/>\n\t<meta name=\"twitter:label2\" content=\"Dur\u00e9e de lecture estim\u00e9e\" \/>\n\t<meta name=\"twitter:data2\" content=\"1 minute\" \/>\n<script type=\"application\/ld+json\" class=\"yoast-schema-graph\">{\"@context\":\"https:\/\/schema.org\",\"@graph\":[{\"@type\":\"WebPage\",\"@id\":\"https:\/\/ladante.fr\/paris\/nos-prochaines-trente-annees-defis-taches-et-objectifs-des-revues-culturelles\/\",\"url\":\"https:\/\/ladante.fr\/paris\/nos-prochaines-trente-annees-defis-taches-et-objectifs-des-revues-culturelles\/\",\"name\":\"NOS PROCHAINES TRENTE ANN\u00c9ES - D\u00e9fis, t\u00e2ches et objectifs des revues culturelles - La Dante - Comit\u00e9 de Paris\",\"isPartOf\":{\"@id\":\"https:\/\/ladante.fr\/paris\/#website\"},\"datePublished\":\"2014-03-02T10:09:15+00:00\",\"dateModified\":\"2018-02-10T17:46:45+00:00\",\"author\":{\"@id\":\"https:\/\/ladante.fr\/paris\/#\/schema\/person\/68aed266df313cfba1339a72069dd605\"},\"breadcrumb\":{\"@id\":\"https:\/\/ladante.fr\/paris\/nos-prochaines-trente-annees-defis-taches-et-objectifs-des-revues-culturelles\/#breadcrumb\"},\"inLanguage\":\"fr-FR\",\"potentialAction\":[{\"@type\":\"ReadAction\",\"target\":[\"https:\/\/ladante.fr\/paris\/nos-prochaines-trente-annees-defis-taches-et-objectifs-des-revues-culturelles\/\"]}]},{\"@type\":\"BreadcrumbList\",\"@id\":\"https:\/\/ladante.fr\/paris\/nos-prochaines-trente-annees-defis-taches-et-objectifs-des-revues-culturelles\/#breadcrumb\",\"itemListElement\":[{\"@type\":\"ListItem\",\"position\":1,\"name\":\"Accueil\",\"item\":\"https:\/\/ladante.fr\/paris\/\"},{\"@type\":\"ListItem\",\"position\":2,\"name\":\"NOS PROCHAINES TRENTE ANN\u00c9ES &#8211; D\u00e9fis, t\u00e2ches et objectifs des revues culturelles\"}]},{\"@type\":\"WebSite\",\"@id\":\"https:\/\/ladante.fr\/paris\/#website\",\"url\":\"https:\/\/ladante.fr\/paris\/\",\"name\":\"La Dante - Comit\u00e9 de Paris\",\"description\":\"\",\"potentialAction\":[{\"@type\":\"SearchAction\",\"target\":{\"@type\":\"EntryPoint\",\"urlTemplate\":\"https:\/\/ladante.fr\/paris\/?s={search_term_string}\"},\"query-input\":\"required name=search_term_string\"}],\"inLanguage\":\"fr-FR\"},{\"@type\":\"Person\",\"@id\":\"https:\/\/ladante.fr\/paris\/#\/schema\/person\/68aed266df313cfba1339a72069dd605\",\"name\":\"Mirko Venturi\",\"image\":{\"@type\":\"ImageObject\",\"inLanguage\":\"fr-FR\",\"@id\":\"https:\/\/ladante.fr\/paris\/#\/schema\/person\/image\/\",\"url\":\"https:\/\/secure.gravatar.com\/avatar\/d317780d5a3bd99a39a42e8f53ffd443?s=96&d=mm&r=g\",\"contentUrl\":\"https:\/\/secure.gravatar.com\/avatar\/d317780d5a3bd99a39a42e8f53ffd443?s=96&d=mm&r=g\",\"caption\":\"Mirko Venturi\"},\"url\":\"https:\/\/ladante.fr\/paris\/author\/mirko\/\"}]}<\/script>\n<!-- \/ Yoast SEO plugin. -->","yoast_head_json":{"title":"NOS PROCHAINES TRENTE ANN\u00c9ES - D\u00e9fis, t\u00e2ches et objectifs des revues culturelles - La Dante - Comit\u00e9 de Paris","robots":{"index":"index","follow":"follow","max-snippet":"max-snippet:-1","max-image-preview":"max-image-preview:large","max-video-preview":"max-video-preview:-1"},"canonical":"https:\/\/ladante.fr\/paris\/nos-prochaines-trente-annees-defis-taches-et-objectifs-des-revues-culturelles\/","og_locale":"fr_FR","og_type":"article","og_title":"NOS PROCHAINES TRENTE ANN\u00c9ES - D\u00e9fis, t\u00e2ches et objectifs des revues culturelles - La Dante - Comit\u00e9 de Paris","og_description":"NOS PROCHAINES TRENTE ANN\u00c9ES D\u00e9fis, t\u00e2ches et objectifs des revues culturelles Interventions Marc Lazar, historien et politologue, professeur \u00e0 Sciences Po et \u00e0 la Luiss (Rome) Pierre Pachet, membre du comit\u00e9 de r\u00e9daction de \u00ab\u00a0La Quinzaine litt\u00e9raire\u00a0\u00bb Daniel Vernet, ancien directeur de la r\u00e9daction du quotidien \u00ab\u00a0Le Monde\u00a0\u00bb Pour L&rsquo;INDICE Gian Giacomo Migone, fondateur et [&hellip;]","og_url":"https:\/\/ladante.fr\/paris\/nos-prochaines-trente-annees-defis-taches-et-objectifs-des-revues-culturelles\/","og_site_name":"La Dante - Comit\u00e9 de Paris","article_published_time":"2014-03-02T10:09:15+00:00","article_modified_time":"2018-02-10T17:46:45+00:00","og_image":[{"url":"http:\/\/ladante.fr\/wp-content\/uploads\/2018\/01\/indice.png"}],"author":"Mirko Venturi","twitter_card":"summary_large_image","twitter_misc":{"\u00c9crit par":"Mirko Venturi","Dur\u00e9e de lecture estim\u00e9e":"1 minute"},"schema":{"@context":"https:\/\/schema.org","@graph":[{"@type":"WebPage","@id":"https:\/\/ladante.fr\/paris\/nos-prochaines-trente-annees-defis-taches-et-objectifs-des-revues-culturelles\/","url":"https:\/\/ladante.fr\/paris\/nos-prochaines-trente-annees-defis-taches-et-objectifs-des-revues-culturelles\/","name":"NOS PROCHAINES TRENTE ANN\u00c9ES - D\u00e9fis, t\u00e2ches et objectifs des revues culturelles - La Dante - Comit\u00e9 de Paris","isPartOf":{"@id":"https:\/\/ladante.fr\/paris\/#website"},"datePublished":"2014-03-02T10:09:15+00:00","dateModified":"2018-02-10T17:46:45+00:00","author":{"@id":"https:\/\/ladante.fr\/paris\/#\/schema\/person\/68aed266df313cfba1339a72069dd605"},"breadcrumb":{"@id":"https:\/\/ladante.fr\/paris\/nos-prochaines-trente-annees-defis-taches-et-objectifs-des-revues-culturelles\/#breadcrumb"},"inLanguage":"fr-FR","potentialAction":[{"@type":"ReadAction","target":["https:\/\/ladante.fr\/paris\/nos-prochaines-trente-annees-defis-taches-et-objectifs-des-revues-culturelles\/"]}]},{"@type":"BreadcrumbList","@id":"https:\/\/ladante.fr\/paris\/nos-prochaines-trente-annees-defis-taches-et-objectifs-des-revues-culturelles\/#breadcrumb","itemListElement":[{"@type":"ListItem","position":1,"name":"Accueil","item":"https:\/\/ladante.fr\/paris\/"},{"@type":"ListItem","position":2,"name":"NOS PROCHAINES TRENTE ANN\u00c9ES &#8211; D\u00e9fis, t\u00e2ches et objectifs des revues culturelles"}]},{"@type":"WebSite","@id":"https:\/\/ladante.fr\/paris\/#website","url":"https:\/\/ladante.fr\/paris\/","name":"La Dante - Comit\u00e9 de Paris","description":"","potentialAction":[{"@type":"SearchAction","target":{"@type":"EntryPoint","urlTemplate":"https:\/\/ladante.fr\/paris\/?s={search_term_string}"},"query-input":"required name=search_term_string"}],"inLanguage":"fr-FR"},{"@type":"Person","@id":"https:\/\/ladante.fr\/paris\/#\/schema\/person\/68aed266df313cfba1339a72069dd605","name":"Mirko Venturi","image":{"@type":"ImageObject","inLanguage":"fr-FR","@id":"https:\/\/ladante.fr\/paris\/#\/schema\/person\/image\/","url":"https:\/\/secure.gravatar.com\/avatar\/d317780d5a3bd99a39a42e8f53ffd443?s=96&d=mm&r=g","contentUrl":"https:\/\/secure.gravatar.com\/avatar\/d317780d5a3bd99a39a42e8f53ffd443?s=96&d=mm&r=g","caption":"Mirko Venturi"},"url":"https:\/\/ladante.fr\/paris\/author\/mirko\/"}]}},"_links":{"self":[{"href":"https:\/\/ladante.fr\/paris\/wp-json\/wp\/v2\/posts\/1210"}],"collection":[{"href":"https:\/\/ladante.fr\/paris\/wp-json\/wp\/v2\/posts"}],"about":[{"href":"https:\/\/ladante.fr\/paris\/wp-json\/wp\/v2\/types\/post"}],"author":[{"embeddable":true,"href":"https:\/\/ladante.fr\/paris\/wp-json\/wp\/v2\/users\/4"}],"replies":[{"embeddable":true,"href":"https:\/\/ladante.fr\/paris\/wp-json\/wp\/v2\/comments?post=1210"}],"version-history":[{"count":1,"href":"https:\/\/ladante.fr\/paris\/wp-json\/wp\/v2\/posts\/1210\/revisions"}],"predecessor-version":[{"id":2159,"href":"https:\/\/ladante.fr\/paris\/wp-json\/wp\/v2\/posts\/1210\/revisions\/2159"}],"wp:attachment":[{"href":"https:\/\/ladante.fr\/paris\/wp-json\/wp\/v2\/media?parent=1210"}],"wp:term":[{"taxonomy":"category","embeddable":true,"href":"https:\/\/ladante.fr\/paris\/wp-json\/wp\/v2\/categories?post=1210"},{"taxonomy":"post_tag","embeddable":true,"href":"https:\/\/ladante.fr\/paris\/wp-json\/wp\/v2\/tags?post=1210"}],"curies":[{"name":"wp","href":"https:\/\/api.w.org\/{rel}","templated":true}]}}