{"id":1215,"date":"2014-02-28T11:14:30","date_gmt":"2014-02-28T10:14:30","guid":{"rendered":"http:\/\/la-dante.fr\/?p=1215"},"modified":"2018-02-10T18:48:16","modified_gmt":"2018-02-10T17:48:16","slug":"vivre-et-travailler-ailleurs-correspondants-de-presse-a-paris-et-a-rome","status":"publish","type":"post","link":"https:\/\/ladante.fr\/paris\/vivre-et-travailler-ailleurs-correspondants-de-presse-a-paris-et-a-rome\/","title":{"rendered":"Vivre et travailler ailleurs : correspondants de presse \u00e0 Paris et \u00e0 Rome"},"content":{"rendered":"<h2 class=\"postheader\" style=\"text-align: center;\"><img style=\"font-size: 16px;\" src=\"http:\/\/ladante.fr\/wp-content\/uploads\/2018\/01\/ginori-ridet.png\" alt=\"Vivre et travailler ailleurs : correspondants de presse \u00e0 Paris et \u00e0 Rome\" \/><\/h2>\n<h4 style=\"text-align: center; text-transform: uppercase;\">Vivre et travailler ailleurs<br \/>\ncorrespondants de presse \u00e0 Paris et \u00e0 Rome<\/h4>\n<h6 style=\"text-align: center; text-transform: uppercase;\">Interventions<\/h6>\n<div class=\"interventi\" style=\"text-align: center;\"><strong>Ana\u00efs Ginori,<\/strong>\u00a0correspondante \u00e0 Paris du quotidien \u00ab la Repubblica \u00bb, auteur de Falsi amici. Italia-Francia, relazioni pericolose (Fandango, 2012)<br \/>\n<strong>Philippe Ridet,<\/strong>\u00a0correspondant \u00e0 Rome du quotidien \u00ab Le Monde \u00bb, auteur de L\u2019Italie, Rome et moi (Flammarion, 2013)<\/div>\n<p style=\"text-align: center;\">Avec la collaboration de LA LIBRERIA<\/p>\n<p style=\"text-align: center;\">Entr\u00e9e libre sur r\u00e9servation &#8211; Tel. : 01 47 05 16 26 \u2013 E-mail :\u00a0<a href=\"mailto:paris@ladante.fr\">paris@ladante.fr<\/a><\/p>\n<p style=\"text-align: center;\"><strong>Accueil \u00e0 17h15 \u2013 D\u00e9but des interventions \u00e0 17h30 \u2013 Vin d\u2019honneur \u00e0 19h00<\/strong><\/p>\n<p style=\"text-align: center;\">Lyc\u00e9e Italien \u00ab Leonardo da Vinci \u00bb<br \/>\n12, rue S\u00e9dillot<br \/>\n75007 Paris<\/p>\n<div class=\"invito\" style=\"text-align: center;\"><span class=\"wf_file jcepopup noicon\"><img class=\"wf_file_icon\" src=\"http:\/\/ladante.fr\/wp-content\/uploads\/2018\/02\/pdf-1-e1517829938664.png\" alt=\"pdf\" \/><\/span><a class=\"wf_file jcepopup noicon\" title=\"Vivre et travailler ailleurs : correspondants de presse \u00e0 Paris et \u00e0 Rome\" href=\"http:\/\/ladante.fr\/wp-content\/uploads\/2018\/01\/2014.03.25_Invitation_Ginori-Ridet.pdf\" target=\"_blank\" rel=\"noopener\" data-mediabox=\"width[1024];height[768];title[Vivre et travailler ailleurs : correspondants de presse \u00e0 Paris et \u00e0 Rome]\"><span class=\"wf_file_text\">T\u00e9l\u00e9charger invitation<\/span><\/a><\/div>\n","protected":false},"excerpt":{"rendered":"<p>Vivre et travailler ailleurs correspondants de presse \u00e0 Paris et \u00e0 Rome Interventions Ana\u00efs Ginori,\u00a0correspondante \u00e0 Paris du quotidien \u00ab la Repubblica \u00bb, auteur de Falsi amici. Italia-Francia, relazioni pericolose (Fandango, 2012) Philippe Ridet,\u00a0correspondant \u00e0 Rome du quotidien \u00ab Le Monde \u00bb, auteur de L\u2019Italie, Rome et moi (Flammarion, 2013) Avec la collaboration de LA [&hellip;]<\/p>\n","protected":false},"author":4,"featured_media":0,"comment_status":"open","ping_status":"open","sticky":false,"template":"","format":"image","meta":{"disable_featured_image":false,"_themeisle_gutenberg_block_has_review":false},"categories":[5],"tags":[],"yoast_head":"<!-- This site is optimized with the Yoast SEO plugin v20.1 - https:\/\/yoast.com\/wordpress\/plugins\/seo\/ -->\n<title>Vivre et travailler ailleurs : correspondants de presse \u00e0 Paris et \u00e0 Rome - La Dante - Comit\u00e9 de Paris<\/title>\n<meta name=\"robots\" content=\"index, follow, max-snippet:-1, max-image-preview:large, max-video-preview:-1\" \/>\n<link rel=\"canonical\" href=\"https:\/\/ladante.fr\/paris\/vivre-et-travailler-ailleurs-correspondants-de-presse-a-paris-et-a-rome\/\" \/>\n<meta property=\"og:locale\" content=\"fr_FR\" \/>\n<meta property=\"og:type\" content=\"article\" \/>\n<meta property=\"og:title\" content=\"Vivre et travailler ailleurs : correspondants de presse \u00e0 Paris et \u00e0 Rome - La Dante - Comit\u00e9 de Paris\" \/>\n<meta property=\"og:description\" content=\"Vivre et travailler ailleurs correspondants de presse \u00e0 Paris et \u00e0 Rome Interventions Ana\u00efs Ginori,\u00a0correspondante \u00e0 Paris du quotidien \u00ab la Repubblica \u00bb, auteur de Falsi amici. Italia-Francia, relazioni pericolose (Fandango, 2012) Philippe Ridet,\u00a0correspondant \u00e0 Rome du quotidien \u00ab Le Monde \u00bb, auteur de L\u2019Italie, Rome et moi (Flammarion, 2013) Avec la collaboration de LA [&hellip;]\" \/>\n<meta property=\"og:url\" content=\"https:\/\/ladante.fr\/paris\/vivre-et-travailler-ailleurs-correspondants-de-presse-a-paris-et-a-rome\/\" \/>\n<meta property=\"og:site_name\" content=\"La Dante - Comit\u00e9 de Paris\" \/>\n<meta property=\"article:published_time\" content=\"2014-02-28T10:14:30+00:00\" \/>\n<meta property=\"article:modified_time\" content=\"2018-02-10T17:48:16+00:00\" \/>\n<meta property=\"og:image\" content=\"http:\/\/ladante.fr\/wp-content\/uploads\/2018\/01\/ginori-ridet.png\" \/>\n<meta name=\"author\" content=\"Mirko Venturi\" \/>\n<meta name=\"twitter:card\" content=\"summary_large_image\" \/>\n<meta name=\"twitter:label1\" content=\"\u00c9crit par\" \/>\n\t<meta name=\"twitter:data1\" content=\"Mirko Venturi\" \/>\n<script type=\"application\/ld+json\" class=\"yoast-schema-graph\">{\"@context\":\"https:\/\/schema.org\",\"@graph\":[{\"@type\":\"WebPage\",\"@id\":\"https:\/\/ladante.fr\/paris\/vivre-et-travailler-ailleurs-correspondants-de-presse-a-paris-et-a-rome\/\",\"url\":\"https:\/\/ladante.fr\/paris\/vivre-et-travailler-ailleurs-correspondants-de-presse-a-paris-et-a-rome\/\",\"name\":\"Vivre et travailler ailleurs : correspondants de presse \u00e0 Paris et \u00e0 Rome - La Dante - Comit\u00e9 de Paris\",\"isPartOf\":{\"@id\":\"https:\/\/ladante.fr\/paris\/#website\"},\"datePublished\":\"2014-02-28T10:14:30+00:00\",\"dateModified\":\"2018-02-10T17:48:16+00:00\",\"author\":{\"@id\":\"https:\/\/ladante.fr\/paris\/#\/schema\/person\/68aed266df313cfba1339a72069dd605\"},\"breadcrumb\":{\"@id\":\"https:\/\/ladante.fr\/paris\/vivre-et-travailler-ailleurs-correspondants-de-presse-a-paris-et-a-rome\/#breadcrumb\"},\"inLanguage\":\"fr-FR\",\"potentialAction\":[{\"@type\":\"ReadAction\",\"target\":[\"https:\/\/ladante.fr\/paris\/vivre-et-travailler-ailleurs-correspondants-de-presse-a-paris-et-a-rome\/\"]}]},{\"@type\":\"BreadcrumbList\",\"@id\":\"https:\/\/ladante.fr\/paris\/vivre-et-travailler-ailleurs-correspondants-de-presse-a-paris-et-a-rome\/#breadcrumb\",\"itemListElement\":[{\"@type\":\"ListItem\",\"position\":1,\"name\":\"Accueil\",\"item\":\"https:\/\/ladante.fr\/paris\/\"},{\"@type\":\"ListItem\",\"position\":2,\"name\":\"Vivre et travailler ailleurs : correspondants de presse \u00e0 Paris et \u00e0 Rome\"}]},{\"@type\":\"WebSite\",\"@id\":\"https:\/\/ladante.fr\/paris\/#website\",\"url\":\"https:\/\/ladante.fr\/paris\/\",\"name\":\"La Dante - Comit\u00e9 de Paris\",\"description\":\"\",\"potentialAction\":[{\"@type\":\"SearchAction\",\"target\":{\"@type\":\"EntryPoint\",\"urlTemplate\":\"https:\/\/ladante.fr\/paris\/?s={search_term_string}\"},\"query-input\":\"required name=search_term_string\"}],\"inLanguage\":\"fr-FR\"},{\"@type\":\"Person\",\"@id\":\"https:\/\/ladante.fr\/paris\/#\/schema\/person\/68aed266df313cfba1339a72069dd605\",\"name\":\"Mirko Venturi\",\"image\":{\"@type\":\"ImageObject\",\"inLanguage\":\"fr-FR\",\"@id\":\"https:\/\/ladante.fr\/paris\/#\/schema\/person\/image\/\",\"url\":\"https:\/\/secure.gravatar.com\/avatar\/d317780d5a3bd99a39a42e8f53ffd443?s=96&d=mm&r=g\",\"contentUrl\":\"https:\/\/secure.gravatar.com\/avatar\/d317780d5a3bd99a39a42e8f53ffd443?s=96&d=mm&r=g\",\"caption\":\"Mirko Venturi\"},\"url\":\"https:\/\/ladante.fr\/paris\/author\/mirko\/\"}]}<\/script>\n<!-- \/ Yoast SEO plugin. -->","yoast_head_json":{"title":"Vivre et travailler ailleurs : correspondants de presse \u00e0 Paris et \u00e0 Rome - La Dante - Comit\u00e9 de Paris","robots":{"index":"index","follow":"follow","max-snippet":"max-snippet:-1","max-image-preview":"max-image-preview:large","max-video-preview":"max-video-preview:-1"},"canonical":"https:\/\/ladante.fr\/paris\/vivre-et-travailler-ailleurs-correspondants-de-presse-a-paris-et-a-rome\/","og_locale":"fr_FR","og_type":"article","og_title":"Vivre et travailler ailleurs : correspondants de presse \u00e0 Paris et \u00e0 Rome - La Dante - Comit\u00e9 de Paris","og_description":"Vivre et travailler ailleurs correspondants de presse \u00e0 Paris et \u00e0 Rome Interventions Ana\u00efs Ginori,\u00a0correspondante \u00e0 Paris du quotidien \u00ab la Repubblica \u00bb, auteur de Falsi amici. Italia-Francia, relazioni pericolose (Fandango, 2012) Philippe Ridet,\u00a0correspondant \u00e0 Rome du quotidien \u00ab Le Monde \u00bb, auteur de L\u2019Italie, Rome et moi (Flammarion, 2013) Avec la collaboration de LA [&hellip;]","og_url":"https:\/\/ladante.fr\/paris\/vivre-et-travailler-ailleurs-correspondants-de-presse-a-paris-et-a-rome\/","og_site_name":"La Dante - Comit\u00e9 de Paris","article_published_time":"2014-02-28T10:14:30+00:00","article_modified_time":"2018-02-10T17:48:16+00:00","og_image":[{"url":"http:\/\/ladante.fr\/wp-content\/uploads\/2018\/01\/ginori-ridet.png"}],"author":"Mirko Venturi","twitter_card":"summary_large_image","twitter_misc":{"\u00c9crit par":"Mirko Venturi"},"schema":{"@context":"https:\/\/schema.org","@graph":[{"@type":"WebPage","@id":"https:\/\/ladante.fr\/paris\/vivre-et-travailler-ailleurs-correspondants-de-presse-a-paris-et-a-rome\/","url":"https:\/\/ladante.fr\/paris\/vivre-et-travailler-ailleurs-correspondants-de-presse-a-paris-et-a-rome\/","name":"Vivre et travailler ailleurs : correspondants de presse \u00e0 Paris et \u00e0 Rome - La Dante - Comit\u00e9 de Paris","isPartOf":{"@id":"https:\/\/ladante.fr\/paris\/#website"},"datePublished":"2014-02-28T10:14:30+00:00","dateModified":"2018-02-10T17:48:16+00:00","author":{"@id":"https:\/\/ladante.fr\/paris\/#\/schema\/person\/68aed266df313cfba1339a72069dd605"},"breadcrumb":{"@id":"https:\/\/ladante.fr\/paris\/vivre-et-travailler-ailleurs-correspondants-de-presse-a-paris-et-a-rome\/#breadcrumb"},"inLanguage":"fr-FR","potentialAction":[{"@type":"ReadAction","target":["https:\/\/ladante.fr\/paris\/vivre-et-travailler-ailleurs-correspondants-de-presse-a-paris-et-a-rome\/"]}]},{"@type":"BreadcrumbList","@id":"https:\/\/ladante.fr\/paris\/vivre-et-travailler-ailleurs-correspondants-de-presse-a-paris-et-a-rome\/#breadcrumb","itemListElement":[{"@type":"ListItem","position":1,"name":"Accueil","item":"https:\/\/ladante.fr\/paris\/"},{"@type":"ListItem","position":2,"name":"Vivre et travailler ailleurs : correspondants de presse \u00e0 Paris et \u00e0 Rome"}]},{"@type":"WebSite","@id":"https:\/\/ladante.fr\/paris\/#website","url":"https:\/\/ladante.fr\/paris\/","name":"La Dante - Comit\u00e9 de Paris","description":"","potentialAction":[{"@type":"SearchAction","target":{"@type":"EntryPoint","urlTemplate":"https:\/\/ladante.fr\/paris\/?s={search_term_string}"},"query-input":"required name=search_term_string"}],"inLanguage":"fr-FR"},{"@type":"Person","@id":"https:\/\/ladante.fr\/paris\/#\/schema\/person\/68aed266df313cfba1339a72069dd605","name":"Mirko Venturi","image":{"@type":"ImageObject","inLanguage":"fr-FR","@id":"https:\/\/ladante.fr\/paris\/#\/schema\/person\/image\/","url":"https:\/\/secure.gravatar.com\/avatar\/d317780d5a3bd99a39a42e8f53ffd443?s=96&d=mm&r=g","contentUrl":"https:\/\/secure.gravatar.com\/avatar\/d317780d5a3bd99a39a42e8f53ffd443?s=96&d=mm&r=g","caption":"Mirko Venturi"},"url":"https:\/\/ladante.fr\/paris\/author\/mirko\/"}]}},"_links":{"self":[{"href":"https:\/\/ladante.fr\/paris\/wp-json\/wp\/v2\/posts\/1215"}],"collection":[{"href":"https:\/\/ladante.fr\/paris\/wp-json\/wp\/v2\/posts"}],"about":[{"href":"https:\/\/ladante.fr\/paris\/wp-json\/wp\/v2\/types\/post"}],"author":[{"embeddable":true,"href":"https:\/\/ladante.fr\/paris\/wp-json\/wp\/v2\/users\/4"}],"replies":[{"embeddable":true,"href":"https:\/\/ladante.fr\/paris\/wp-json\/wp\/v2\/comments?post=1215"}],"version-history":[{"count":1,"href":"https:\/\/ladante.fr\/paris\/wp-json\/wp\/v2\/posts\/1215\/revisions"}],"predecessor-version":[{"id":2160,"href":"https:\/\/ladante.fr\/paris\/wp-json\/wp\/v2\/posts\/1215\/revisions\/2160"}],"wp:attachment":[{"href":"https:\/\/ladante.fr\/paris\/wp-json\/wp\/v2\/media?parent=1215"}],"wp:term":[{"taxonomy":"category","embeddable":true,"href":"https:\/\/ladante.fr\/paris\/wp-json\/wp\/v2\/categories?post=1215"},{"taxonomy":"post_tag","embeddable":true,"href":"https:\/\/ladante.fr\/paris\/wp-json\/wp\/v2\/tags?post=1215"}],"curies":[{"name":"wp","href":"https:\/\/api.w.org\/{rel}","templated":true}]}}