{"id":1224,"date":"2014-02-22T15:46:14","date_gmt":"2014-02-22T14:46:14","guid":{"rendered":"http:\/\/la-dante.fr\/?p=1224"},"modified":"2018-02-10T18:52:18","modified_gmt":"2018-02-10T17:52:18","slug":"giuseppe-fausto-modugno-pianoforte","status":"publish","type":"post","link":"https:\/\/ladante.fr\/paris\/giuseppe-fausto-modugno-pianoforte\/","title":{"rendered":"Giuseppe Fausto Modugno &#8211; Pianoforte"},"content":{"rendered":"<h2 class=\"postheader\" style=\"text-align: center;\"><img style=\"font-size: 16px;\" src=\"http:\/\/ladante.fr\/wp-content\/uploads\/2018\/01\/modugno-pianoforte.png\" alt=\"Giuseppe Fausto Modugno - Pianoforte\" \/><\/h2>\n<h4 style=\"text-align: center; text-transform: uppercase;\">GIUSEPPE FAUSTO MODUGNO<\/h4>\n<h6 style=\"text-align: center;\">Pianoforte<\/h6>\n<p style=\"text-align: center;\"><strong>Robert Schumann<\/strong>\u00a0(1810-1856)<br \/>\nArabesque op.18<br \/>\nHumoresque op.20<\/p>\n<p style=\"text-align: center;\"><strong>Stefano Golinelli<\/strong>\u00a0(1818-1891)<br \/>\nBarcarola op.35 in fa # minore<\/p>\n<p style=\"text-align: center;\"><strong>Fre\u0301de\u0301ric Chopin<\/strong>\u00a0(1810-1849)<br \/>\nBarcarola op.60 in fa # minore<br \/>\nPolacca op.53 in la b maggiore<\/p>\n<p style=\"text-align: center;\">Pianiste diplo\u0302me\u0301 aupre\u0300s du Conservatoire de Bologne,\u00a0<strong>Giuseppe Fausto Modugno<\/strong>est actuellement responsable didactique de \u00ab\u00a0l&rsquo;Accademia\u00a0\u00bb de l&rsquo;Orchestre Mozart de Bologne et titulaire de la chaire de \u201cPianoforte principale\u201d aupre\u0300s de l\u2019Istituto Musicale Vecchi-Tonelli di Modena e Carpi.<\/p>\n<p style=\"text-align: center;\">Entr\u00e9e libre sur r\u00e9servation &#8211; Tel. : 01 47 05 16 26 \u2013 E-mail :\u00a0<a href=\"mailto:paris@ladante.fr\">paris@ladante.fr<\/a><\/p>\n<p style=\"text-align: center;\"><strong>Vendredi 21 mars 2014 \u00e0 18h00 &#8211; D\u00e9but du concert \u00e0 18h30<\/strong><\/p>\n<p style=\"text-align: center;\">Maison de l&rsquo;Italie &#8211; Cit\u00e9 Internationale Universitaire de Paris<br \/>\n7A boulevard Jourdan<br \/>\n75014 Paris<\/p>\n<div class=\"invito\" style=\"text-align: center;\"><span class=\"wf_file jcepopup noicon\"><img class=\"wf_file_icon\" src=\"http:\/\/ladante.fr\/wp-content\/uploads\/2018\/02\/pdf-1-e1517829938664.png\" alt=\"pdf\" \/><\/span><a class=\"wf_file jcepopup noicon\" title=\"Giuseppe Fausto Modugno - Pianoforte\" href=\"http:\/\/ladante.fr\/wp-content\/uploads\/2018\/01\/2014.03.21_Giuseppe_Fausto_Modugno-Pianoforte.pdf\" target=\"_blank\" rel=\"noopener\" data-mediabox=\"width[1024];height[768];title[Giuseppe Fausto Modugno - Pianoforte]\"><span class=\"wf_file\"><span class=\"wf_file_text\">T\u00e9l\u00e9charger invitation<\/span><\/span><\/a><\/div>\n","protected":false},"excerpt":{"rendered":"<p>GIUSEPPE FAUSTO MODUGNO Pianoforte Robert Schumann\u00a0(1810-1856) Arabesque op.18 Humoresque op.20 Stefano Golinelli\u00a0(1818-1891) Barcarola op.35 in fa # minore Fre\u0301de\u0301ric Chopin\u00a0(1810-1849) Barcarola op.60 in fa # minore Polacca op.53 in la b maggiore Pianiste diplo\u0302me\u0301 aupre\u0300s du Conservatoire de Bologne,\u00a0Giuseppe Fausto Modugnoest actuellement responsable didactique de \u00ab\u00a0l&rsquo;Accademia\u00a0\u00bb de l&rsquo;Orchestre Mozart de Bologne et titulaire de la [&hellip;]<\/p>\n","protected":false},"author":4,"featured_media":0,"comment_status":"open","ping_status":"open","sticky":false,"template":"","format":"image","meta":{"disable_featured_image":false,"_themeisle_gutenberg_block_has_review":false},"categories":[5],"tags":[],"yoast_head":"<!-- This site is optimized with the Yoast SEO plugin v20.1 - https:\/\/yoast.com\/wordpress\/plugins\/seo\/ -->\n<title>Giuseppe Fausto Modugno - Pianoforte - La Dante - Comit\u00e9 de Paris<\/title>\n<meta name=\"robots\" content=\"index, follow, max-snippet:-1, max-image-preview:large, max-video-preview:-1\" \/>\n<link rel=\"canonical\" href=\"https:\/\/ladante.fr\/paris\/giuseppe-fausto-modugno-pianoforte\/\" \/>\n<meta property=\"og:locale\" content=\"fr_FR\" \/>\n<meta property=\"og:type\" content=\"article\" \/>\n<meta property=\"og:title\" content=\"Giuseppe Fausto Modugno - Pianoforte - La Dante - Comit\u00e9 de Paris\" \/>\n<meta property=\"og:description\" content=\"GIUSEPPE FAUSTO MODUGNO Pianoforte Robert Schumann\u00a0(1810-1856) Arabesque op.18 Humoresque op.20 Stefano Golinelli\u00a0(1818-1891) Barcarola op.35 in fa # minore Fre\u0301de\u0301ric Chopin\u00a0(1810-1849) Barcarola op.60 in fa # minore Polacca op.53 in la b maggiore Pianiste diplo\u0302me\u0301 aupre\u0300s du Conservatoire de Bologne,\u00a0Giuseppe Fausto Modugnoest actuellement responsable didactique de \u00ab\u00a0l&rsquo;Accademia\u00a0\u00bb de l&rsquo;Orchestre Mozart de Bologne et titulaire de la [&hellip;]\" \/>\n<meta property=\"og:url\" content=\"https:\/\/ladante.fr\/paris\/giuseppe-fausto-modugno-pianoforte\/\" \/>\n<meta property=\"og:site_name\" content=\"La Dante - Comit\u00e9 de Paris\" \/>\n<meta property=\"article:published_time\" content=\"2014-02-22T14:46:14+00:00\" \/>\n<meta property=\"article:modified_time\" content=\"2018-02-10T17:52:18+00:00\" \/>\n<meta property=\"og:image\" content=\"http:\/\/ladante.fr\/wp-content\/uploads\/2018\/01\/modugno-pianoforte.png\" \/>\n<meta name=\"author\" content=\"Mirko Venturi\" \/>\n<meta name=\"twitter:card\" content=\"summary_large_image\" \/>\n<meta name=\"twitter:label1\" content=\"\u00c9crit par\" \/>\n\t<meta name=\"twitter:data1\" content=\"Mirko Venturi\" \/>\n\t<meta name=\"twitter:label2\" content=\"Dur\u00e9e de lecture estim\u00e9e\" \/>\n\t<meta name=\"twitter:data2\" content=\"1 minute\" \/>\n<script type=\"application\/ld+json\" class=\"yoast-schema-graph\">{\"@context\":\"https:\/\/schema.org\",\"@graph\":[{\"@type\":\"WebPage\",\"@id\":\"https:\/\/ladante.fr\/paris\/giuseppe-fausto-modugno-pianoforte\/\",\"url\":\"https:\/\/ladante.fr\/paris\/giuseppe-fausto-modugno-pianoforte\/\",\"name\":\"Giuseppe Fausto Modugno - Pianoforte - La Dante - Comit\u00e9 de Paris\",\"isPartOf\":{\"@id\":\"https:\/\/ladante.fr\/paris\/#website\"},\"datePublished\":\"2014-02-22T14:46:14+00:00\",\"dateModified\":\"2018-02-10T17:52:18+00:00\",\"author\":{\"@id\":\"https:\/\/ladante.fr\/paris\/#\/schema\/person\/68aed266df313cfba1339a72069dd605\"},\"breadcrumb\":{\"@id\":\"https:\/\/ladante.fr\/paris\/giuseppe-fausto-modugno-pianoforte\/#breadcrumb\"},\"inLanguage\":\"fr-FR\",\"potentialAction\":[{\"@type\":\"ReadAction\",\"target\":[\"https:\/\/ladante.fr\/paris\/giuseppe-fausto-modugno-pianoforte\/\"]}]},{\"@type\":\"BreadcrumbList\",\"@id\":\"https:\/\/ladante.fr\/paris\/giuseppe-fausto-modugno-pianoforte\/#breadcrumb\",\"itemListElement\":[{\"@type\":\"ListItem\",\"position\":1,\"name\":\"Accueil\",\"item\":\"https:\/\/ladante.fr\/paris\/\"},{\"@type\":\"ListItem\",\"position\":2,\"name\":\"Giuseppe Fausto Modugno &#8211; Pianoforte\"}]},{\"@type\":\"WebSite\",\"@id\":\"https:\/\/ladante.fr\/paris\/#website\",\"url\":\"https:\/\/ladante.fr\/paris\/\",\"name\":\"La Dante - Comit\u00e9 de Paris\",\"description\":\"\",\"potentialAction\":[{\"@type\":\"SearchAction\",\"target\":{\"@type\":\"EntryPoint\",\"urlTemplate\":\"https:\/\/ladante.fr\/paris\/?s={search_term_string}\"},\"query-input\":\"required name=search_term_string\"}],\"inLanguage\":\"fr-FR\"},{\"@type\":\"Person\",\"@id\":\"https:\/\/ladante.fr\/paris\/#\/schema\/person\/68aed266df313cfba1339a72069dd605\",\"name\":\"Mirko Venturi\",\"image\":{\"@type\":\"ImageObject\",\"inLanguage\":\"fr-FR\",\"@id\":\"https:\/\/ladante.fr\/paris\/#\/schema\/person\/image\/\",\"url\":\"https:\/\/secure.gravatar.com\/avatar\/d317780d5a3bd99a39a42e8f53ffd443?s=96&d=mm&r=g\",\"contentUrl\":\"https:\/\/secure.gravatar.com\/avatar\/d317780d5a3bd99a39a42e8f53ffd443?s=96&d=mm&r=g\",\"caption\":\"Mirko Venturi\"},\"url\":\"https:\/\/ladante.fr\/paris\/author\/mirko\/\"}]}<\/script>\n<!-- \/ Yoast SEO plugin. -->","yoast_head_json":{"title":"Giuseppe Fausto Modugno - Pianoforte - La Dante - Comit\u00e9 de Paris","robots":{"index":"index","follow":"follow","max-snippet":"max-snippet:-1","max-image-preview":"max-image-preview:large","max-video-preview":"max-video-preview:-1"},"canonical":"https:\/\/ladante.fr\/paris\/giuseppe-fausto-modugno-pianoforte\/","og_locale":"fr_FR","og_type":"article","og_title":"Giuseppe Fausto Modugno - Pianoforte - La Dante - Comit\u00e9 de Paris","og_description":"GIUSEPPE FAUSTO MODUGNO Pianoforte Robert Schumann\u00a0(1810-1856) Arabesque op.18 Humoresque op.20 Stefano Golinelli\u00a0(1818-1891) Barcarola op.35 in fa # minore Fre\u0301de\u0301ric Chopin\u00a0(1810-1849) Barcarola op.60 in fa # minore Polacca op.53 in la b maggiore Pianiste diplo\u0302me\u0301 aupre\u0300s du Conservatoire de Bologne,\u00a0Giuseppe Fausto Modugnoest actuellement responsable didactique de \u00ab\u00a0l&rsquo;Accademia\u00a0\u00bb de l&rsquo;Orchestre Mozart de Bologne et titulaire de la [&hellip;]","og_url":"https:\/\/ladante.fr\/paris\/giuseppe-fausto-modugno-pianoforte\/","og_site_name":"La Dante - Comit\u00e9 de Paris","article_published_time":"2014-02-22T14:46:14+00:00","article_modified_time":"2018-02-10T17:52:18+00:00","og_image":[{"url":"http:\/\/ladante.fr\/wp-content\/uploads\/2018\/01\/modugno-pianoforte.png"}],"author":"Mirko Venturi","twitter_card":"summary_large_image","twitter_misc":{"\u00c9crit par":"Mirko Venturi","Dur\u00e9e de lecture estim\u00e9e":"1 minute"},"schema":{"@context":"https:\/\/schema.org","@graph":[{"@type":"WebPage","@id":"https:\/\/ladante.fr\/paris\/giuseppe-fausto-modugno-pianoforte\/","url":"https:\/\/ladante.fr\/paris\/giuseppe-fausto-modugno-pianoforte\/","name":"Giuseppe Fausto Modugno - Pianoforte - La Dante - Comit\u00e9 de Paris","isPartOf":{"@id":"https:\/\/ladante.fr\/paris\/#website"},"datePublished":"2014-02-22T14:46:14+00:00","dateModified":"2018-02-10T17:52:18+00:00","author":{"@id":"https:\/\/ladante.fr\/paris\/#\/schema\/person\/68aed266df313cfba1339a72069dd605"},"breadcrumb":{"@id":"https:\/\/ladante.fr\/paris\/giuseppe-fausto-modugno-pianoforte\/#breadcrumb"},"inLanguage":"fr-FR","potentialAction":[{"@type":"ReadAction","target":["https:\/\/ladante.fr\/paris\/giuseppe-fausto-modugno-pianoforte\/"]}]},{"@type":"BreadcrumbList","@id":"https:\/\/ladante.fr\/paris\/giuseppe-fausto-modugno-pianoforte\/#breadcrumb","itemListElement":[{"@type":"ListItem","position":1,"name":"Accueil","item":"https:\/\/ladante.fr\/paris\/"},{"@type":"ListItem","position":2,"name":"Giuseppe Fausto Modugno &#8211; Pianoforte"}]},{"@type":"WebSite","@id":"https:\/\/ladante.fr\/paris\/#website","url":"https:\/\/ladante.fr\/paris\/","name":"La Dante - Comit\u00e9 de Paris","description":"","potentialAction":[{"@type":"SearchAction","target":{"@type":"EntryPoint","urlTemplate":"https:\/\/ladante.fr\/paris\/?s={search_term_string}"},"query-input":"required name=search_term_string"}],"inLanguage":"fr-FR"},{"@type":"Person","@id":"https:\/\/ladante.fr\/paris\/#\/schema\/person\/68aed266df313cfba1339a72069dd605","name":"Mirko Venturi","image":{"@type":"ImageObject","inLanguage":"fr-FR","@id":"https:\/\/ladante.fr\/paris\/#\/schema\/person\/image\/","url":"https:\/\/secure.gravatar.com\/avatar\/d317780d5a3bd99a39a42e8f53ffd443?s=96&d=mm&r=g","contentUrl":"https:\/\/secure.gravatar.com\/avatar\/d317780d5a3bd99a39a42e8f53ffd443?s=96&d=mm&r=g","caption":"Mirko Venturi"},"url":"https:\/\/ladante.fr\/paris\/author\/mirko\/"}]}},"_links":{"self":[{"href":"https:\/\/ladante.fr\/paris\/wp-json\/wp\/v2\/posts\/1224"}],"collection":[{"href":"https:\/\/ladante.fr\/paris\/wp-json\/wp\/v2\/posts"}],"about":[{"href":"https:\/\/ladante.fr\/paris\/wp-json\/wp\/v2\/types\/post"}],"author":[{"embeddable":true,"href":"https:\/\/ladante.fr\/paris\/wp-json\/wp\/v2\/users\/4"}],"replies":[{"embeddable":true,"href":"https:\/\/ladante.fr\/paris\/wp-json\/wp\/v2\/comments?post=1224"}],"version-history":[{"count":1,"href":"https:\/\/ladante.fr\/paris\/wp-json\/wp\/v2\/posts\/1224\/revisions"}],"predecessor-version":[{"id":2163,"href":"https:\/\/ladante.fr\/paris\/wp-json\/wp\/v2\/posts\/1224\/revisions\/2163"}],"wp:attachment":[{"href":"https:\/\/ladante.fr\/paris\/wp-json\/wp\/v2\/media?parent=1224"}],"wp:term":[{"taxonomy":"category","embeddable":true,"href":"https:\/\/ladante.fr\/paris\/wp-json\/wp\/v2\/categories?post=1224"},{"taxonomy":"post_tag","embeddable":true,"href":"https:\/\/ladante.fr\/paris\/wp-json\/wp\/v2\/tags?post=1224"}],"curies":[{"name":"wp","href":"https:\/\/api.w.org\/{rel}","templated":true}]}}