{"id":1234,"date":"2014-01-15T11:55:07","date_gmt":"2014-01-15T10:55:07","guid":{"rendered":"http:\/\/la-dante.fr\/?p=1234"},"modified":"2018-02-10T18:54:35","modified_gmt":"2018-02-10T17:54:35","slug":"laura-minnelli-lecture-de-ses-poesies","status":"publish","type":"post","link":"https:\/\/ladante.fr\/paris\/laura-minnelli-lecture-de-ses-poesies\/","title":{"rendered":"LAURA MINNELLI &#8211; Lecture de ses po\u00e9sies"},"content":{"rendered":"<h2 class=\"postheader\" style=\"text-align: center;\"><img style=\"font-size: 16px;\" src=\"http:\/\/ladante.fr\/wp-content\/uploads\/2018\/01\/minelli.png\" alt=\"LAURA MINNELLI - Lecture de ses po\u00e9sies\" \/><\/h2>\n<h4 style=\"text-align: center; text-transform: uppercase;\">LAURA MINNELLI<br \/>\nLecture de ses po\u00e9sies<\/h4>\n<h6 style=\"text-align: center;\">En pr\u00e9sence de Michele Canonica et de Paolo Romani<br \/>\nPr\u00e9sident et Vice-Pr\u00e9sident du Comit\u00e9 de Paris de la Societ\u00e0 Dante Alighieri<\/h6>\n<p style=\"text-align: justify;\">Italienne et fran\u00e7aise, Laura Minnelli partage sa vie entre Rome et Paris. Sa po\u00e9sie est publi\u00e9e en France. La version fran\u00e7aise de sa pi\u00e8ce \u00ab\u00a0Il vizio del cielo\u00a0\u00bb a \u00e9t\u00e9 jou\u00e9e au Th\u00e9\u00e2tre du Lucernaire. Elle \u00e9crit des chansons pour le cin\u00e9ma, chante, peint et joue du saxophone&#8230; La Libreria et la Dante lui laisse carte blanche pour une soir\u00e9e po\u00e9tique.<\/p>\n<p style=\"text-align: center;\">Les lectures, en fran\u00e7ais et en italien, seront suivies d&rsquo;un verre amical.<\/p>\n<p style=\"text-align: center;\"><strong>Lundi 10 f\u00e9vrier 2014, \u00e0 19h<\/strong><\/p>\n<p style=\"text-align: center;\">La Libreria<br \/>\n89 rue du Faubourg Poissonni\u00e8re<br \/>\n75009 Paris<br \/>\nT\u00e9l. : 01 40 22 06 94<br \/>\nInformations :\u00a0<a title=\"La Libreria\" href=\"http:\/\/blog.libreria.fr\/\" target=\"_blank\" rel=\"noopener\">http:\/\/blog.libreria.fr<\/a><\/p>\n","protected":false},"excerpt":{"rendered":"<p>LAURA MINNELLI Lecture de ses po\u00e9sies En pr\u00e9sence de Michele Canonica et de Paolo Romani Pr\u00e9sident et Vice-Pr\u00e9sident du Comit\u00e9 de Paris de la Societ\u00e0 Dante Alighieri Italienne et fran\u00e7aise, Laura Minnelli partage sa vie entre Rome et Paris. Sa po\u00e9sie est publi\u00e9e en France. La version fran\u00e7aise de sa pi\u00e8ce \u00ab\u00a0Il vizio del cielo\u00a0\u00bb [&hellip;]<\/p>\n","protected":false},"author":4,"featured_media":0,"comment_status":"open","ping_status":"open","sticky":false,"template":"","format":"image","meta":{"disable_featured_image":false,"_themeisle_gutenberg_block_has_review":false},"categories":[5],"tags":[],"yoast_head":"<!-- This site is optimized with the Yoast SEO plugin v20.1 - https:\/\/yoast.com\/wordpress\/plugins\/seo\/ -->\n<title>LAURA MINNELLI - Lecture de ses po\u00e9sies - La Dante - Comit\u00e9 de Paris<\/title>\n<meta name=\"robots\" content=\"index, follow, max-snippet:-1, max-image-preview:large, max-video-preview:-1\" \/>\n<link rel=\"canonical\" href=\"https:\/\/ladante.fr\/paris\/laura-minnelli-lecture-de-ses-poesies\/\" \/>\n<meta property=\"og:locale\" content=\"fr_FR\" \/>\n<meta property=\"og:type\" content=\"article\" \/>\n<meta property=\"og:title\" content=\"LAURA MINNELLI - Lecture de ses po\u00e9sies - La Dante - Comit\u00e9 de Paris\" \/>\n<meta property=\"og:description\" content=\"LAURA MINNELLI Lecture de ses po\u00e9sies En pr\u00e9sence de Michele Canonica et de Paolo Romani Pr\u00e9sident et Vice-Pr\u00e9sident du Comit\u00e9 de Paris de la Societ\u00e0 Dante Alighieri Italienne et fran\u00e7aise, Laura Minnelli partage sa vie entre Rome et Paris. Sa po\u00e9sie est publi\u00e9e en France. La version fran\u00e7aise de sa pi\u00e8ce \u00ab\u00a0Il vizio del cielo\u00a0\u00bb [&hellip;]\" \/>\n<meta property=\"og:url\" content=\"https:\/\/ladante.fr\/paris\/laura-minnelli-lecture-de-ses-poesies\/\" \/>\n<meta property=\"og:site_name\" content=\"La Dante - Comit\u00e9 de Paris\" \/>\n<meta property=\"article:published_time\" content=\"2014-01-15T10:55:07+00:00\" \/>\n<meta property=\"article:modified_time\" content=\"2018-02-10T17:54:35+00:00\" \/>\n<meta property=\"og:image\" content=\"http:\/\/ladante.fr\/wp-content\/uploads\/2018\/01\/minelli.png\" \/>\n<meta name=\"author\" content=\"Mirko Venturi\" \/>\n<meta name=\"twitter:card\" content=\"summary_large_image\" \/>\n<meta name=\"twitter:label1\" content=\"\u00c9crit par\" \/>\n\t<meta name=\"twitter:data1\" content=\"Mirko Venturi\" \/>\n\t<meta name=\"twitter:label2\" content=\"Dur\u00e9e de lecture estim\u00e9e\" \/>\n\t<meta name=\"twitter:data2\" content=\"1 minute\" \/>\n<script type=\"application\/ld+json\" class=\"yoast-schema-graph\">{\"@context\":\"https:\/\/schema.org\",\"@graph\":[{\"@type\":\"WebPage\",\"@id\":\"https:\/\/ladante.fr\/paris\/laura-minnelli-lecture-de-ses-poesies\/\",\"url\":\"https:\/\/ladante.fr\/paris\/laura-minnelli-lecture-de-ses-poesies\/\",\"name\":\"LAURA MINNELLI - Lecture de ses po\u00e9sies - La Dante - Comit\u00e9 de Paris\",\"isPartOf\":{\"@id\":\"https:\/\/ladante.fr\/paris\/#website\"},\"datePublished\":\"2014-01-15T10:55:07+00:00\",\"dateModified\":\"2018-02-10T17:54:35+00:00\",\"author\":{\"@id\":\"https:\/\/ladante.fr\/paris\/#\/schema\/person\/68aed266df313cfba1339a72069dd605\"},\"breadcrumb\":{\"@id\":\"https:\/\/ladante.fr\/paris\/laura-minnelli-lecture-de-ses-poesies\/#breadcrumb\"},\"inLanguage\":\"fr-FR\",\"potentialAction\":[{\"@type\":\"ReadAction\",\"target\":[\"https:\/\/ladante.fr\/paris\/laura-minnelli-lecture-de-ses-poesies\/\"]}]},{\"@type\":\"BreadcrumbList\",\"@id\":\"https:\/\/ladante.fr\/paris\/laura-minnelli-lecture-de-ses-poesies\/#breadcrumb\",\"itemListElement\":[{\"@type\":\"ListItem\",\"position\":1,\"name\":\"Accueil\",\"item\":\"https:\/\/ladante.fr\/paris\/\"},{\"@type\":\"ListItem\",\"position\":2,\"name\":\"LAURA MINNELLI &#8211; Lecture de ses po\u00e9sies\"}]},{\"@type\":\"WebSite\",\"@id\":\"https:\/\/ladante.fr\/paris\/#website\",\"url\":\"https:\/\/ladante.fr\/paris\/\",\"name\":\"La Dante - Comit\u00e9 de Paris\",\"description\":\"\",\"potentialAction\":[{\"@type\":\"SearchAction\",\"target\":{\"@type\":\"EntryPoint\",\"urlTemplate\":\"https:\/\/ladante.fr\/paris\/?s={search_term_string}\"},\"query-input\":\"required name=search_term_string\"}],\"inLanguage\":\"fr-FR\"},{\"@type\":\"Person\",\"@id\":\"https:\/\/ladante.fr\/paris\/#\/schema\/person\/68aed266df313cfba1339a72069dd605\",\"name\":\"Mirko Venturi\",\"image\":{\"@type\":\"ImageObject\",\"inLanguage\":\"fr-FR\",\"@id\":\"https:\/\/ladante.fr\/paris\/#\/schema\/person\/image\/\",\"url\":\"https:\/\/secure.gravatar.com\/avatar\/d317780d5a3bd99a39a42e8f53ffd443?s=96&d=mm&r=g\",\"contentUrl\":\"https:\/\/secure.gravatar.com\/avatar\/d317780d5a3bd99a39a42e8f53ffd443?s=96&d=mm&r=g\",\"caption\":\"Mirko Venturi\"},\"url\":\"https:\/\/ladante.fr\/paris\/author\/mirko\/\"}]}<\/script>\n<!-- \/ Yoast SEO plugin. -->","yoast_head_json":{"title":"LAURA MINNELLI - Lecture de ses po\u00e9sies - La Dante - Comit\u00e9 de Paris","robots":{"index":"index","follow":"follow","max-snippet":"max-snippet:-1","max-image-preview":"max-image-preview:large","max-video-preview":"max-video-preview:-1"},"canonical":"https:\/\/ladante.fr\/paris\/laura-minnelli-lecture-de-ses-poesies\/","og_locale":"fr_FR","og_type":"article","og_title":"LAURA MINNELLI - Lecture de ses po\u00e9sies - La Dante - Comit\u00e9 de Paris","og_description":"LAURA MINNELLI Lecture de ses po\u00e9sies En pr\u00e9sence de Michele Canonica et de Paolo Romani Pr\u00e9sident et Vice-Pr\u00e9sident du Comit\u00e9 de Paris de la Societ\u00e0 Dante Alighieri Italienne et fran\u00e7aise, Laura Minnelli partage sa vie entre Rome et Paris. Sa po\u00e9sie est publi\u00e9e en France. La version fran\u00e7aise de sa pi\u00e8ce \u00ab\u00a0Il vizio del cielo\u00a0\u00bb [&hellip;]","og_url":"https:\/\/ladante.fr\/paris\/laura-minnelli-lecture-de-ses-poesies\/","og_site_name":"La Dante - Comit\u00e9 de Paris","article_published_time":"2014-01-15T10:55:07+00:00","article_modified_time":"2018-02-10T17:54:35+00:00","og_image":[{"url":"http:\/\/ladante.fr\/wp-content\/uploads\/2018\/01\/minelli.png"}],"author":"Mirko Venturi","twitter_card":"summary_large_image","twitter_misc":{"\u00c9crit par":"Mirko Venturi","Dur\u00e9e de lecture estim\u00e9e":"1 minute"},"schema":{"@context":"https:\/\/schema.org","@graph":[{"@type":"WebPage","@id":"https:\/\/ladante.fr\/paris\/laura-minnelli-lecture-de-ses-poesies\/","url":"https:\/\/ladante.fr\/paris\/laura-minnelli-lecture-de-ses-poesies\/","name":"LAURA MINNELLI - Lecture de ses po\u00e9sies - La Dante - Comit\u00e9 de Paris","isPartOf":{"@id":"https:\/\/ladante.fr\/paris\/#website"},"datePublished":"2014-01-15T10:55:07+00:00","dateModified":"2018-02-10T17:54:35+00:00","author":{"@id":"https:\/\/ladante.fr\/paris\/#\/schema\/person\/68aed266df313cfba1339a72069dd605"},"breadcrumb":{"@id":"https:\/\/ladante.fr\/paris\/laura-minnelli-lecture-de-ses-poesies\/#breadcrumb"},"inLanguage":"fr-FR","potentialAction":[{"@type":"ReadAction","target":["https:\/\/ladante.fr\/paris\/laura-minnelli-lecture-de-ses-poesies\/"]}]},{"@type":"BreadcrumbList","@id":"https:\/\/ladante.fr\/paris\/laura-minnelli-lecture-de-ses-poesies\/#breadcrumb","itemListElement":[{"@type":"ListItem","position":1,"name":"Accueil","item":"https:\/\/ladante.fr\/paris\/"},{"@type":"ListItem","position":2,"name":"LAURA MINNELLI &#8211; Lecture de ses po\u00e9sies"}]},{"@type":"WebSite","@id":"https:\/\/ladante.fr\/paris\/#website","url":"https:\/\/ladante.fr\/paris\/","name":"La Dante - Comit\u00e9 de Paris","description":"","potentialAction":[{"@type":"SearchAction","target":{"@type":"EntryPoint","urlTemplate":"https:\/\/ladante.fr\/paris\/?s={search_term_string}"},"query-input":"required name=search_term_string"}],"inLanguage":"fr-FR"},{"@type":"Person","@id":"https:\/\/ladante.fr\/paris\/#\/schema\/person\/68aed266df313cfba1339a72069dd605","name":"Mirko Venturi","image":{"@type":"ImageObject","inLanguage":"fr-FR","@id":"https:\/\/ladante.fr\/paris\/#\/schema\/person\/image\/","url":"https:\/\/secure.gravatar.com\/avatar\/d317780d5a3bd99a39a42e8f53ffd443?s=96&d=mm&r=g","contentUrl":"https:\/\/secure.gravatar.com\/avatar\/d317780d5a3bd99a39a42e8f53ffd443?s=96&d=mm&r=g","caption":"Mirko Venturi"},"url":"https:\/\/ladante.fr\/paris\/author\/mirko\/"}]}},"_links":{"self":[{"href":"https:\/\/ladante.fr\/paris\/wp-json\/wp\/v2\/posts\/1234"}],"collection":[{"href":"https:\/\/ladante.fr\/paris\/wp-json\/wp\/v2\/posts"}],"about":[{"href":"https:\/\/ladante.fr\/paris\/wp-json\/wp\/v2\/types\/post"}],"author":[{"embeddable":true,"href":"https:\/\/ladante.fr\/paris\/wp-json\/wp\/v2\/users\/4"}],"replies":[{"embeddable":true,"href":"https:\/\/ladante.fr\/paris\/wp-json\/wp\/v2\/comments?post=1234"}],"version-history":[{"count":1,"href":"https:\/\/ladante.fr\/paris\/wp-json\/wp\/v2\/posts\/1234\/revisions"}],"predecessor-version":[{"id":2165,"href":"https:\/\/ladante.fr\/paris\/wp-json\/wp\/v2\/posts\/1234\/revisions\/2165"}],"wp:attachment":[{"href":"https:\/\/ladante.fr\/paris\/wp-json\/wp\/v2\/media?parent=1234"}],"wp:term":[{"taxonomy":"category","embeddable":true,"href":"https:\/\/ladante.fr\/paris\/wp-json\/wp\/v2\/categories?post=1234"},{"taxonomy":"post_tag","embeddable":true,"href":"https:\/\/ladante.fr\/paris\/wp-json\/wp\/v2\/tags?post=1234"}],"curies":[{"name":"wp","href":"https:\/\/api.w.org\/{rel}","templated":true}]}}