{"id":1238,"date":"2013-11-06T11:58:21","date_gmt":"2013-11-06T10:58:21","guid":{"rendered":"http:\/\/la-dante.fr\/?p=1238"},"modified":"2018-02-10T18:56:39","modified_gmt":"2018-02-10T17:56:39","slug":"la-vera-storia-di-traviata","status":"publish","type":"post","link":"https:\/\/ladante.fr\/paris\/la-vera-storia-di-traviata\/","title":{"rendered":"La vera storia di Traviata"},"content":{"rendered":"<h2 class=\"postheader\" style=\"text-align: center;\"><img style=\"font-size: 16px;\" src=\"http:\/\/ladante.fr\/wp-content\/uploads\/2018\/01\/traviata.png\" alt=\"La vera storia di Traviata\" \/><\/h2>\n<p style=\"text-align: center;\"><strong>Roberto Giacone<\/strong><br \/>\n<em>Directeur de la Maison de l&rsquo;Italie de Paris<\/em><\/p>\n<p style=\"text-align: center;\"><strong>Michele Canonica<\/strong><br \/>\n<em>Pr\u00e9sident de la Societ\u00e0 Dante Alighieri \u2013 Comit\u00e9 de Paris<\/em><\/p>\n<p style=\"text-align: center;\">ont le plaisir de vous inviter,<br \/>\n\u00e0 l&rsquo;occasion du bicentenaire de la naissance de Giuseppe Verdi (1813-2013),<br \/>\nau spectacle-concert en langue italienne<\/p>\n<h4 style=\"text-align: center; text-transform: uppercase;\">La vera storia di Traviata<\/h4>\n<h6 style=\"text-align: center; text-transform: uppercase;\">Par et avec<\/h6>\n<div class=\"interventi\" style=\"text-align: center;\"><strong>Corrado Augias<\/strong>, narrateur<br \/>\n<strong>Giuseppe Fausto Modugno<\/strong>, piano et voix<\/div>\n<p style=\"text-align: justify;\">Avec la complicit\u00e9 du pianiste Giuseppe Fausto Modugno, le journaliste, \u00e9crivain et m\u00e9lomane Corrado Augias nous raconte la vie courte et tumultueuse de la c\u00e9l\u00e8bre courtisane fran\u00e7aise Marie Duplessis (1824-1847). Elle fut la ma\u00eetresse d&rsquo;Alexandre Dumas Fils, et lui inspira le personnage de Marguerite Gautier dans le roman La Dame aux cam\u00e9lias (1848) ainsi que dans son adaptation th\u00e9\u00e2trale (1852). Giuseppe Verdi assista \u00e0 cette derni\u00e8re, et en tira le personnage de Violetta Val\u00e9ry pour l&rsquo;op\u00e9ra en trois actes La Traviata (1853).<\/p>\n<p style=\"text-align: center;\">Entr\u00e9e dans la limite des places disponibles.<\/p>\n<p style=\"text-align: center;\"><strong>Lundi 9 d\u00e9cembre 2013, \u00e0 18h30<\/strong><\/p>\n<p style=\"text-align: center;\">Maison de l&rsquo;Italie &#8211; Cit\u00e9 Internationale Universitaire de Paris<br \/>\n7A boulevard Jourdan<br \/>\n75014 Paris<\/p>\n<div class=\"invito\" style=\"text-align: center;\"><span class=\"wf_file jcepopup noicon\"><img class=\"wf_file_icon\" src=\"http:\/\/ladante.fr\/wp-content\/uploads\/2018\/02\/pdf-1-e1517829938664.png\" alt=\"pdf\" \/><\/span><a class=\"wf_file jcepopup noicon\" title=\"La vera storia di Traviata\" href=\"http:\/\/ladante.fr\/wp-content\/uploads\/2018\/01\/2013.12.09_La_vera_storia_di_Traviata.pdf\" target=\"_blank\" rel=\"noopener\" data-mediabox=\"width[1024];height[768];title[La vera storia di Traviata]\"><span class=\"wf_file jcepopup noicon\"><span class=\"wf_file_text\">T\u00e9l\u00e9charger invitation<\/span><\/span><\/a><\/div>\n","protected":false},"excerpt":{"rendered":"<p>Roberto Giacone Directeur de la Maison de l&rsquo;Italie de Paris Michele Canonica Pr\u00e9sident de la Societ\u00e0 Dante Alighieri \u2013 Comit\u00e9 de Paris ont le plaisir de vous inviter, \u00e0 l&rsquo;occasion du bicentenaire de la naissance de Giuseppe Verdi (1813-2013), au spectacle-concert en langue italienne La vera storia di Traviata Par et avec Corrado Augias, narrateur [&hellip;]<\/p>\n","protected":false},"author":4,"featured_media":0,"comment_status":"open","ping_status":"open","sticky":false,"template":"","format":"image","meta":{"disable_featured_image":false,"_themeisle_gutenberg_block_has_review":false},"categories":[3],"tags":[],"yoast_head":"<!-- This site is optimized with the Yoast SEO plugin v20.1 - https:\/\/yoast.com\/wordpress\/plugins\/seo\/ -->\n<title>La vera storia di Traviata - La Dante - Comit\u00e9 de Paris<\/title>\n<meta name=\"robots\" content=\"index, follow, max-snippet:-1, max-image-preview:large, max-video-preview:-1\" \/>\n<link rel=\"canonical\" href=\"https:\/\/ladante.fr\/paris\/la-vera-storia-di-traviata\/\" \/>\n<meta property=\"og:locale\" content=\"fr_FR\" \/>\n<meta property=\"og:type\" content=\"article\" \/>\n<meta property=\"og:title\" content=\"La vera storia di Traviata - La Dante - Comit\u00e9 de Paris\" \/>\n<meta property=\"og:description\" content=\"Roberto Giacone Directeur de la Maison de l&rsquo;Italie de Paris Michele Canonica Pr\u00e9sident de la Societ\u00e0 Dante Alighieri \u2013 Comit\u00e9 de Paris ont le plaisir de vous inviter, \u00e0 l&rsquo;occasion du bicentenaire de la naissance de Giuseppe Verdi (1813-2013), au spectacle-concert en langue italienne La vera storia di Traviata Par et avec Corrado Augias, narrateur [&hellip;]\" \/>\n<meta property=\"og:url\" content=\"https:\/\/ladante.fr\/paris\/la-vera-storia-di-traviata\/\" \/>\n<meta property=\"og:site_name\" content=\"La Dante - Comit\u00e9 de Paris\" \/>\n<meta property=\"article:published_time\" content=\"2013-11-06T10:58:21+00:00\" \/>\n<meta property=\"article:modified_time\" content=\"2018-02-10T17:56:39+00:00\" \/>\n<meta property=\"og:image\" content=\"http:\/\/ladante.fr\/wp-content\/uploads\/2018\/01\/traviata.png\" \/>\n<meta name=\"author\" content=\"Mirko Venturi\" \/>\n<meta name=\"twitter:card\" content=\"summary_large_image\" \/>\n<meta name=\"twitter:label1\" content=\"\u00c9crit par\" \/>\n\t<meta name=\"twitter:data1\" content=\"Mirko Venturi\" \/>\n\t<meta name=\"twitter:label2\" content=\"Dur\u00e9e de lecture estim\u00e9e\" \/>\n\t<meta name=\"twitter:data2\" content=\"1 minute\" \/>\n<script type=\"application\/ld+json\" class=\"yoast-schema-graph\">{\"@context\":\"https:\/\/schema.org\",\"@graph\":[{\"@type\":\"WebPage\",\"@id\":\"https:\/\/ladante.fr\/paris\/la-vera-storia-di-traviata\/\",\"url\":\"https:\/\/ladante.fr\/paris\/la-vera-storia-di-traviata\/\",\"name\":\"La vera storia di Traviata - La Dante - Comit\u00e9 de Paris\",\"isPartOf\":{\"@id\":\"https:\/\/ladante.fr\/paris\/#website\"},\"datePublished\":\"2013-11-06T10:58:21+00:00\",\"dateModified\":\"2018-02-10T17:56:39+00:00\",\"author\":{\"@id\":\"https:\/\/ladante.fr\/paris\/#\/schema\/person\/68aed266df313cfba1339a72069dd605\"},\"breadcrumb\":{\"@id\":\"https:\/\/ladante.fr\/paris\/la-vera-storia-di-traviata\/#breadcrumb\"},\"inLanguage\":\"fr-FR\",\"potentialAction\":[{\"@type\":\"ReadAction\",\"target\":[\"https:\/\/ladante.fr\/paris\/la-vera-storia-di-traviata\/\"]}]},{\"@type\":\"BreadcrumbList\",\"@id\":\"https:\/\/ladante.fr\/paris\/la-vera-storia-di-traviata\/#breadcrumb\",\"itemListElement\":[{\"@type\":\"ListItem\",\"position\":1,\"name\":\"Accueil\",\"item\":\"https:\/\/ladante.fr\/paris\/\"},{\"@type\":\"ListItem\",\"position\":2,\"name\":\"La vera storia di Traviata\"}]},{\"@type\":\"WebSite\",\"@id\":\"https:\/\/ladante.fr\/paris\/#website\",\"url\":\"https:\/\/ladante.fr\/paris\/\",\"name\":\"La Dante - Comit\u00e9 de Paris\",\"description\":\"\",\"potentialAction\":[{\"@type\":\"SearchAction\",\"target\":{\"@type\":\"EntryPoint\",\"urlTemplate\":\"https:\/\/ladante.fr\/paris\/?s={search_term_string}\"},\"query-input\":\"required name=search_term_string\"}],\"inLanguage\":\"fr-FR\"},{\"@type\":\"Person\",\"@id\":\"https:\/\/ladante.fr\/paris\/#\/schema\/person\/68aed266df313cfba1339a72069dd605\",\"name\":\"Mirko Venturi\",\"image\":{\"@type\":\"ImageObject\",\"inLanguage\":\"fr-FR\",\"@id\":\"https:\/\/ladante.fr\/paris\/#\/schema\/person\/image\/\",\"url\":\"https:\/\/secure.gravatar.com\/avatar\/d317780d5a3bd99a39a42e8f53ffd443?s=96&d=mm&r=g\",\"contentUrl\":\"https:\/\/secure.gravatar.com\/avatar\/d317780d5a3bd99a39a42e8f53ffd443?s=96&d=mm&r=g\",\"caption\":\"Mirko Venturi\"},\"url\":\"https:\/\/ladante.fr\/paris\/author\/mirko\/\"}]}<\/script>\n<!-- \/ Yoast SEO plugin. -->","yoast_head_json":{"title":"La vera storia di Traviata - La Dante - Comit\u00e9 de Paris","robots":{"index":"index","follow":"follow","max-snippet":"max-snippet:-1","max-image-preview":"max-image-preview:large","max-video-preview":"max-video-preview:-1"},"canonical":"https:\/\/ladante.fr\/paris\/la-vera-storia-di-traviata\/","og_locale":"fr_FR","og_type":"article","og_title":"La vera storia di Traviata - La Dante - Comit\u00e9 de Paris","og_description":"Roberto Giacone Directeur de la Maison de l&rsquo;Italie de Paris Michele Canonica Pr\u00e9sident de la Societ\u00e0 Dante Alighieri \u2013 Comit\u00e9 de Paris ont le plaisir de vous inviter, \u00e0 l&rsquo;occasion du bicentenaire de la naissance de Giuseppe Verdi (1813-2013), au spectacle-concert en langue italienne La vera storia di Traviata Par et avec Corrado Augias, narrateur [&hellip;]","og_url":"https:\/\/ladante.fr\/paris\/la-vera-storia-di-traviata\/","og_site_name":"La Dante - Comit\u00e9 de Paris","article_published_time":"2013-11-06T10:58:21+00:00","article_modified_time":"2018-02-10T17:56:39+00:00","og_image":[{"url":"http:\/\/ladante.fr\/wp-content\/uploads\/2018\/01\/traviata.png"}],"author":"Mirko Venturi","twitter_card":"summary_large_image","twitter_misc":{"\u00c9crit par":"Mirko Venturi","Dur\u00e9e de lecture estim\u00e9e":"1 minute"},"schema":{"@context":"https:\/\/schema.org","@graph":[{"@type":"WebPage","@id":"https:\/\/ladante.fr\/paris\/la-vera-storia-di-traviata\/","url":"https:\/\/ladante.fr\/paris\/la-vera-storia-di-traviata\/","name":"La vera storia di Traviata - La Dante - Comit\u00e9 de Paris","isPartOf":{"@id":"https:\/\/ladante.fr\/paris\/#website"},"datePublished":"2013-11-06T10:58:21+00:00","dateModified":"2018-02-10T17:56:39+00:00","author":{"@id":"https:\/\/ladante.fr\/paris\/#\/schema\/person\/68aed266df313cfba1339a72069dd605"},"breadcrumb":{"@id":"https:\/\/ladante.fr\/paris\/la-vera-storia-di-traviata\/#breadcrumb"},"inLanguage":"fr-FR","potentialAction":[{"@type":"ReadAction","target":["https:\/\/ladante.fr\/paris\/la-vera-storia-di-traviata\/"]}]},{"@type":"BreadcrumbList","@id":"https:\/\/ladante.fr\/paris\/la-vera-storia-di-traviata\/#breadcrumb","itemListElement":[{"@type":"ListItem","position":1,"name":"Accueil","item":"https:\/\/ladante.fr\/paris\/"},{"@type":"ListItem","position":2,"name":"La vera storia di Traviata"}]},{"@type":"WebSite","@id":"https:\/\/ladante.fr\/paris\/#website","url":"https:\/\/ladante.fr\/paris\/","name":"La Dante - Comit\u00e9 de Paris","description":"","potentialAction":[{"@type":"SearchAction","target":{"@type":"EntryPoint","urlTemplate":"https:\/\/ladante.fr\/paris\/?s={search_term_string}"},"query-input":"required name=search_term_string"}],"inLanguage":"fr-FR"},{"@type":"Person","@id":"https:\/\/ladante.fr\/paris\/#\/schema\/person\/68aed266df313cfba1339a72069dd605","name":"Mirko Venturi","image":{"@type":"ImageObject","inLanguage":"fr-FR","@id":"https:\/\/ladante.fr\/paris\/#\/schema\/person\/image\/","url":"https:\/\/secure.gravatar.com\/avatar\/d317780d5a3bd99a39a42e8f53ffd443?s=96&d=mm&r=g","contentUrl":"https:\/\/secure.gravatar.com\/avatar\/d317780d5a3bd99a39a42e8f53ffd443?s=96&d=mm&r=g","caption":"Mirko Venturi"},"url":"https:\/\/ladante.fr\/paris\/author\/mirko\/"}]}},"_links":{"self":[{"href":"https:\/\/ladante.fr\/paris\/wp-json\/wp\/v2\/posts\/1238"}],"collection":[{"href":"https:\/\/ladante.fr\/paris\/wp-json\/wp\/v2\/posts"}],"about":[{"href":"https:\/\/ladante.fr\/paris\/wp-json\/wp\/v2\/types\/post"}],"author":[{"embeddable":true,"href":"https:\/\/ladante.fr\/paris\/wp-json\/wp\/v2\/users\/4"}],"replies":[{"embeddable":true,"href":"https:\/\/ladante.fr\/paris\/wp-json\/wp\/v2\/comments?post=1238"}],"version-history":[{"count":1,"href":"https:\/\/ladante.fr\/paris\/wp-json\/wp\/v2\/posts\/1238\/revisions"}],"predecessor-version":[{"id":2166,"href":"https:\/\/ladante.fr\/paris\/wp-json\/wp\/v2\/posts\/1238\/revisions\/2166"}],"wp:attachment":[{"href":"https:\/\/ladante.fr\/paris\/wp-json\/wp\/v2\/media?parent=1238"}],"wp:term":[{"taxonomy":"category","embeddable":true,"href":"https:\/\/ladante.fr\/paris\/wp-json\/wp\/v2\/categories?post=1238"},{"taxonomy":"post_tag","embeddable":true,"href":"https:\/\/ladante.fr\/paris\/wp-json\/wp\/v2\/tags?post=1238"}],"curies":[{"name":"wp","href":"https:\/\/api.w.org\/{rel}","templated":true}]}}