{"id":1243,"date":"2013-11-05T14:43:59","date_gmt":"2013-11-05T13:43:59","guid":{"rendered":"http:\/\/la-dante.fr\/?p=1243"},"modified":"2018-02-10T18:57:25","modified_gmt":"2018-02-10T17:57:25","slug":"ustica-1980-un-accident-davion-a-lepreuve-de-la-raison-detat","status":"publish","type":"post","link":"https:\/\/ladante.fr\/paris\/ustica-1980-un-accident-davion-a-lepreuve-de-la-raison-detat\/","title":{"rendered":"Ustica 1980 \u2013 Un accident d\u2019avion \u00e0 l\u2019\u00e9preuve de la raison d\u2019Etat"},"content":{"rendered":"<h2 class=\"postheader\" style=\"text-align: center;\"><img style=\"font-size: 16px;\" src=\"http:\/\/ladante.fr\/wp-content\/uploads\/2018\/01\/ustica.png\" alt=\"Ustica 1980 \u2013 Un accident d\u2019avion \u00e0 l\u2019\u00e9preuve de la raison d\u2019Etat\" \/><\/h2>\n<p style=\"text-align: center;\">Organis\u00e9 par la\u00a0<strong>Maison de l&rsquo;Italie<\/strong>, l\u2019<strong>A.N.P.I de Paris<\/strong>\u00a0et la\u00a0<strong>Societ\u00e0 Dante Alighieri &#8211; Comit\u00e9 de Paris<\/strong><\/p>\n<h4 style=\"text-align: center; text-transform: uppercase;\">USTICA 1980<br \/>\nUn accident d&rsquo;avion \u00e0 l&rsquo;\u00e9preuve de la raison d&rsquo;Etat<\/h4>\n<h6 style=\"text-align: center; text-transform: uppercase;\">Interventions de :<\/h6>\n<div class=\"interventi\" style=\"text-align: center;\"><strong>Daria Bonfietti,<\/strong>\u00a0Pr\u00e9sidente de l&rsquo;association des familles des victimes d\u2019Ustica<br \/>\n<strong>Rosario Priore<\/strong>, Juge d\u2019instruction de l\u2019affaire Ustica pendant vingt ans<br \/>\n<strong>Andrea Purgatori<\/strong>, Premier journaliste \u00e0 enqu\u00eater sur la trag\u00e9die<br \/>\net de repr\u00e9sentants du monde de la culture et des m\u00e9dias fran\u00e7ais et italiens<\/div>\n<div class=\"interventi\" style=\"text-align: center;\">Mod\u00e9rateur :\u00a0<strong>Mario Vaudano<\/strong>, Juge \u00e9m\u00e9rite<\/div>\n<p style=\"text-align: center;\">Entr\u00e9e libre dans la limite des places disponibles<\/p>\n<p style=\"text-align: center;\"><strong>Jeudi 28 novembre 2013, \u00e0 20h<\/strong><\/p>\n<p style=\"text-align: center;\">Maison de l&rsquo;Italie<br \/>\n7a Bd Jourdan<br \/>\n75014 Paris<\/p>\n<div class=\"invito\" style=\"text-align: center;\"><span class=\"wf_file jcepopup noicon\"><img class=\"wf_file_icon\" src=\"http:\/\/ladante.fr\/wp-content\/uploads\/2018\/02\/pdf-1-e1517829938664.png\" alt=\"pdf\" \/><\/span><a class=\"wf_file jcepopup noicon\" title=\"Ustica 1980 \u2013 Un accident d\u2019avion \u00e0 l\u2019\u00e9preuve de la raison d\u2019Etat\" href=\"http:\/\/ladante.fr\/wp-content\/uploads\/2018\/01\/2013.11.28_USTICA_1980.pdf\" target=\"_blank\" rel=\"noopener\" data-mediabox=\"width[1024];height[768];title[Ustica 1980 \u2013 Un accident d\u2019avion \u00e0 l\u2019\u00e9preuve de la raison d\u2019Etat]\"><span class=\"wf_file jcepopup noicon\"><span class=\"wf_file_text\">T\u00e9l\u00e9charger invitation<\/span><\/span><\/a><\/div>\n","protected":false},"excerpt":{"rendered":"<p>Organis\u00e9 par la\u00a0Maison de l&rsquo;Italie, l\u2019A.N.P.I de Paris\u00a0et la\u00a0Societ\u00e0 Dante Alighieri &#8211; Comit\u00e9 de Paris USTICA 1980 Un accident d&rsquo;avion \u00e0 l&rsquo;\u00e9preuve de la raison d&rsquo;Etat Interventions de : Daria Bonfietti,\u00a0Pr\u00e9sidente de l&rsquo;association des familles des victimes d\u2019Ustica Rosario Priore, Juge d\u2019instruction de l\u2019affaire Ustica pendant vingt ans Andrea Purgatori, Premier journaliste \u00e0 enqu\u00eater sur [&hellip;]<\/p>\n","protected":false},"author":4,"featured_media":0,"comment_status":"open","ping_status":"open","sticky":false,"template":"","format":"image","meta":{"disable_featured_image":false,"_themeisle_gutenberg_block_has_review":false},"categories":[3],"tags":[],"yoast_head":"<!-- This site is optimized with the Yoast SEO plugin v20.1 - https:\/\/yoast.com\/wordpress\/plugins\/seo\/ -->\n<title>Ustica 1980 \u2013 Un accident d\u2019avion \u00e0 l\u2019\u00e9preuve de la raison d\u2019Etat - La Dante - Comit\u00e9 de Paris<\/title>\n<meta name=\"robots\" content=\"index, follow, max-snippet:-1, max-image-preview:large, max-video-preview:-1\" \/>\n<link rel=\"canonical\" href=\"https:\/\/ladante.fr\/paris\/ustica-1980-un-accident-davion-a-lepreuve-de-la-raison-detat\/\" \/>\n<meta property=\"og:locale\" content=\"fr_FR\" \/>\n<meta property=\"og:type\" content=\"article\" \/>\n<meta property=\"og:title\" content=\"Ustica 1980 \u2013 Un accident d\u2019avion \u00e0 l\u2019\u00e9preuve de la raison d\u2019Etat - La Dante - Comit\u00e9 de Paris\" \/>\n<meta property=\"og:description\" content=\"Organis\u00e9 par la\u00a0Maison de l&rsquo;Italie, l\u2019A.N.P.I de Paris\u00a0et la\u00a0Societ\u00e0 Dante Alighieri &#8211; Comit\u00e9 de Paris USTICA 1980 Un accident d&rsquo;avion \u00e0 l&rsquo;\u00e9preuve de la raison d&rsquo;Etat Interventions de : Daria Bonfietti,\u00a0Pr\u00e9sidente de l&rsquo;association des familles des victimes d\u2019Ustica Rosario Priore, Juge d\u2019instruction de l\u2019affaire Ustica pendant vingt ans Andrea Purgatori, Premier journaliste \u00e0 enqu\u00eater sur [&hellip;]\" \/>\n<meta property=\"og:url\" content=\"https:\/\/ladante.fr\/paris\/ustica-1980-un-accident-davion-a-lepreuve-de-la-raison-detat\/\" \/>\n<meta property=\"og:site_name\" content=\"La Dante - Comit\u00e9 de Paris\" \/>\n<meta property=\"article:published_time\" content=\"2013-11-05T13:43:59+00:00\" \/>\n<meta property=\"article:modified_time\" content=\"2018-02-10T17:57:25+00:00\" \/>\n<meta property=\"og:image\" content=\"http:\/\/ladante.fr\/wp-content\/uploads\/2018\/01\/ustica.png\" \/>\n<meta name=\"author\" content=\"Mirko Venturi\" \/>\n<meta name=\"twitter:card\" content=\"summary_large_image\" \/>\n<meta name=\"twitter:label1\" content=\"\u00c9crit par\" \/>\n\t<meta name=\"twitter:data1\" content=\"Mirko Venturi\" \/>\n\t<meta name=\"twitter:label2\" content=\"Dur\u00e9e de lecture estim\u00e9e\" \/>\n\t<meta name=\"twitter:data2\" content=\"1 minute\" \/>\n<script type=\"application\/ld+json\" class=\"yoast-schema-graph\">{\"@context\":\"https:\/\/schema.org\",\"@graph\":[{\"@type\":\"WebPage\",\"@id\":\"https:\/\/ladante.fr\/paris\/ustica-1980-un-accident-davion-a-lepreuve-de-la-raison-detat\/\",\"url\":\"https:\/\/ladante.fr\/paris\/ustica-1980-un-accident-davion-a-lepreuve-de-la-raison-detat\/\",\"name\":\"Ustica 1980 \u2013 Un accident d\u2019avion \u00e0 l\u2019\u00e9preuve de la raison d\u2019Etat - La Dante - Comit\u00e9 de Paris\",\"isPartOf\":{\"@id\":\"https:\/\/ladante.fr\/paris\/#website\"},\"datePublished\":\"2013-11-05T13:43:59+00:00\",\"dateModified\":\"2018-02-10T17:57:25+00:00\",\"author\":{\"@id\":\"https:\/\/ladante.fr\/paris\/#\/schema\/person\/68aed266df313cfba1339a72069dd605\"},\"breadcrumb\":{\"@id\":\"https:\/\/ladante.fr\/paris\/ustica-1980-un-accident-davion-a-lepreuve-de-la-raison-detat\/#breadcrumb\"},\"inLanguage\":\"fr-FR\",\"potentialAction\":[{\"@type\":\"ReadAction\",\"target\":[\"https:\/\/ladante.fr\/paris\/ustica-1980-un-accident-davion-a-lepreuve-de-la-raison-detat\/\"]}]},{\"@type\":\"BreadcrumbList\",\"@id\":\"https:\/\/ladante.fr\/paris\/ustica-1980-un-accident-davion-a-lepreuve-de-la-raison-detat\/#breadcrumb\",\"itemListElement\":[{\"@type\":\"ListItem\",\"position\":1,\"name\":\"Accueil\",\"item\":\"https:\/\/ladante.fr\/paris\/\"},{\"@type\":\"ListItem\",\"position\":2,\"name\":\"Ustica 1980 \u2013 Un accident d\u2019avion \u00e0 l\u2019\u00e9preuve de la raison d\u2019Etat\"}]},{\"@type\":\"WebSite\",\"@id\":\"https:\/\/ladante.fr\/paris\/#website\",\"url\":\"https:\/\/ladante.fr\/paris\/\",\"name\":\"La Dante - Comit\u00e9 de Paris\",\"description\":\"\",\"potentialAction\":[{\"@type\":\"SearchAction\",\"target\":{\"@type\":\"EntryPoint\",\"urlTemplate\":\"https:\/\/ladante.fr\/paris\/?s={search_term_string}\"},\"query-input\":\"required name=search_term_string\"}],\"inLanguage\":\"fr-FR\"},{\"@type\":\"Person\",\"@id\":\"https:\/\/ladante.fr\/paris\/#\/schema\/person\/68aed266df313cfba1339a72069dd605\",\"name\":\"Mirko Venturi\",\"image\":{\"@type\":\"ImageObject\",\"inLanguage\":\"fr-FR\",\"@id\":\"https:\/\/ladante.fr\/paris\/#\/schema\/person\/image\/\",\"url\":\"https:\/\/secure.gravatar.com\/avatar\/d317780d5a3bd99a39a42e8f53ffd443?s=96&d=mm&r=g\",\"contentUrl\":\"https:\/\/secure.gravatar.com\/avatar\/d317780d5a3bd99a39a42e8f53ffd443?s=96&d=mm&r=g\",\"caption\":\"Mirko Venturi\"},\"url\":\"https:\/\/ladante.fr\/paris\/author\/mirko\/\"}]}<\/script>\n<!-- \/ Yoast SEO plugin. -->","yoast_head_json":{"title":"Ustica 1980 \u2013 Un accident d\u2019avion \u00e0 l\u2019\u00e9preuve de la raison d\u2019Etat - La Dante - Comit\u00e9 de Paris","robots":{"index":"index","follow":"follow","max-snippet":"max-snippet:-1","max-image-preview":"max-image-preview:large","max-video-preview":"max-video-preview:-1"},"canonical":"https:\/\/ladante.fr\/paris\/ustica-1980-un-accident-davion-a-lepreuve-de-la-raison-detat\/","og_locale":"fr_FR","og_type":"article","og_title":"Ustica 1980 \u2013 Un accident d\u2019avion \u00e0 l\u2019\u00e9preuve de la raison d\u2019Etat - La Dante - Comit\u00e9 de Paris","og_description":"Organis\u00e9 par la\u00a0Maison de l&rsquo;Italie, l\u2019A.N.P.I de Paris\u00a0et la\u00a0Societ\u00e0 Dante Alighieri &#8211; Comit\u00e9 de Paris USTICA 1980 Un accident d&rsquo;avion \u00e0 l&rsquo;\u00e9preuve de la raison d&rsquo;Etat Interventions de : Daria Bonfietti,\u00a0Pr\u00e9sidente de l&rsquo;association des familles des victimes d\u2019Ustica Rosario Priore, Juge d\u2019instruction de l\u2019affaire Ustica pendant vingt ans Andrea Purgatori, Premier journaliste \u00e0 enqu\u00eater sur [&hellip;]","og_url":"https:\/\/ladante.fr\/paris\/ustica-1980-un-accident-davion-a-lepreuve-de-la-raison-detat\/","og_site_name":"La Dante - Comit\u00e9 de Paris","article_published_time":"2013-11-05T13:43:59+00:00","article_modified_time":"2018-02-10T17:57:25+00:00","og_image":[{"url":"http:\/\/ladante.fr\/wp-content\/uploads\/2018\/01\/ustica.png"}],"author":"Mirko Venturi","twitter_card":"summary_large_image","twitter_misc":{"\u00c9crit par":"Mirko Venturi","Dur\u00e9e de lecture estim\u00e9e":"1 minute"},"schema":{"@context":"https:\/\/schema.org","@graph":[{"@type":"WebPage","@id":"https:\/\/ladante.fr\/paris\/ustica-1980-un-accident-davion-a-lepreuve-de-la-raison-detat\/","url":"https:\/\/ladante.fr\/paris\/ustica-1980-un-accident-davion-a-lepreuve-de-la-raison-detat\/","name":"Ustica 1980 \u2013 Un accident d\u2019avion \u00e0 l\u2019\u00e9preuve de la raison d\u2019Etat - La Dante - Comit\u00e9 de Paris","isPartOf":{"@id":"https:\/\/ladante.fr\/paris\/#website"},"datePublished":"2013-11-05T13:43:59+00:00","dateModified":"2018-02-10T17:57:25+00:00","author":{"@id":"https:\/\/ladante.fr\/paris\/#\/schema\/person\/68aed266df313cfba1339a72069dd605"},"breadcrumb":{"@id":"https:\/\/ladante.fr\/paris\/ustica-1980-un-accident-davion-a-lepreuve-de-la-raison-detat\/#breadcrumb"},"inLanguage":"fr-FR","potentialAction":[{"@type":"ReadAction","target":["https:\/\/ladante.fr\/paris\/ustica-1980-un-accident-davion-a-lepreuve-de-la-raison-detat\/"]}]},{"@type":"BreadcrumbList","@id":"https:\/\/ladante.fr\/paris\/ustica-1980-un-accident-davion-a-lepreuve-de-la-raison-detat\/#breadcrumb","itemListElement":[{"@type":"ListItem","position":1,"name":"Accueil","item":"https:\/\/ladante.fr\/paris\/"},{"@type":"ListItem","position":2,"name":"Ustica 1980 \u2013 Un accident d\u2019avion \u00e0 l\u2019\u00e9preuve de la raison d\u2019Etat"}]},{"@type":"WebSite","@id":"https:\/\/ladante.fr\/paris\/#website","url":"https:\/\/ladante.fr\/paris\/","name":"La Dante - Comit\u00e9 de Paris","description":"","potentialAction":[{"@type":"SearchAction","target":{"@type":"EntryPoint","urlTemplate":"https:\/\/ladante.fr\/paris\/?s={search_term_string}"},"query-input":"required name=search_term_string"}],"inLanguage":"fr-FR"},{"@type":"Person","@id":"https:\/\/ladante.fr\/paris\/#\/schema\/person\/68aed266df313cfba1339a72069dd605","name":"Mirko Venturi","image":{"@type":"ImageObject","inLanguage":"fr-FR","@id":"https:\/\/ladante.fr\/paris\/#\/schema\/person\/image\/","url":"https:\/\/secure.gravatar.com\/avatar\/d317780d5a3bd99a39a42e8f53ffd443?s=96&d=mm&r=g","contentUrl":"https:\/\/secure.gravatar.com\/avatar\/d317780d5a3bd99a39a42e8f53ffd443?s=96&d=mm&r=g","caption":"Mirko Venturi"},"url":"https:\/\/ladante.fr\/paris\/author\/mirko\/"}]}},"_links":{"self":[{"href":"https:\/\/ladante.fr\/paris\/wp-json\/wp\/v2\/posts\/1243"}],"collection":[{"href":"https:\/\/ladante.fr\/paris\/wp-json\/wp\/v2\/posts"}],"about":[{"href":"https:\/\/ladante.fr\/paris\/wp-json\/wp\/v2\/types\/post"}],"author":[{"embeddable":true,"href":"https:\/\/ladante.fr\/paris\/wp-json\/wp\/v2\/users\/4"}],"replies":[{"embeddable":true,"href":"https:\/\/ladante.fr\/paris\/wp-json\/wp\/v2\/comments?post=1243"}],"version-history":[{"count":1,"href":"https:\/\/ladante.fr\/paris\/wp-json\/wp\/v2\/posts\/1243\/revisions"}],"predecessor-version":[{"id":2167,"href":"https:\/\/ladante.fr\/paris\/wp-json\/wp\/v2\/posts\/1243\/revisions\/2167"}],"wp:attachment":[{"href":"https:\/\/ladante.fr\/paris\/wp-json\/wp\/v2\/media?parent=1243"}],"wp:term":[{"taxonomy":"category","embeddable":true,"href":"https:\/\/ladante.fr\/paris\/wp-json\/wp\/v2\/categories?post=1243"},{"taxonomy":"post_tag","embeddable":true,"href":"https:\/\/ladante.fr\/paris\/wp-json\/wp\/v2\/tags?post=1243"}],"curies":[{"name":"wp","href":"https:\/\/api.w.org\/{rel}","templated":true}]}}