{"id":1260,"date":"2013-09-28T15:00:04","date_gmt":"2013-09-28T13:00:04","guid":{"rendered":"http:\/\/la-dante.fr\/?p=1260"},"modified":"2018-02-10T19:04:36","modified_gmt":"2018-02-10T18:04:36","slug":"miriam-mafai-una-vita-quasi-due","status":"publish","type":"post","link":"https:\/\/ladante.fr\/paris\/miriam-mafai-una-vita-quasi-due\/","title":{"rendered":"Miriam Mafai &#8211; Una vita, quasi due"},"content":{"rendered":"<h2 class=\"postheader\" style=\"text-align: center;\"><img style=\"font-size: 16px;\" src=\"http:\/\/ladante.fr\/wp-content\/uploads\/2018\/01\/miriam-mafai.png\" alt=\"Miriam Mafai - Una vita, quasi due\" \/><\/h2>\n<p style=\"text-align: center;\"><strong>Florence Raut<\/strong><br \/>\n<em>Direttrice de La Libreria &#8211; Librairie italienne et fran\u00e7aise<\/em><\/p>\n<p style=\"text-align: center;\"><strong>Aurelio Alaimo<\/strong><br \/>\n<em>Preside del Liceo Italiano Leonardo da Vinci<\/em><\/p>\n<p style=\"text-align: center;\"><strong>Michele Canonica<\/strong><br \/>\n<em>Pr\u00e9sident de la Societ\u00e0 Dante Alighieri &#8211; Comit\u00e9 de Paris<\/em><\/p>\n<p style=\"text-align: center;\">ont le plaisir de vous inviter \u00e0 un d\u00e9bat en italien sur le livre<\/p>\n<h4 style=\"text-align: center; text-transform: uppercase;\">Una vita, quasi due<\/h4>\n<h6 style=\"text-align: center;\">Autobiografia incompiuta di Miriam Mafai (1926-2012)<br \/>\nEdizioni Rizzoli<\/h6>\n<h6 style=\"text-align: center; text-transform: uppercase;\">Interventions de\u00a0:<\/h6>\n<p style=\"text-align: center;\"><strong>Corrado Augias<\/strong>, journaliste et \u00e9crivain<\/p>\n<p style=\"text-align: center;\"><strong>Marc Lazar<\/strong>, professeur \u00e0 Sciences Po (Paris) et \u00e0 la LUISS (Rome)<\/p>\n<p style=\"text-align: center;\"><strong>Sara Scalia<\/strong>, fille de Miriam Mafai, journaliste et \u00e9ditrice de cet ouvrage<\/p>\n<div class=\"invito\" style=\"text-align: center;\"><a class=\"wf_file jcepopup noicon\" title=\"Miriam Mafai - Una vita, quasi due\" href=\"http:\/\/ladante.fr\/wp-content\/uploads\/2018\/01\/Invitation_Miriam-Mafai-Una-vita-quasi-due.pdf\" target=\"_blank\" rel=\"noopener\" data-mediabox=\"width[1024];height[768];title[Una vita, quasi due]\"><img class=\"wf_file_icon\" src=\"http:\/\/ladante.fr\/wp-content\/uploads\/2018\/02\/pdf-1-e1517829938664.png\" alt=\"pdf\" \/><span class=\"wf_file_text\">T\u00e9l\u00e9charger invitation<\/span><\/a><\/div>\n<p style=\"text-align: center;\"><strong>Mercredi 23 octobre 2013, \u00e0 18h<\/strong><\/p>\n<p style=\"text-align: center;\">Lyc\u00e9e Italien Leonardo Da Vinci<br \/>\n12 rue S\u00e9dillot<br \/>\n75007 Paris<\/p>\n","protected":false},"excerpt":{"rendered":"<p>Florence Raut Direttrice de La Libreria &#8211; Librairie italienne et fran\u00e7aise Aurelio Alaimo Preside del Liceo Italiano Leonardo da Vinci Michele Canonica Pr\u00e9sident de la Societ\u00e0 Dante Alighieri &#8211; Comit\u00e9 de Paris ont le plaisir de vous inviter \u00e0 un d\u00e9bat en italien sur le livre Una vita, quasi due Autobiografia incompiuta di Miriam Mafai [&hellip;]<\/p>\n","protected":false},"author":4,"featured_media":0,"comment_status":"open","ping_status":"open","sticky":false,"template":"","format":"image","meta":{"disable_featured_image":false,"_themeisle_gutenberg_block_has_review":false},"categories":[3],"tags":[],"yoast_head":"<!-- This site is optimized with the Yoast SEO plugin v20.1 - https:\/\/yoast.com\/wordpress\/plugins\/seo\/ -->\n<title>Miriam Mafai - Una vita, quasi due - La Dante - Comit\u00e9 de Paris<\/title>\n<meta name=\"robots\" content=\"index, follow, max-snippet:-1, max-image-preview:large, max-video-preview:-1\" \/>\n<link rel=\"canonical\" href=\"https:\/\/ladante.fr\/paris\/miriam-mafai-una-vita-quasi-due\/\" \/>\n<meta property=\"og:locale\" content=\"fr_FR\" \/>\n<meta property=\"og:type\" content=\"article\" \/>\n<meta property=\"og:title\" content=\"Miriam Mafai - Una vita, quasi due - La Dante - Comit\u00e9 de Paris\" \/>\n<meta property=\"og:description\" content=\"Florence Raut Direttrice de La Libreria &#8211; Librairie italienne et fran\u00e7aise Aurelio Alaimo Preside del Liceo Italiano Leonardo da Vinci Michele Canonica Pr\u00e9sident de la Societ\u00e0 Dante Alighieri &#8211; Comit\u00e9 de Paris ont le plaisir de vous inviter \u00e0 un d\u00e9bat en italien sur le livre Una vita, quasi due Autobiografia incompiuta di Miriam Mafai [&hellip;]\" \/>\n<meta property=\"og:url\" content=\"https:\/\/ladante.fr\/paris\/miriam-mafai-una-vita-quasi-due\/\" \/>\n<meta property=\"og:site_name\" content=\"La Dante - Comit\u00e9 de Paris\" \/>\n<meta property=\"article:published_time\" content=\"2013-09-28T13:00:04+00:00\" \/>\n<meta property=\"article:modified_time\" content=\"2018-02-10T18:04:36+00:00\" \/>\n<meta property=\"og:image\" content=\"http:\/\/ladante.fr\/wp-content\/uploads\/2018\/01\/miriam-mafai.png\" \/>\n<meta name=\"author\" content=\"Mirko Venturi\" \/>\n<meta name=\"twitter:card\" content=\"summary_large_image\" \/>\n<meta name=\"twitter:label1\" content=\"\u00c9crit par\" \/>\n\t<meta name=\"twitter:data1\" content=\"Mirko Venturi\" \/>\n\t<meta name=\"twitter:label2\" content=\"Dur\u00e9e de lecture estim\u00e9e\" \/>\n\t<meta name=\"twitter:data2\" content=\"1 minute\" \/>\n<script type=\"application\/ld+json\" class=\"yoast-schema-graph\">{\"@context\":\"https:\/\/schema.org\",\"@graph\":[{\"@type\":\"WebPage\",\"@id\":\"https:\/\/ladante.fr\/paris\/miriam-mafai-una-vita-quasi-due\/\",\"url\":\"https:\/\/ladante.fr\/paris\/miriam-mafai-una-vita-quasi-due\/\",\"name\":\"Miriam Mafai - Una vita, quasi due - La Dante - Comit\u00e9 de Paris\",\"isPartOf\":{\"@id\":\"https:\/\/ladante.fr\/paris\/#website\"},\"datePublished\":\"2013-09-28T13:00:04+00:00\",\"dateModified\":\"2018-02-10T18:04:36+00:00\",\"author\":{\"@id\":\"https:\/\/ladante.fr\/paris\/#\/schema\/person\/68aed266df313cfba1339a72069dd605\"},\"breadcrumb\":{\"@id\":\"https:\/\/ladante.fr\/paris\/miriam-mafai-una-vita-quasi-due\/#breadcrumb\"},\"inLanguage\":\"fr-FR\",\"potentialAction\":[{\"@type\":\"ReadAction\",\"target\":[\"https:\/\/ladante.fr\/paris\/miriam-mafai-una-vita-quasi-due\/\"]}]},{\"@type\":\"BreadcrumbList\",\"@id\":\"https:\/\/ladante.fr\/paris\/miriam-mafai-una-vita-quasi-due\/#breadcrumb\",\"itemListElement\":[{\"@type\":\"ListItem\",\"position\":1,\"name\":\"Accueil\",\"item\":\"https:\/\/ladante.fr\/paris\/\"},{\"@type\":\"ListItem\",\"position\":2,\"name\":\"Miriam Mafai &#8211; Una vita, quasi due\"}]},{\"@type\":\"WebSite\",\"@id\":\"https:\/\/ladante.fr\/paris\/#website\",\"url\":\"https:\/\/ladante.fr\/paris\/\",\"name\":\"La Dante - Comit\u00e9 de Paris\",\"description\":\"\",\"potentialAction\":[{\"@type\":\"SearchAction\",\"target\":{\"@type\":\"EntryPoint\",\"urlTemplate\":\"https:\/\/ladante.fr\/paris\/?s={search_term_string}\"},\"query-input\":\"required name=search_term_string\"}],\"inLanguage\":\"fr-FR\"},{\"@type\":\"Person\",\"@id\":\"https:\/\/ladante.fr\/paris\/#\/schema\/person\/68aed266df313cfba1339a72069dd605\",\"name\":\"Mirko Venturi\",\"image\":{\"@type\":\"ImageObject\",\"inLanguage\":\"fr-FR\",\"@id\":\"https:\/\/ladante.fr\/paris\/#\/schema\/person\/image\/\",\"url\":\"https:\/\/secure.gravatar.com\/avatar\/d317780d5a3bd99a39a42e8f53ffd443?s=96&d=mm&r=g\",\"contentUrl\":\"https:\/\/secure.gravatar.com\/avatar\/d317780d5a3bd99a39a42e8f53ffd443?s=96&d=mm&r=g\",\"caption\":\"Mirko Venturi\"},\"url\":\"https:\/\/ladante.fr\/paris\/author\/mirko\/\"}]}<\/script>\n<!-- \/ Yoast SEO plugin. -->","yoast_head_json":{"title":"Miriam Mafai - Una vita, quasi due - La Dante - Comit\u00e9 de Paris","robots":{"index":"index","follow":"follow","max-snippet":"max-snippet:-1","max-image-preview":"max-image-preview:large","max-video-preview":"max-video-preview:-1"},"canonical":"https:\/\/ladante.fr\/paris\/miriam-mafai-una-vita-quasi-due\/","og_locale":"fr_FR","og_type":"article","og_title":"Miriam Mafai - Una vita, quasi due - La Dante - Comit\u00e9 de Paris","og_description":"Florence Raut Direttrice de La Libreria &#8211; Librairie italienne et fran\u00e7aise Aurelio Alaimo Preside del Liceo Italiano Leonardo da Vinci Michele Canonica Pr\u00e9sident de la Societ\u00e0 Dante Alighieri &#8211; Comit\u00e9 de Paris ont le plaisir de vous inviter \u00e0 un d\u00e9bat en italien sur le livre Una vita, quasi due Autobiografia incompiuta di Miriam Mafai [&hellip;]","og_url":"https:\/\/ladante.fr\/paris\/miriam-mafai-una-vita-quasi-due\/","og_site_name":"La Dante - Comit\u00e9 de Paris","article_published_time":"2013-09-28T13:00:04+00:00","article_modified_time":"2018-02-10T18:04:36+00:00","og_image":[{"url":"http:\/\/ladante.fr\/wp-content\/uploads\/2018\/01\/miriam-mafai.png"}],"author":"Mirko Venturi","twitter_card":"summary_large_image","twitter_misc":{"\u00c9crit par":"Mirko Venturi","Dur\u00e9e de lecture estim\u00e9e":"1 minute"},"schema":{"@context":"https:\/\/schema.org","@graph":[{"@type":"WebPage","@id":"https:\/\/ladante.fr\/paris\/miriam-mafai-una-vita-quasi-due\/","url":"https:\/\/ladante.fr\/paris\/miriam-mafai-una-vita-quasi-due\/","name":"Miriam Mafai - Una vita, quasi due - La Dante - Comit\u00e9 de Paris","isPartOf":{"@id":"https:\/\/ladante.fr\/paris\/#website"},"datePublished":"2013-09-28T13:00:04+00:00","dateModified":"2018-02-10T18:04:36+00:00","author":{"@id":"https:\/\/ladante.fr\/paris\/#\/schema\/person\/68aed266df313cfba1339a72069dd605"},"breadcrumb":{"@id":"https:\/\/ladante.fr\/paris\/miriam-mafai-una-vita-quasi-due\/#breadcrumb"},"inLanguage":"fr-FR","potentialAction":[{"@type":"ReadAction","target":["https:\/\/ladante.fr\/paris\/miriam-mafai-una-vita-quasi-due\/"]}]},{"@type":"BreadcrumbList","@id":"https:\/\/ladante.fr\/paris\/miriam-mafai-una-vita-quasi-due\/#breadcrumb","itemListElement":[{"@type":"ListItem","position":1,"name":"Accueil","item":"https:\/\/ladante.fr\/paris\/"},{"@type":"ListItem","position":2,"name":"Miriam Mafai &#8211; Una vita, quasi due"}]},{"@type":"WebSite","@id":"https:\/\/ladante.fr\/paris\/#website","url":"https:\/\/ladante.fr\/paris\/","name":"La Dante - Comit\u00e9 de Paris","description":"","potentialAction":[{"@type":"SearchAction","target":{"@type":"EntryPoint","urlTemplate":"https:\/\/ladante.fr\/paris\/?s={search_term_string}"},"query-input":"required name=search_term_string"}],"inLanguage":"fr-FR"},{"@type":"Person","@id":"https:\/\/ladante.fr\/paris\/#\/schema\/person\/68aed266df313cfba1339a72069dd605","name":"Mirko Venturi","image":{"@type":"ImageObject","inLanguage":"fr-FR","@id":"https:\/\/ladante.fr\/paris\/#\/schema\/person\/image\/","url":"https:\/\/secure.gravatar.com\/avatar\/d317780d5a3bd99a39a42e8f53ffd443?s=96&d=mm&r=g","contentUrl":"https:\/\/secure.gravatar.com\/avatar\/d317780d5a3bd99a39a42e8f53ffd443?s=96&d=mm&r=g","caption":"Mirko Venturi"},"url":"https:\/\/ladante.fr\/paris\/author\/mirko\/"}]}},"_links":{"self":[{"href":"https:\/\/ladante.fr\/paris\/wp-json\/wp\/v2\/posts\/1260"}],"collection":[{"href":"https:\/\/ladante.fr\/paris\/wp-json\/wp\/v2\/posts"}],"about":[{"href":"https:\/\/ladante.fr\/paris\/wp-json\/wp\/v2\/types\/post"}],"author":[{"embeddable":true,"href":"https:\/\/ladante.fr\/paris\/wp-json\/wp\/v2\/users\/4"}],"replies":[{"embeddable":true,"href":"https:\/\/ladante.fr\/paris\/wp-json\/wp\/v2\/comments?post=1260"}],"version-history":[{"count":1,"href":"https:\/\/ladante.fr\/paris\/wp-json\/wp\/v2\/posts\/1260\/revisions"}],"predecessor-version":[{"id":2173,"href":"https:\/\/ladante.fr\/paris\/wp-json\/wp\/v2\/posts\/1260\/revisions\/2173"}],"wp:attachment":[{"href":"https:\/\/ladante.fr\/paris\/wp-json\/wp\/v2\/media?parent=1260"}],"wp:term":[{"taxonomy":"category","embeddable":true,"href":"https:\/\/ladante.fr\/paris\/wp-json\/wp\/v2\/categories?post=1260"},{"taxonomy":"post_tag","embeddable":true,"href":"https:\/\/ladante.fr\/paris\/wp-json\/wp\/v2\/tags?post=1260"}],"curies":[{"name":"wp","href":"https:\/\/api.w.org\/{rel}","templated":true}]}}