{"id":1265,"date":"2013-09-13T15:04:35","date_gmt":"2013-09-13T13:04:35","guid":{"rendered":"http:\/\/la-dante.fr\/?p=1265"},"modified":"2018-02-10T19:05:22","modified_gmt":"2018-02-10T18:05:22","slug":"aldo-toscano-io-mi-sono-salvato","status":"publish","type":"post","link":"https:\/\/ladante.fr\/paris\/aldo-toscano-io-mi-sono-salvato\/","title":{"rendered":"Aldo Toscano &#8211; Io mi sono salvato"},"content":{"rendered":"<h2 class=\"postheader\" style=\"text-align: center;\"><img style=\"font-size: 16px;\" src=\"http:\/\/ladante.fr\/wp-content\/uploads\/2018\/01\/aldo-toscano.png\" alt=\"Io mi sono salvato\" \/><\/h2>\n<h4 style=\"text-align: center; text-transform: uppercase;\">Aldo TOSCANO<br \/>\n<em>Io mi sono salvato<\/em><br \/>\nL\u2019olocausto del Lago Maggiore<br \/>\ne gli anni dell\u2019internamento in Svizzera (1943-1945)<\/h4>\n<h6 style=\"text-align: center;\">Interlinea Edizioni<\/h6>\n<h6 style=\"text-align: center;\">Pr\u00e9sent\u00e9 par Alberto Toscano<\/h6>\n<h6 style=\"text-align: center;\">En pr\u00e9sence de :<\/h6>\n<h6 style=\"text-align: center;\">Jean Rony<br \/>\nHistorien et italianiste<\/h6>\n<h6 style=\"text-align: center;\">Michele Canonica<br \/>\nPr\u00e9sident du Comit\u00e9 de Paris de la Societ\u00e0 Dante Alighieri<\/h6>\n<p style=\"text-align: justify;\"><strong>Alberto Toscano<\/strong>\u00a0pr\u00e9sente \u00e0\u00a0<strong>La Libreria<\/strong>\u00a0un ouvrage auquel il tient beaucoup : le journal in\u00e9dit de son p\u00e8re, Aldo Toscano, juif de Novara qui \u00e9chappa au massacre perp\u00e9tr\u00e9 par les soldats du premier bataillon SS du second r\u00e9giment de la division cuirass\u00e9 Leibstandarte \u00ab\u00a0Adolf Hitler\u00a0\u00bb.<\/p>\n<p style=\"text-align: center;\">D\u00e9couvrez\u00a0<strong><a title=\"Entretien avec Alberto Toscano, journaliste et \u00e9crivain\" href=\"http:\/\/italieendirect.italieaparis.net\/article\/entretien-avec-alberto-toscano-journaliste-et-ecrivain-87\/\" target=\"_blank\" rel=\"noopener\">l\u2019entretien de Michele Canonica avec Alberto Toscano<\/a><\/strong>, publi\u00e9 par le site web\u00a0<strong>L\u2019Italie en direct<\/strong>.<\/p>\n<p style=\"text-align: center;\"><strong>Vendredi 18 octobre 2013, \u00e0 19h<\/strong><\/p>\n<p style=\"text-align: center;\">La Libreria<br \/>\n89 rue du Faubourg Poissonni\u00e8re<br \/>\n75009 Paris<br \/>\nT\u00e9l. : 01 40 22 06 94<br \/>\nInformations :\u00a0<a title=\"La Libreria\" href=\"http:\/\/blog.libreria.fr\/\" target=\"_blank\" rel=\"noopener\">http:\/\/blog.libreria.fr<\/a><\/p>\n","protected":false},"excerpt":{"rendered":"<p>Aldo TOSCANO Io mi sono salvato L\u2019olocausto del Lago Maggiore e gli anni dell\u2019internamento in Svizzera (1943-1945) Interlinea Edizioni Pr\u00e9sent\u00e9 par Alberto Toscano En pr\u00e9sence de : Jean Rony Historien et italianiste Michele Canonica Pr\u00e9sident du Comit\u00e9 de Paris de la Societ\u00e0 Dante Alighieri Alberto Toscano\u00a0pr\u00e9sente \u00e0\u00a0La Libreria\u00a0un ouvrage auquel il tient beaucoup : le [&hellip;]<\/p>\n","protected":false},"author":4,"featured_media":0,"comment_status":"open","ping_status":"open","sticky":false,"template":"","format":"image","meta":{"disable_featured_image":false,"_themeisle_gutenberg_block_has_review":false},"categories":[3],"tags":[],"yoast_head":"<!-- This site is optimized with the Yoast SEO plugin v20.1 - https:\/\/yoast.com\/wordpress\/plugins\/seo\/ -->\n<title>Aldo Toscano - Io mi sono salvato - La Dante - Comit\u00e9 de Paris<\/title>\n<meta name=\"robots\" content=\"index, follow, max-snippet:-1, max-image-preview:large, max-video-preview:-1\" \/>\n<link rel=\"canonical\" href=\"https:\/\/ladante.fr\/paris\/aldo-toscano-io-mi-sono-salvato\/\" \/>\n<meta property=\"og:locale\" content=\"fr_FR\" \/>\n<meta property=\"og:type\" content=\"article\" \/>\n<meta property=\"og:title\" content=\"Aldo Toscano - Io mi sono salvato - La Dante - Comit\u00e9 de Paris\" \/>\n<meta property=\"og:description\" content=\"Aldo TOSCANO Io mi sono salvato L\u2019olocausto del Lago Maggiore e gli anni dell\u2019internamento in Svizzera (1943-1945) Interlinea Edizioni Pr\u00e9sent\u00e9 par Alberto Toscano En pr\u00e9sence de : Jean Rony Historien et italianiste Michele Canonica Pr\u00e9sident du Comit\u00e9 de Paris de la Societ\u00e0 Dante Alighieri Alberto Toscano\u00a0pr\u00e9sente \u00e0\u00a0La Libreria\u00a0un ouvrage auquel il tient beaucoup : le [&hellip;]\" \/>\n<meta property=\"og:url\" content=\"https:\/\/ladante.fr\/paris\/aldo-toscano-io-mi-sono-salvato\/\" \/>\n<meta property=\"og:site_name\" content=\"La Dante - Comit\u00e9 de Paris\" \/>\n<meta property=\"article:published_time\" content=\"2013-09-13T13:04:35+00:00\" \/>\n<meta property=\"article:modified_time\" content=\"2018-02-10T18:05:22+00:00\" \/>\n<meta property=\"og:image\" content=\"http:\/\/ladante.fr\/wp-content\/uploads\/2018\/01\/aldo-toscano.png\" \/>\n<meta name=\"author\" content=\"Mirko Venturi\" \/>\n<meta name=\"twitter:card\" content=\"summary_large_image\" \/>\n<meta name=\"twitter:label1\" content=\"\u00c9crit par\" \/>\n\t<meta name=\"twitter:data1\" content=\"Mirko Venturi\" \/>\n\t<meta name=\"twitter:label2\" content=\"Dur\u00e9e de lecture estim\u00e9e\" \/>\n\t<meta name=\"twitter:data2\" content=\"1 minute\" \/>\n<script type=\"application\/ld+json\" class=\"yoast-schema-graph\">{\"@context\":\"https:\/\/schema.org\",\"@graph\":[{\"@type\":\"WebPage\",\"@id\":\"https:\/\/ladante.fr\/paris\/aldo-toscano-io-mi-sono-salvato\/\",\"url\":\"https:\/\/ladante.fr\/paris\/aldo-toscano-io-mi-sono-salvato\/\",\"name\":\"Aldo Toscano - Io mi sono salvato - La Dante - Comit\u00e9 de Paris\",\"isPartOf\":{\"@id\":\"https:\/\/ladante.fr\/paris\/#website\"},\"datePublished\":\"2013-09-13T13:04:35+00:00\",\"dateModified\":\"2018-02-10T18:05:22+00:00\",\"author\":{\"@id\":\"https:\/\/ladante.fr\/paris\/#\/schema\/person\/68aed266df313cfba1339a72069dd605\"},\"breadcrumb\":{\"@id\":\"https:\/\/ladante.fr\/paris\/aldo-toscano-io-mi-sono-salvato\/#breadcrumb\"},\"inLanguage\":\"fr-FR\",\"potentialAction\":[{\"@type\":\"ReadAction\",\"target\":[\"https:\/\/ladante.fr\/paris\/aldo-toscano-io-mi-sono-salvato\/\"]}]},{\"@type\":\"BreadcrumbList\",\"@id\":\"https:\/\/ladante.fr\/paris\/aldo-toscano-io-mi-sono-salvato\/#breadcrumb\",\"itemListElement\":[{\"@type\":\"ListItem\",\"position\":1,\"name\":\"Accueil\",\"item\":\"https:\/\/ladante.fr\/paris\/\"},{\"@type\":\"ListItem\",\"position\":2,\"name\":\"Aldo Toscano &#8211; Io mi sono salvato\"}]},{\"@type\":\"WebSite\",\"@id\":\"https:\/\/ladante.fr\/paris\/#website\",\"url\":\"https:\/\/ladante.fr\/paris\/\",\"name\":\"La Dante - Comit\u00e9 de Paris\",\"description\":\"\",\"potentialAction\":[{\"@type\":\"SearchAction\",\"target\":{\"@type\":\"EntryPoint\",\"urlTemplate\":\"https:\/\/ladante.fr\/paris\/?s={search_term_string}\"},\"query-input\":\"required name=search_term_string\"}],\"inLanguage\":\"fr-FR\"},{\"@type\":\"Person\",\"@id\":\"https:\/\/ladante.fr\/paris\/#\/schema\/person\/68aed266df313cfba1339a72069dd605\",\"name\":\"Mirko Venturi\",\"image\":{\"@type\":\"ImageObject\",\"inLanguage\":\"fr-FR\",\"@id\":\"https:\/\/ladante.fr\/paris\/#\/schema\/person\/image\/\",\"url\":\"https:\/\/secure.gravatar.com\/avatar\/d317780d5a3bd99a39a42e8f53ffd443?s=96&d=mm&r=g\",\"contentUrl\":\"https:\/\/secure.gravatar.com\/avatar\/d317780d5a3bd99a39a42e8f53ffd443?s=96&d=mm&r=g\",\"caption\":\"Mirko Venturi\"},\"url\":\"https:\/\/ladante.fr\/paris\/author\/mirko\/\"}]}<\/script>\n<!-- \/ Yoast SEO plugin. -->","yoast_head_json":{"title":"Aldo Toscano - Io mi sono salvato - La Dante - Comit\u00e9 de Paris","robots":{"index":"index","follow":"follow","max-snippet":"max-snippet:-1","max-image-preview":"max-image-preview:large","max-video-preview":"max-video-preview:-1"},"canonical":"https:\/\/ladante.fr\/paris\/aldo-toscano-io-mi-sono-salvato\/","og_locale":"fr_FR","og_type":"article","og_title":"Aldo Toscano - Io mi sono salvato - La Dante - Comit\u00e9 de Paris","og_description":"Aldo TOSCANO Io mi sono salvato L\u2019olocausto del Lago Maggiore e gli anni dell\u2019internamento in Svizzera (1943-1945) Interlinea Edizioni Pr\u00e9sent\u00e9 par Alberto Toscano En pr\u00e9sence de : Jean Rony Historien et italianiste Michele Canonica Pr\u00e9sident du Comit\u00e9 de Paris de la Societ\u00e0 Dante Alighieri Alberto Toscano\u00a0pr\u00e9sente \u00e0\u00a0La Libreria\u00a0un ouvrage auquel il tient beaucoup : le [&hellip;]","og_url":"https:\/\/ladante.fr\/paris\/aldo-toscano-io-mi-sono-salvato\/","og_site_name":"La Dante - Comit\u00e9 de Paris","article_published_time":"2013-09-13T13:04:35+00:00","article_modified_time":"2018-02-10T18:05:22+00:00","og_image":[{"url":"http:\/\/ladante.fr\/wp-content\/uploads\/2018\/01\/aldo-toscano.png"}],"author":"Mirko Venturi","twitter_card":"summary_large_image","twitter_misc":{"\u00c9crit par":"Mirko Venturi","Dur\u00e9e de lecture estim\u00e9e":"1 minute"},"schema":{"@context":"https:\/\/schema.org","@graph":[{"@type":"WebPage","@id":"https:\/\/ladante.fr\/paris\/aldo-toscano-io-mi-sono-salvato\/","url":"https:\/\/ladante.fr\/paris\/aldo-toscano-io-mi-sono-salvato\/","name":"Aldo Toscano - Io mi sono salvato - La Dante - Comit\u00e9 de Paris","isPartOf":{"@id":"https:\/\/ladante.fr\/paris\/#website"},"datePublished":"2013-09-13T13:04:35+00:00","dateModified":"2018-02-10T18:05:22+00:00","author":{"@id":"https:\/\/ladante.fr\/paris\/#\/schema\/person\/68aed266df313cfba1339a72069dd605"},"breadcrumb":{"@id":"https:\/\/ladante.fr\/paris\/aldo-toscano-io-mi-sono-salvato\/#breadcrumb"},"inLanguage":"fr-FR","potentialAction":[{"@type":"ReadAction","target":["https:\/\/ladante.fr\/paris\/aldo-toscano-io-mi-sono-salvato\/"]}]},{"@type":"BreadcrumbList","@id":"https:\/\/ladante.fr\/paris\/aldo-toscano-io-mi-sono-salvato\/#breadcrumb","itemListElement":[{"@type":"ListItem","position":1,"name":"Accueil","item":"https:\/\/ladante.fr\/paris\/"},{"@type":"ListItem","position":2,"name":"Aldo Toscano &#8211; Io mi sono salvato"}]},{"@type":"WebSite","@id":"https:\/\/ladante.fr\/paris\/#website","url":"https:\/\/ladante.fr\/paris\/","name":"La Dante - Comit\u00e9 de Paris","description":"","potentialAction":[{"@type":"SearchAction","target":{"@type":"EntryPoint","urlTemplate":"https:\/\/ladante.fr\/paris\/?s={search_term_string}"},"query-input":"required name=search_term_string"}],"inLanguage":"fr-FR"},{"@type":"Person","@id":"https:\/\/ladante.fr\/paris\/#\/schema\/person\/68aed266df313cfba1339a72069dd605","name":"Mirko Venturi","image":{"@type":"ImageObject","inLanguage":"fr-FR","@id":"https:\/\/ladante.fr\/paris\/#\/schema\/person\/image\/","url":"https:\/\/secure.gravatar.com\/avatar\/d317780d5a3bd99a39a42e8f53ffd443?s=96&d=mm&r=g","contentUrl":"https:\/\/secure.gravatar.com\/avatar\/d317780d5a3bd99a39a42e8f53ffd443?s=96&d=mm&r=g","caption":"Mirko Venturi"},"url":"https:\/\/ladante.fr\/paris\/author\/mirko\/"}]}},"_links":{"self":[{"href":"https:\/\/ladante.fr\/paris\/wp-json\/wp\/v2\/posts\/1265"}],"collection":[{"href":"https:\/\/ladante.fr\/paris\/wp-json\/wp\/v2\/posts"}],"about":[{"href":"https:\/\/ladante.fr\/paris\/wp-json\/wp\/v2\/types\/post"}],"author":[{"embeddable":true,"href":"https:\/\/ladante.fr\/paris\/wp-json\/wp\/v2\/users\/4"}],"replies":[{"embeddable":true,"href":"https:\/\/ladante.fr\/paris\/wp-json\/wp\/v2\/comments?post=1265"}],"version-history":[{"count":1,"href":"https:\/\/ladante.fr\/paris\/wp-json\/wp\/v2\/posts\/1265\/revisions"}],"predecessor-version":[{"id":2174,"href":"https:\/\/ladante.fr\/paris\/wp-json\/wp\/v2\/posts\/1265\/revisions\/2174"}],"wp:attachment":[{"href":"https:\/\/ladante.fr\/paris\/wp-json\/wp\/v2\/media?parent=1265"}],"wp:term":[{"taxonomy":"category","embeddable":true,"href":"https:\/\/ladante.fr\/paris\/wp-json\/wp\/v2\/categories?post=1265"},{"taxonomy":"post_tag","embeddable":true,"href":"https:\/\/ladante.fr\/paris\/wp-json\/wp\/v2\/tags?post=1265"}],"curies":[{"name":"wp","href":"https:\/\/api.w.org\/{rel}","templated":true}]}}