{"id":1269,"date":"2013-09-08T15:08:08","date_gmt":"2013-09-08T13:08:08","guid":{"rendered":"http:\/\/la-dante.fr\/?p=1269"},"modified":"2018-02-10T19:11:26","modified_gmt":"2018-02-10T18:11:26","slug":"xavier-loureda-ouvrages-inspires-par-la-vita-nova-de-dante","status":"publish","type":"post","link":"https:\/\/ladante.fr\/paris\/xavier-loureda-ouvrages-inspires-par-la-vita-nova-de-dante\/","title":{"rendered":"Xavier Loureda : ouvrages inspir\u00e9s par la Vita Nova de Dante"},"content":{"rendered":"<h2 class=\"postheader\" style=\"text-align: center;\"><img style=\"font-size: 16px;\" src=\"http:\/\/ladante.fr\/wp-content\/uploads\/2018\/02\/xavier-loureda.png\" alt=\"Xavier Loureda : ouvrages inspir\u00e9s par la Vita Nova de Dante\" \/><\/h2>\n<p style=\"text-align: center;\"><strong>Roberto Giacone<\/strong><br \/>\n<em>Directeur de la Maison de l\u2019Italie de Paris<\/em><\/p>\n<p style=\"text-align: center;\"><strong>Michele Canonica<\/strong><br \/>\n<em>Pr\u00e9sident de la Societ\u00e0 Dante Alighieri &#8211; Comit\u00e9 de Paris<\/em><\/p>\n<p style=\"text-align: center;\">ont le plaisir de vous inviter au vernissage d\u2019une exposition de tableaux de<\/p>\n<h4 style=\"text-align: center; text-transform: uppercase;\">Xavier Loureda<\/h4>\n<h6 style=\"text-align: center;\">Ouvrages inspir\u00e9s par la<\/h6>\n<h4 style=\"text-align: center; text-transform: uppercase;\">Vita Nova de Dante<\/h4>\n<p style=\"text-align: center;\">Avec la participation de l\u2019Artiste (au piano)<br \/>\net de la chanteuse\u00a0<strong>Eduarda Melo<\/strong>, soprano<\/p>\n<p style=\"text-align: center;\">Des passages de la Vita Nova de Dante<br \/>\nseront lus par l\u2019acteur\u00a0<strong>Marcello Scuderi<\/strong><\/p>\n<p style=\"text-align: justify;\">Xavier Loureda, nom de plume d\u2019un compositeur et directeur d\u2019orchestre de Lisbonne extr\u00eamement appr\u00e9ci\u00e9, est un peintre abstrait-constructiviste. Il marie son talent pictural \u00e0 sa cr\u00e9ativit\u00e9 musicale, et \u00e0 une habilet\u00e9 extraordinaire dans l\u2019organisation des espaces, qu\u2019il a h\u00e9rit\u00e9e de son p\u00e8re architecte. Ecouter les images : voil\u00e0 une tr\u00e8s bonne cl\u00e9 de lecture pour comprendre ses tableaux qui l\u2019ann\u00e9e derni\u00e8re ont \u00e9t\u00e9 expos\u00e9s pour la premi\u00e8re fois en Italie, en suscitant un grand int\u00e9r\u00eat, \u00e0 la Galerie Blanchaert de Milan. L\u2019Artiste lui m\u00eame va illustrer au public italo-parisien du 17 octobre 2013 son parcours visionnaire entre musique et peinture, ainsi que sa relation tr\u00e8s privil\u00e9gi\u00e9e avec l\u2019univers intellectuel de Dante Alighieri.<\/p>\n<p align=\"center\">Commissaire d\u2019exposition\u00a0<strong>Roberta Malavasi<\/strong><\/p>\n<p align=\"center\">Vin d\u2019honneur offert par\u00a0<strong>La Cappuccina Azienda Agricola<\/strong><br \/>\nde Monteforte d\u2019Alpone (V\u00e9rone)<\/p>\n<div class=\"invito\" style=\"text-align: center;\"><img class=\"wf_file_icon\" src=\"http:\/\/ladante.fr\/wp-content\/uploads\/2018\/02\/pdf-1-e1517829938664.png\" alt=\"pdf\" \/><a class=\"wf_file jcepopup noicon\" title=\"Invitation Xavier Loureda : ouvrages inspir\u00e9s par la Vita Nova de Dante\" href=\"http:\/\/ladante.fr\/wp-content\/uploads\/2018\/02\/Invitation_Xavier-Loureda-1.pdf\" target=\"_blank\" rel=\"noopener\" data-mediabox=\"width[1024];height[768];title[Invitation Xavier Loureda : ouvrages inspir\u00e9s par la Vita Nova de Dante]\"><span class=\"wf_file_text\">T\u00e9l\u00e9charger invitation<\/span><\/a><\/div>\n<h6 style=\"text-align: center;\">Vernissage le jeudi 17 octobre 2013<\/h6>\n<p style=\"text-align: center;\">Accueil \u00e0 18h \u2013 D\u00e9but des interventions \u00e0 18h30<\/p>\n<h6 style=\"text-align: center;\">Exposition du 18 octobre au 5 novembre 2013<\/h6>\n<p style=\"text-align: center;\">Du lundi au vendredi, de 9h \u00e0 12h et de 14h \u00e0 17h<\/p>\n<p style=\"text-align: center;\"><strong>Maison de l\u2019Italie<br \/>\nCit\u00e9 Internationale Universitaire de Paris<\/strong><br \/>\n7A, boulevard Jourdan<br \/>\n75014 Paris<\/p>\n<div class=\"risposte\">\n<p style=\"text-align: center;\">R.S.V.P.<\/p>\n<p style=\"text-align: center;\">Tel.: 01 47 05 16 26<br \/>\ne-mail:\u00a0<a href=\"mailto:paris@ladante.fr\">paris@ladante.fr<\/a><\/p>\n<p style=\"text-align: center;\"><strong>R\u00e9ponse souhait\u00e9e avant le<br \/>\n15 octobre 2013<\/strong><\/p>\n<\/div>\n","protected":false},"excerpt":{"rendered":"<p>Roberto Giacone Directeur de la Maison de l\u2019Italie de Paris Michele Canonica Pr\u00e9sident de la Societ\u00e0 Dante Alighieri &#8211; Comit\u00e9 de Paris ont le plaisir de vous inviter au vernissage d\u2019une exposition de tableaux de Xavier Loureda Ouvrages inspir\u00e9s par la Vita Nova de Dante Avec la participation de l\u2019Artiste (au piano) et de la [&hellip;]<\/p>\n","protected":false},"author":4,"featured_media":0,"comment_status":"open","ping_status":"open","sticky":false,"template":"","format":"image","meta":{"disable_featured_image":false,"_themeisle_gutenberg_block_has_review":false},"categories":[3],"tags":[],"yoast_head":"<!-- This site is optimized with the Yoast SEO plugin v20.1 - https:\/\/yoast.com\/wordpress\/plugins\/seo\/ -->\n<title>Xavier Loureda : ouvrages inspir\u00e9s par la Vita Nova de Dante - La Dante - Comit\u00e9 de Paris<\/title>\n<meta name=\"robots\" content=\"index, follow, max-snippet:-1, max-image-preview:large, max-video-preview:-1\" \/>\n<link rel=\"canonical\" href=\"https:\/\/ladante.fr\/paris\/xavier-loureda-ouvrages-inspires-par-la-vita-nova-de-dante\/\" \/>\n<meta property=\"og:locale\" content=\"fr_FR\" \/>\n<meta property=\"og:type\" content=\"article\" \/>\n<meta property=\"og:title\" content=\"Xavier Loureda : ouvrages inspir\u00e9s par la Vita Nova de Dante - La Dante - Comit\u00e9 de Paris\" \/>\n<meta property=\"og:description\" content=\"Roberto Giacone Directeur de la Maison de l\u2019Italie de Paris Michele Canonica Pr\u00e9sident de la Societ\u00e0 Dante Alighieri &#8211; Comit\u00e9 de Paris ont le plaisir de vous inviter au vernissage d\u2019une exposition de tableaux de Xavier Loureda Ouvrages inspir\u00e9s par la Vita Nova de Dante Avec la participation de l\u2019Artiste (au piano) et de la [&hellip;]\" \/>\n<meta property=\"og:url\" content=\"https:\/\/ladante.fr\/paris\/xavier-loureda-ouvrages-inspires-par-la-vita-nova-de-dante\/\" \/>\n<meta property=\"og:site_name\" content=\"La Dante - Comit\u00e9 de Paris\" \/>\n<meta property=\"article:published_time\" content=\"2013-09-08T13:08:08+00:00\" \/>\n<meta property=\"article:modified_time\" content=\"2018-02-10T18:11:26+00:00\" \/>\n<meta property=\"og:image\" content=\"http:\/\/ladante.fr\/wp-content\/uploads\/2018\/02\/xavier-loureda.png\" \/>\n<meta name=\"author\" content=\"Mirko Venturi\" \/>\n<meta name=\"twitter:card\" content=\"summary_large_image\" \/>\n<meta name=\"twitter:label1\" content=\"\u00c9crit par\" \/>\n\t<meta name=\"twitter:data1\" content=\"Mirko Venturi\" \/>\n\t<meta name=\"twitter:label2\" content=\"Dur\u00e9e de lecture estim\u00e9e\" \/>\n\t<meta name=\"twitter:data2\" content=\"1 minute\" \/>\n<script type=\"application\/ld+json\" class=\"yoast-schema-graph\">{\"@context\":\"https:\/\/schema.org\",\"@graph\":[{\"@type\":\"WebPage\",\"@id\":\"https:\/\/ladante.fr\/paris\/xavier-loureda-ouvrages-inspires-par-la-vita-nova-de-dante\/\",\"url\":\"https:\/\/ladante.fr\/paris\/xavier-loureda-ouvrages-inspires-par-la-vita-nova-de-dante\/\",\"name\":\"Xavier Loureda : ouvrages inspir\u00e9s par la Vita Nova de Dante - La Dante - Comit\u00e9 de Paris\",\"isPartOf\":{\"@id\":\"https:\/\/ladante.fr\/paris\/#website\"},\"datePublished\":\"2013-09-08T13:08:08+00:00\",\"dateModified\":\"2018-02-10T18:11:26+00:00\",\"author\":{\"@id\":\"https:\/\/ladante.fr\/paris\/#\/schema\/person\/68aed266df313cfba1339a72069dd605\"},\"breadcrumb\":{\"@id\":\"https:\/\/ladante.fr\/paris\/xavier-loureda-ouvrages-inspires-par-la-vita-nova-de-dante\/#breadcrumb\"},\"inLanguage\":\"fr-FR\",\"potentialAction\":[{\"@type\":\"ReadAction\",\"target\":[\"https:\/\/ladante.fr\/paris\/xavier-loureda-ouvrages-inspires-par-la-vita-nova-de-dante\/\"]}]},{\"@type\":\"BreadcrumbList\",\"@id\":\"https:\/\/ladante.fr\/paris\/xavier-loureda-ouvrages-inspires-par-la-vita-nova-de-dante\/#breadcrumb\",\"itemListElement\":[{\"@type\":\"ListItem\",\"position\":1,\"name\":\"Accueil\",\"item\":\"https:\/\/ladante.fr\/paris\/\"},{\"@type\":\"ListItem\",\"position\":2,\"name\":\"Xavier Loureda : ouvrages inspir\u00e9s par la Vita Nova de Dante\"}]},{\"@type\":\"WebSite\",\"@id\":\"https:\/\/ladante.fr\/paris\/#website\",\"url\":\"https:\/\/ladante.fr\/paris\/\",\"name\":\"La Dante - Comit\u00e9 de Paris\",\"description\":\"\",\"potentialAction\":[{\"@type\":\"SearchAction\",\"target\":{\"@type\":\"EntryPoint\",\"urlTemplate\":\"https:\/\/ladante.fr\/paris\/?s={search_term_string}\"},\"query-input\":\"required name=search_term_string\"}],\"inLanguage\":\"fr-FR\"},{\"@type\":\"Person\",\"@id\":\"https:\/\/ladante.fr\/paris\/#\/schema\/person\/68aed266df313cfba1339a72069dd605\",\"name\":\"Mirko Venturi\",\"image\":{\"@type\":\"ImageObject\",\"inLanguage\":\"fr-FR\",\"@id\":\"https:\/\/ladante.fr\/paris\/#\/schema\/person\/image\/\",\"url\":\"https:\/\/secure.gravatar.com\/avatar\/d317780d5a3bd99a39a42e8f53ffd443?s=96&d=mm&r=g\",\"contentUrl\":\"https:\/\/secure.gravatar.com\/avatar\/d317780d5a3bd99a39a42e8f53ffd443?s=96&d=mm&r=g\",\"caption\":\"Mirko Venturi\"},\"url\":\"https:\/\/ladante.fr\/paris\/author\/mirko\/\"}]}<\/script>\n<!-- \/ Yoast SEO plugin. -->","yoast_head_json":{"title":"Xavier Loureda : ouvrages inspir\u00e9s par la Vita Nova de Dante - La Dante - Comit\u00e9 de Paris","robots":{"index":"index","follow":"follow","max-snippet":"max-snippet:-1","max-image-preview":"max-image-preview:large","max-video-preview":"max-video-preview:-1"},"canonical":"https:\/\/ladante.fr\/paris\/xavier-loureda-ouvrages-inspires-par-la-vita-nova-de-dante\/","og_locale":"fr_FR","og_type":"article","og_title":"Xavier Loureda : ouvrages inspir\u00e9s par la Vita Nova de Dante - La Dante - Comit\u00e9 de Paris","og_description":"Roberto Giacone Directeur de la Maison de l\u2019Italie de Paris Michele Canonica Pr\u00e9sident de la Societ\u00e0 Dante Alighieri &#8211; Comit\u00e9 de Paris ont le plaisir de vous inviter au vernissage d\u2019une exposition de tableaux de Xavier Loureda Ouvrages inspir\u00e9s par la Vita Nova de Dante Avec la participation de l\u2019Artiste (au piano) et de la [&hellip;]","og_url":"https:\/\/ladante.fr\/paris\/xavier-loureda-ouvrages-inspires-par-la-vita-nova-de-dante\/","og_site_name":"La Dante - Comit\u00e9 de Paris","article_published_time":"2013-09-08T13:08:08+00:00","article_modified_time":"2018-02-10T18:11:26+00:00","og_image":[{"url":"http:\/\/ladante.fr\/wp-content\/uploads\/2018\/02\/xavier-loureda.png"}],"author":"Mirko Venturi","twitter_card":"summary_large_image","twitter_misc":{"\u00c9crit par":"Mirko Venturi","Dur\u00e9e de lecture estim\u00e9e":"1 minute"},"schema":{"@context":"https:\/\/schema.org","@graph":[{"@type":"WebPage","@id":"https:\/\/ladante.fr\/paris\/xavier-loureda-ouvrages-inspires-par-la-vita-nova-de-dante\/","url":"https:\/\/ladante.fr\/paris\/xavier-loureda-ouvrages-inspires-par-la-vita-nova-de-dante\/","name":"Xavier Loureda : ouvrages inspir\u00e9s par la Vita Nova de Dante - La Dante - Comit\u00e9 de Paris","isPartOf":{"@id":"https:\/\/ladante.fr\/paris\/#website"},"datePublished":"2013-09-08T13:08:08+00:00","dateModified":"2018-02-10T18:11:26+00:00","author":{"@id":"https:\/\/ladante.fr\/paris\/#\/schema\/person\/68aed266df313cfba1339a72069dd605"},"breadcrumb":{"@id":"https:\/\/ladante.fr\/paris\/xavier-loureda-ouvrages-inspires-par-la-vita-nova-de-dante\/#breadcrumb"},"inLanguage":"fr-FR","potentialAction":[{"@type":"ReadAction","target":["https:\/\/ladante.fr\/paris\/xavier-loureda-ouvrages-inspires-par-la-vita-nova-de-dante\/"]}]},{"@type":"BreadcrumbList","@id":"https:\/\/ladante.fr\/paris\/xavier-loureda-ouvrages-inspires-par-la-vita-nova-de-dante\/#breadcrumb","itemListElement":[{"@type":"ListItem","position":1,"name":"Accueil","item":"https:\/\/ladante.fr\/paris\/"},{"@type":"ListItem","position":2,"name":"Xavier Loureda : ouvrages inspir\u00e9s par la Vita Nova de Dante"}]},{"@type":"WebSite","@id":"https:\/\/ladante.fr\/paris\/#website","url":"https:\/\/ladante.fr\/paris\/","name":"La Dante - Comit\u00e9 de Paris","description":"","potentialAction":[{"@type":"SearchAction","target":{"@type":"EntryPoint","urlTemplate":"https:\/\/ladante.fr\/paris\/?s={search_term_string}"},"query-input":"required name=search_term_string"}],"inLanguage":"fr-FR"},{"@type":"Person","@id":"https:\/\/ladante.fr\/paris\/#\/schema\/person\/68aed266df313cfba1339a72069dd605","name":"Mirko Venturi","image":{"@type":"ImageObject","inLanguage":"fr-FR","@id":"https:\/\/ladante.fr\/paris\/#\/schema\/person\/image\/","url":"https:\/\/secure.gravatar.com\/avatar\/d317780d5a3bd99a39a42e8f53ffd443?s=96&d=mm&r=g","contentUrl":"https:\/\/secure.gravatar.com\/avatar\/d317780d5a3bd99a39a42e8f53ffd443?s=96&d=mm&r=g","caption":"Mirko Venturi"},"url":"https:\/\/ladante.fr\/paris\/author\/mirko\/"}]}},"_links":{"self":[{"href":"https:\/\/ladante.fr\/paris\/wp-json\/wp\/v2\/posts\/1269"}],"collection":[{"href":"https:\/\/ladante.fr\/paris\/wp-json\/wp\/v2\/posts"}],"about":[{"href":"https:\/\/ladante.fr\/paris\/wp-json\/wp\/v2\/types\/post"}],"author":[{"embeddable":true,"href":"https:\/\/ladante.fr\/paris\/wp-json\/wp\/v2\/users\/4"}],"replies":[{"embeddable":true,"href":"https:\/\/ladante.fr\/paris\/wp-json\/wp\/v2\/comments?post=1269"}],"version-history":[{"count":2,"href":"https:\/\/ladante.fr\/paris\/wp-json\/wp\/v2\/posts\/1269\/revisions"}],"predecessor-version":[{"id":2178,"href":"https:\/\/ladante.fr\/paris\/wp-json\/wp\/v2\/posts\/1269\/revisions\/2178"}],"wp:attachment":[{"href":"https:\/\/ladante.fr\/paris\/wp-json\/wp\/v2\/media?parent=1269"}],"wp:term":[{"taxonomy":"category","embeddable":true,"href":"https:\/\/ladante.fr\/paris\/wp-json\/wp\/v2\/categories?post=1269"},{"taxonomy":"post_tag","embeddable":true,"href":"https:\/\/ladante.fr\/paris\/wp-json\/wp\/v2\/tags?post=1269"}],"curies":[{"name":"wp","href":"https:\/\/api.w.org\/{rel}","templated":true}]}}