{"id":1274,"date":"2013-06-04T17:14:16","date_gmt":"2013-06-04T15:14:16","guid":{"rendered":"http:\/\/la-dante.fr\/?p=1274"},"modified":"2018-02-10T19:12:49","modified_gmt":"2018-02-10T18:12:49","slug":"rencontrededicaces-avec-gian-antonio-stella","status":"publish","type":"post","link":"https:\/\/ladante.fr\/paris\/rencontrededicaces-avec-gian-antonio-stella\/","title":{"rendered":"Rencontre\/d\u00e9dicaces avec Gian Antonio STELLA"},"content":{"rendered":"<h2 class=\"postheader\" style=\"text-align: center;\"><img style=\"font-size: 16px;\" src=\"http:\/\/ladante.fr\/wp-content\/uploads\/2018\/01\/gian-antonio-stella.png\" alt=\"Rencontre\/d\u00e9dicaces avec Gian Antonio STELLA\" \/><\/h2>\n<p style=\"text-align: center;\"><strong>La Dante Alighieri<\/strong>, l&rsquo;Associazione Acuto et\u00a0<strong>La Libreria<\/strong>\u00a0vous invitent,\u00a0<strong>mardi 2 juillet 2013 \u00e0 19h<\/strong>, \u00e0 la rencontre-d\u00e9dicaces :<\/p>\n<h4 style=\"text-align: center; text-transform: uppercase;\">Gian Antonio STELLA<br \/>\n<em>I misteri di Via dell&rsquo;Amorino<\/em><\/h4>\n<h6 style=\"text-align: center;\">en compagnie de Michele Canonica<br \/>\nPr\u00e9sident du Comit\u00e9 de Paris de la Societ\u00e0 Dante Alighieri<\/h6>\n<h6 style=\"text-align: center;\">et de Beatrice Biagini<br \/>\nPr\u00e9sidente de l&rsquo;Association culturelle toscane Acuto<\/h6>\n<p style=\"text-align: justify;\"><strong>Gian Antonio Stella<\/strong>\u00a0est un journaliste-\u00e9ditorialiste du\u00a0<strong>Corriere Della Sera<\/strong>. Il vient nous parler de son dernier ouvrage paru chez Rizzoli :\u00a0<em><strong>I misteri di Via dell&rsquo;Amorino<\/strong><\/em>(Rizzoli).<\/p>\n<p style=\"text-align: justify;\">Apr\u00e8s avoir affront\u00e9 des sujets br\u00fblants avec le succ\u00e8s que l&rsquo;on sait &#8211; il suffit de citer\u00a0<em><strong>La Casta, L&rsquo;Orda, Schei<\/strong><\/em>&#8230;, souvent \u00e9crits avec la complicit\u00e9 de son coll\u00e8gue Sergio Rizzo &#8211; il se penche cette fois sur le pass\u00e9 et sur un \u00e9pisode, sans doute oubli\u00e9 par la grande majorit\u00e9, mais particuli\u00e8rement signifiant et parlant dans le cadre de la naissance de la jeune nation italienne.<\/p>\n<p style=\"text-align: justify;\">Nous sommes \u00e0 Florence, alors capitale d&rsquo;Italie, en 1867, et Cristiano Lobbia, garibaldino, h\u00e9ros des guerres d&rsquo;ind\u00e9pendance italiennes, ing\u00e9nieur et d\u00e9put\u00e9, anim\u00e9 par un grand sens civique et moral, tente de d\u00e9noncer ce qui sera consid\u00e9r\u00e9e comme \u00ab\u00a0la m\u00e8re de toutes les tangenti (pots-de-vin)\u00a0\u00bb, l&rsquo;attribution du monopole des tabacs \u00e0 un groupe d&rsquo;entreprises priv\u00e9es. Cristiano Lobbia paiera cher son incorruptibilit\u00e9 et son amour de l&rsquo;Italie.<\/p>\n<p style=\"text-align: center;\">Comme toujours, Gian Antonio Stella fait preuve d&rsquo;une rigueur remarquable et son livre, document\u00e9 et captivant, se d\u00e9vore comme un roman policier!<\/p>\n<p style=\"text-align: center;\"><strong>Mardi 2 juillet 2013 \u00e0 19h<\/strong><\/p>\n<p style=\"text-align: center;\">La Libreria<br \/>\n89 rue du Faubourg Poissonni\u00e8re<br \/>\n75009 Paris<\/p>\n<div class=\"invito\" style=\"text-align: center;\"><img class=\"wf_file_icon\" src=\"http:\/\/ladante.fr\/wp-content\/uploads\/2018\/02\/pdf-1-e1517829938664.png\" alt=\"pdf\" \/><a class=\"wf_file jcepopup noicon\" title=\"Rencontre\/d\u00e9dicaces avec Gian Antonio STELLA\" href=\"http:\/\/ladante.fr\/wp-content\/uploads\/2018\/01\/Invitation_Incontro-con-Gian-Antonio-Stella.pdf\" target=\"_blank\" rel=\"noopener\" data-mediabox=\"width[1024];height[768];title[Rencontre\/d\u00e9dicaces avec Gian Antonio STELLA]\"><span class=\"wf_file_text\">T\u00e9l\u00e9charger invitation<\/span><\/a><\/div>\n","protected":false},"excerpt":{"rendered":"<p>La Dante Alighieri, l&rsquo;Associazione Acuto et\u00a0La Libreria\u00a0vous invitent,\u00a0mardi 2 juillet 2013 \u00e0 19h, \u00e0 la rencontre-d\u00e9dicaces : Gian Antonio STELLA I misteri di Via dell&rsquo;Amorino en compagnie de Michele Canonica Pr\u00e9sident du Comit\u00e9 de Paris de la Societ\u00e0 Dante Alighieri et de Beatrice Biagini Pr\u00e9sidente de l&rsquo;Association culturelle toscane Acuto Gian Antonio Stella\u00a0est un journaliste-\u00e9ditorialiste [&hellip;]<\/p>\n","protected":false},"author":4,"featured_media":0,"comment_status":"open","ping_status":"open","sticky":false,"template":"","format":"image","meta":{"disable_featured_image":false,"_themeisle_gutenberg_block_has_review":false},"categories":[3],"tags":[],"yoast_head":"<!-- This site is optimized with the Yoast SEO plugin v20.1 - https:\/\/yoast.com\/wordpress\/plugins\/seo\/ -->\n<title>Rencontre\/d\u00e9dicaces avec Gian Antonio STELLA - La Dante - Comit\u00e9 de Paris<\/title>\n<meta name=\"robots\" content=\"index, follow, max-snippet:-1, max-image-preview:large, max-video-preview:-1\" \/>\n<link rel=\"canonical\" href=\"https:\/\/ladante.fr\/paris\/rencontrededicaces-avec-gian-antonio-stella\/\" \/>\n<meta property=\"og:locale\" content=\"fr_FR\" \/>\n<meta property=\"og:type\" content=\"article\" \/>\n<meta property=\"og:title\" content=\"Rencontre\/d\u00e9dicaces avec Gian Antonio STELLA - La Dante - Comit\u00e9 de Paris\" \/>\n<meta property=\"og:description\" content=\"La Dante Alighieri, l&rsquo;Associazione Acuto et\u00a0La Libreria\u00a0vous invitent,\u00a0mardi 2 juillet 2013 \u00e0 19h, \u00e0 la rencontre-d\u00e9dicaces : Gian Antonio STELLA I misteri di Via dell&rsquo;Amorino en compagnie de Michele Canonica Pr\u00e9sident du Comit\u00e9 de Paris de la Societ\u00e0 Dante Alighieri et de Beatrice Biagini Pr\u00e9sidente de l&rsquo;Association culturelle toscane Acuto Gian Antonio Stella\u00a0est un journaliste-\u00e9ditorialiste [&hellip;]\" \/>\n<meta property=\"og:url\" content=\"https:\/\/ladante.fr\/paris\/rencontrededicaces-avec-gian-antonio-stella\/\" \/>\n<meta property=\"og:site_name\" content=\"La Dante - Comit\u00e9 de Paris\" \/>\n<meta property=\"article:published_time\" content=\"2013-06-04T15:14:16+00:00\" \/>\n<meta property=\"article:modified_time\" content=\"2018-02-10T18:12:49+00:00\" \/>\n<meta property=\"og:image\" content=\"http:\/\/ladante.fr\/wp-content\/uploads\/2018\/01\/gian-antonio-stella.png\" \/>\n<meta name=\"author\" content=\"Mirko Venturi\" \/>\n<meta name=\"twitter:card\" content=\"summary_large_image\" \/>\n<meta name=\"twitter:label1\" content=\"\u00c9crit par\" \/>\n\t<meta name=\"twitter:data1\" content=\"Mirko Venturi\" \/>\n\t<meta name=\"twitter:label2\" content=\"Dur\u00e9e de lecture estim\u00e9e\" \/>\n\t<meta name=\"twitter:data2\" content=\"1 minute\" \/>\n<script type=\"application\/ld+json\" class=\"yoast-schema-graph\">{\"@context\":\"https:\/\/schema.org\",\"@graph\":[{\"@type\":\"WebPage\",\"@id\":\"https:\/\/ladante.fr\/paris\/rencontrededicaces-avec-gian-antonio-stella\/\",\"url\":\"https:\/\/ladante.fr\/paris\/rencontrededicaces-avec-gian-antonio-stella\/\",\"name\":\"Rencontre\/d\u00e9dicaces avec Gian Antonio STELLA - La Dante - Comit\u00e9 de Paris\",\"isPartOf\":{\"@id\":\"https:\/\/ladante.fr\/paris\/#website\"},\"datePublished\":\"2013-06-04T15:14:16+00:00\",\"dateModified\":\"2018-02-10T18:12:49+00:00\",\"author\":{\"@id\":\"https:\/\/ladante.fr\/paris\/#\/schema\/person\/68aed266df313cfba1339a72069dd605\"},\"breadcrumb\":{\"@id\":\"https:\/\/ladante.fr\/paris\/rencontrededicaces-avec-gian-antonio-stella\/#breadcrumb\"},\"inLanguage\":\"fr-FR\",\"potentialAction\":[{\"@type\":\"ReadAction\",\"target\":[\"https:\/\/ladante.fr\/paris\/rencontrededicaces-avec-gian-antonio-stella\/\"]}]},{\"@type\":\"BreadcrumbList\",\"@id\":\"https:\/\/ladante.fr\/paris\/rencontrededicaces-avec-gian-antonio-stella\/#breadcrumb\",\"itemListElement\":[{\"@type\":\"ListItem\",\"position\":1,\"name\":\"Accueil\",\"item\":\"https:\/\/ladante.fr\/paris\/\"},{\"@type\":\"ListItem\",\"position\":2,\"name\":\"Rencontre\/d\u00e9dicaces avec Gian Antonio STELLA\"}]},{\"@type\":\"WebSite\",\"@id\":\"https:\/\/ladante.fr\/paris\/#website\",\"url\":\"https:\/\/ladante.fr\/paris\/\",\"name\":\"La Dante - Comit\u00e9 de Paris\",\"description\":\"\",\"potentialAction\":[{\"@type\":\"SearchAction\",\"target\":{\"@type\":\"EntryPoint\",\"urlTemplate\":\"https:\/\/ladante.fr\/paris\/?s={search_term_string}\"},\"query-input\":\"required name=search_term_string\"}],\"inLanguage\":\"fr-FR\"},{\"@type\":\"Person\",\"@id\":\"https:\/\/ladante.fr\/paris\/#\/schema\/person\/68aed266df313cfba1339a72069dd605\",\"name\":\"Mirko Venturi\",\"image\":{\"@type\":\"ImageObject\",\"inLanguage\":\"fr-FR\",\"@id\":\"https:\/\/ladante.fr\/paris\/#\/schema\/person\/image\/\",\"url\":\"https:\/\/secure.gravatar.com\/avatar\/d317780d5a3bd99a39a42e8f53ffd443?s=96&d=mm&r=g\",\"contentUrl\":\"https:\/\/secure.gravatar.com\/avatar\/d317780d5a3bd99a39a42e8f53ffd443?s=96&d=mm&r=g\",\"caption\":\"Mirko Venturi\"},\"url\":\"https:\/\/ladante.fr\/paris\/author\/mirko\/\"}]}<\/script>\n<!-- \/ Yoast SEO plugin. -->","yoast_head_json":{"title":"Rencontre\/d\u00e9dicaces avec Gian Antonio STELLA - La Dante - Comit\u00e9 de Paris","robots":{"index":"index","follow":"follow","max-snippet":"max-snippet:-1","max-image-preview":"max-image-preview:large","max-video-preview":"max-video-preview:-1"},"canonical":"https:\/\/ladante.fr\/paris\/rencontrededicaces-avec-gian-antonio-stella\/","og_locale":"fr_FR","og_type":"article","og_title":"Rencontre\/d\u00e9dicaces avec Gian Antonio STELLA - La Dante - Comit\u00e9 de Paris","og_description":"La Dante Alighieri, l&rsquo;Associazione Acuto et\u00a0La Libreria\u00a0vous invitent,\u00a0mardi 2 juillet 2013 \u00e0 19h, \u00e0 la rencontre-d\u00e9dicaces : Gian Antonio STELLA I misteri di Via dell&rsquo;Amorino en compagnie de Michele Canonica Pr\u00e9sident du Comit\u00e9 de Paris de la Societ\u00e0 Dante Alighieri et de Beatrice Biagini Pr\u00e9sidente de l&rsquo;Association culturelle toscane Acuto Gian Antonio Stella\u00a0est un journaliste-\u00e9ditorialiste [&hellip;]","og_url":"https:\/\/ladante.fr\/paris\/rencontrededicaces-avec-gian-antonio-stella\/","og_site_name":"La Dante - Comit\u00e9 de Paris","article_published_time":"2013-06-04T15:14:16+00:00","article_modified_time":"2018-02-10T18:12:49+00:00","og_image":[{"url":"http:\/\/ladante.fr\/wp-content\/uploads\/2018\/01\/gian-antonio-stella.png"}],"author":"Mirko Venturi","twitter_card":"summary_large_image","twitter_misc":{"\u00c9crit par":"Mirko Venturi","Dur\u00e9e de lecture estim\u00e9e":"1 minute"},"schema":{"@context":"https:\/\/schema.org","@graph":[{"@type":"WebPage","@id":"https:\/\/ladante.fr\/paris\/rencontrededicaces-avec-gian-antonio-stella\/","url":"https:\/\/ladante.fr\/paris\/rencontrededicaces-avec-gian-antonio-stella\/","name":"Rencontre\/d\u00e9dicaces avec Gian Antonio STELLA - La Dante - Comit\u00e9 de Paris","isPartOf":{"@id":"https:\/\/ladante.fr\/paris\/#website"},"datePublished":"2013-06-04T15:14:16+00:00","dateModified":"2018-02-10T18:12:49+00:00","author":{"@id":"https:\/\/ladante.fr\/paris\/#\/schema\/person\/68aed266df313cfba1339a72069dd605"},"breadcrumb":{"@id":"https:\/\/ladante.fr\/paris\/rencontrededicaces-avec-gian-antonio-stella\/#breadcrumb"},"inLanguage":"fr-FR","potentialAction":[{"@type":"ReadAction","target":["https:\/\/ladante.fr\/paris\/rencontrededicaces-avec-gian-antonio-stella\/"]}]},{"@type":"BreadcrumbList","@id":"https:\/\/ladante.fr\/paris\/rencontrededicaces-avec-gian-antonio-stella\/#breadcrumb","itemListElement":[{"@type":"ListItem","position":1,"name":"Accueil","item":"https:\/\/ladante.fr\/paris\/"},{"@type":"ListItem","position":2,"name":"Rencontre\/d\u00e9dicaces avec Gian Antonio STELLA"}]},{"@type":"WebSite","@id":"https:\/\/ladante.fr\/paris\/#website","url":"https:\/\/ladante.fr\/paris\/","name":"La Dante - Comit\u00e9 de Paris","description":"","potentialAction":[{"@type":"SearchAction","target":{"@type":"EntryPoint","urlTemplate":"https:\/\/ladante.fr\/paris\/?s={search_term_string}"},"query-input":"required name=search_term_string"}],"inLanguage":"fr-FR"},{"@type":"Person","@id":"https:\/\/ladante.fr\/paris\/#\/schema\/person\/68aed266df313cfba1339a72069dd605","name":"Mirko Venturi","image":{"@type":"ImageObject","inLanguage":"fr-FR","@id":"https:\/\/ladante.fr\/paris\/#\/schema\/person\/image\/","url":"https:\/\/secure.gravatar.com\/avatar\/d317780d5a3bd99a39a42e8f53ffd443?s=96&d=mm&r=g","contentUrl":"https:\/\/secure.gravatar.com\/avatar\/d317780d5a3bd99a39a42e8f53ffd443?s=96&d=mm&r=g","caption":"Mirko Venturi"},"url":"https:\/\/ladante.fr\/paris\/author\/mirko\/"}]}},"_links":{"self":[{"href":"https:\/\/ladante.fr\/paris\/wp-json\/wp\/v2\/posts\/1274"}],"collection":[{"href":"https:\/\/ladante.fr\/paris\/wp-json\/wp\/v2\/posts"}],"about":[{"href":"https:\/\/ladante.fr\/paris\/wp-json\/wp\/v2\/types\/post"}],"author":[{"embeddable":true,"href":"https:\/\/ladante.fr\/paris\/wp-json\/wp\/v2\/users\/4"}],"replies":[{"embeddable":true,"href":"https:\/\/ladante.fr\/paris\/wp-json\/wp\/v2\/comments?post=1274"}],"version-history":[{"count":1,"href":"https:\/\/ladante.fr\/paris\/wp-json\/wp\/v2\/posts\/1274\/revisions"}],"predecessor-version":[{"id":2179,"href":"https:\/\/ladante.fr\/paris\/wp-json\/wp\/v2\/posts\/1274\/revisions\/2179"}],"wp:attachment":[{"href":"https:\/\/ladante.fr\/paris\/wp-json\/wp\/v2\/media?parent=1274"}],"wp:term":[{"taxonomy":"category","embeddable":true,"href":"https:\/\/ladante.fr\/paris\/wp-json\/wp\/v2\/categories?post=1274"},{"taxonomy":"post_tag","embeddable":true,"href":"https:\/\/ladante.fr\/paris\/wp-json\/wp\/v2\/tags?post=1274"}],"curies":[{"name":"wp","href":"https:\/\/api.w.org\/{rel}","templated":true}]}}