{"id":1279,"date":"2013-05-20T15:17:56","date_gmt":"2013-05-20T13:17:56","guid":{"rendered":"http:\/\/la-dante.fr\/?p=1279"},"modified":"2018-02-10T19:14:09","modified_gmt":"2018-02-10T18:14:09","slug":"rencontrededicaces-avec-lella-costa","status":"publish","type":"post","link":"https:\/\/ladante.fr\/paris\/rencontrededicaces-avec-lella-costa\/","title":{"rendered":"Rencontre\/d\u00e9dicaces avec Lella COSTA"},"content":{"rendered":"<h2 class=\"postheader\" style=\"text-align: center;\"><img style=\"font-size: 16px;\" src=\"http:\/\/ladante.fr\/wp-content\/uploads\/2018\/01\/lella-costa.png\" alt=\"Rencontre\/d\u00e9dicaces avec Lella COSTA\" \/><\/h2>\n<p style=\"text-align: center;\"><strong>La Dante Alighieri<\/strong>\u00a0et\u00a0<strong>La Libreria<\/strong>\u00a0vous invitent,\u00a0<strong>mardi 18 juin 2013 \u00e0 19h<\/strong>, \u00e0 la rencontre-d\u00e9dicaces :<\/p>\n<h4 style=\"text-align: center; text-transform: uppercase;\">Lella COSTA<br \/>\n<em>Come una specie di sorriso<\/em><\/h4>\n<h6 style=\"text-align: center;\">en compagnie de Michele Canonica<br \/>\nPr\u00e9sident du Comit\u00e9 de Paris de la Societ\u00e0 Dante Alighieri<\/h6>\n<p>Un d\u00e9lice!\u00a0<strong>La Libreria<\/strong>\u00a0vous invite \u00e0 venir rencontrer une magnifique et volcanique actrice italienne, pass\u00e9e ma\u00eetresse dans l&rsquo;art des mots.<\/p>\n<p><strong>Lella Costa<\/strong>\u00a0\u00e9tait de passage \u00e0 Paris au mois d&rsquo;avril dernier pour une rencontre au Consulat d&rsquo;Italie organis\u00e9e par l&rsquo;Association DIRE (Donne Italiane Rete Estera) et, \u00e0 notre grand regret, nous n&rsquo;avions pu trouver une date commune pour la recevoir.<\/p>\n<p>Voil\u00e0 qui est r\u00e9par\u00e9: Lella aime Paris et ne s&rsquo;est pas faite pri\u00e9e pour accepter notre invitation !<\/p>\n<p>Cette v\u00e9ritable \u00ab\u00a0b\u00eate de sc\u00e8ne\u00a0\u00bb, spirituelle, d\u00e9sopilante mais sans jamais oublier d&rsquo;\u00eatre profonde et vraie, nous parlera de son dernier livre\u00a0<strong><em>Come una specie di sorriso<\/em>(Piemme Edizioni)<\/strong>, qui est consacr\u00e9 \u00e0 l&rsquo;ironie. Et qui mieux qu&rsquo;elle pour illustrer l&rsquo;ironie?!<\/p>\n<p>Mais nous ne manquerons pas non plus de profiter de sa pr\u00e9sence pour l&rsquo;interroger sur son parcours \u00e9clectique et riche, en grande partie d\u00e9di\u00e9 au th\u00e9\u00e2tre (et notamment \u00e0 de fabuleux monologues), mais qui est \u00e9galement pass\u00e9 par la t\u00e9l\u00e9vision, le cin\u00e9ma, le doublage et bien s\u00fbr l&rsquo;\u00e9criture.<\/p>\n<p style=\"text-align: center;\"><strong>Mardi 18 juin 2013 \u00e0 19h<\/strong><\/p>\n<p style=\"text-align: center;\">La Libreria<br \/>\n89 rue du Faubourg Poissonni\u00e8re<br \/>\n75009 Paris<\/p>\n<div class=\"invito\" style=\"text-align: center;\"><img class=\"wf_file_icon\" src=\"http:\/\/ladante.fr\/wp-content\/uploads\/2018\/02\/pdf-1-e1517829938664.png\" alt=\"pdf\" \/><a class=\"wf_file jcepopup noicon\" href=\"http:\/\/ladante.fr\/wp-content\/uploads\/2018\/01\/Invitation_Incontro-con-Lella-Costa.pdf\" target=\"_blank\" rel=\"noopener\" data-mediabox=\"width[1024];height[768];title[Invitation Incontro con Lella Costa]\"><span class=\"wf_file_text\">T\u00e9l\u00e9charger invitation<\/span><\/a><\/div>\n<p>Et pour vous donner une petite id\u00e9e de la verve et du talent de Lella, voici une interview que lui a faite Michele Canonica en avril dernier, pour le site\u00a0<strong>L&rsquo;Italie en Direct :<\/strong><\/p>\n<div style=\"display: inline; text-align: center;\">\u00a0 \u00a0 \u00a0 \u00a0 \u00a0 \u00a0 \u00a0 \u00a0 \u00a0 \u00a0 \u00a0 \u00a0 \u00a0 \u00a0 \u00a0 \u00a0 \u00a0 \u00a0 \u00a0 \u00a0 \u00a0 \u00a0 \u00a0 \u00a0 \u00a0 \u00a0 \u00a0 \u00a0 \u00a0 \u00a0 \u00a0 \u00a0 \u00a0 \u00a0 \u00a0 \u00a0 \u00a0 \u00a0 \u00a0 \u00a0 \u00a0 \u00a0 \u00a0 \u00a0 \u00a0 \u00a0 \u00a0 \u00a0 \u00a0 \u00a0 \u00a0 \u00a0 <iframe loading=\"lazy\" src=\"http:\/\/www.youtube.com\/embed\/12LgIFA3-HY?rel=0&amp;autohide=1&amp;wmode=opaque&amp;amp;wmode=transparent\" width=\"425\" height=\"350\" allowfullscreen=\"allowfullscreen\" data-mce-fragment=\"1\"><\/iframe><\/div>\n","protected":false},"excerpt":{"rendered":"<p>La Dante Alighieri\u00a0et\u00a0La Libreria\u00a0vous invitent,\u00a0mardi 18 juin 2013 \u00e0 19h, \u00e0 la rencontre-d\u00e9dicaces : Lella COSTA Come una specie di sorriso en compagnie de Michele Canonica Pr\u00e9sident du Comit\u00e9 de Paris de la Societ\u00e0 Dante Alighieri Un d\u00e9lice!\u00a0La Libreria\u00a0vous invite \u00e0 venir rencontrer une magnifique et volcanique actrice italienne, pass\u00e9e ma\u00eetresse dans l&rsquo;art des mots. [&hellip;]<\/p>\n","protected":false},"author":4,"featured_media":0,"comment_status":"open","ping_status":"open","sticky":false,"template":"","format":"image","meta":{"disable_featured_image":false,"_themeisle_gutenberg_block_has_review":false},"categories":[3],"tags":[],"yoast_head":"<!-- This site is optimized with the Yoast SEO plugin v20.1 - https:\/\/yoast.com\/wordpress\/plugins\/seo\/ -->\n<title>Rencontre\/d\u00e9dicaces avec Lella COSTA - La Dante - Comit\u00e9 de Paris<\/title>\n<meta name=\"robots\" content=\"index, follow, max-snippet:-1, max-image-preview:large, max-video-preview:-1\" \/>\n<link rel=\"canonical\" href=\"https:\/\/ladante.fr\/paris\/rencontrededicaces-avec-lella-costa\/\" \/>\n<meta property=\"og:locale\" content=\"fr_FR\" \/>\n<meta property=\"og:type\" content=\"article\" \/>\n<meta property=\"og:title\" content=\"Rencontre\/d\u00e9dicaces avec Lella COSTA - La Dante - Comit\u00e9 de Paris\" \/>\n<meta property=\"og:description\" content=\"La Dante Alighieri\u00a0et\u00a0La Libreria\u00a0vous invitent,\u00a0mardi 18 juin 2013 \u00e0 19h, \u00e0 la rencontre-d\u00e9dicaces : Lella COSTA Come una specie di sorriso en compagnie de Michele Canonica Pr\u00e9sident du Comit\u00e9 de Paris de la Societ\u00e0 Dante Alighieri Un d\u00e9lice!\u00a0La Libreria\u00a0vous invite \u00e0 venir rencontrer une magnifique et volcanique actrice italienne, pass\u00e9e ma\u00eetresse dans l&rsquo;art des mots. [&hellip;]\" \/>\n<meta property=\"og:url\" content=\"https:\/\/ladante.fr\/paris\/rencontrededicaces-avec-lella-costa\/\" \/>\n<meta property=\"og:site_name\" content=\"La Dante - Comit\u00e9 de Paris\" \/>\n<meta property=\"article:published_time\" content=\"2013-05-20T13:17:56+00:00\" \/>\n<meta property=\"article:modified_time\" content=\"2018-02-10T18:14:09+00:00\" \/>\n<meta property=\"og:image\" content=\"http:\/\/ladante.fr\/wp-content\/uploads\/2018\/01\/lella-costa.png\" \/>\n<meta name=\"author\" content=\"Mirko Venturi\" \/>\n<meta name=\"twitter:card\" content=\"summary_large_image\" \/>\n<meta name=\"twitter:label1\" content=\"\u00c9crit par\" \/>\n\t<meta name=\"twitter:data1\" content=\"Mirko Venturi\" \/>\n\t<meta name=\"twitter:label2\" content=\"Dur\u00e9e de lecture estim\u00e9e\" \/>\n\t<meta name=\"twitter:data2\" content=\"1 minute\" \/>\n<script type=\"application\/ld+json\" class=\"yoast-schema-graph\">{\"@context\":\"https:\/\/schema.org\",\"@graph\":[{\"@type\":\"WebPage\",\"@id\":\"https:\/\/ladante.fr\/paris\/rencontrededicaces-avec-lella-costa\/\",\"url\":\"https:\/\/ladante.fr\/paris\/rencontrededicaces-avec-lella-costa\/\",\"name\":\"Rencontre\/d\u00e9dicaces avec Lella COSTA - La Dante - Comit\u00e9 de Paris\",\"isPartOf\":{\"@id\":\"https:\/\/ladante.fr\/paris\/#website\"},\"datePublished\":\"2013-05-20T13:17:56+00:00\",\"dateModified\":\"2018-02-10T18:14:09+00:00\",\"author\":{\"@id\":\"https:\/\/ladante.fr\/paris\/#\/schema\/person\/68aed266df313cfba1339a72069dd605\"},\"breadcrumb\":{\"@id\":\"https:\/\/ladante.fr\/paris\/rencontrededicaces-avec-lella-costa\/#breadcrumb\"},\"inLanguage\":\"fr-FR\",\"potentialAction\":[{\"@type\":\"ReadAction\",\"target\":[\"https:\/\/ladante.fr\/paris\/rencontrededicaces-avec-lella-costa\/\"]}]},{\"@type\":\"BreadcrumbList\",\"@id\":\"https:\/\/ladante.fr\/paris\/rencontrededicaces-avec-lella-costa\/#breadcrumb\",\"itemListElement\":[{\"@type\":\"ListItem\",\"position\":1,\"name\":\"Accueil\",\"item\":\"https:\/\/ladante.fr\/paris\/\"},{\"@type\":\"ListItem\",\"position\":2,\"name\":\"Rencontre\/d\u00e9dicaces avec Lella COSTA\"}]},{\"@type\":\"WebSite\",\"@id\":\"https:\/\/ladante.fr\/paris\/#website\",\"url\":\"https:\/\/ladante.fr\/paris\/\",\"name\":\"La Dante - Comit\u00e9 de Paris\",\"description\":\"\",\"potentialAction\":[{\"@type\":\"SearchAction\",\"target\":{\"@type\":\"EntryPoint\",\"urlTemplate\":\"https:\/\/ladante.fr\/paris\/?s={search_term_string}\"},\"query-input\":\"required name=search_term_string\"}],\"inLanguage\":\"fr-FR\"},{\"@type\":\"Person\",\"@id\":\"https:\/\/ladante.fr\/paris\/#\/schema\/person\/68aed266df313cfba1339a72069dd605\",\"name\":\"Mirko Venturi\",\"image\":{\"@type\":\"ImageObject\",\"inLanguage\":\"fr-FR\",\"@id\":\"https:\/\/ladante.fr\/paris\/#\/schema\/person\/image\/\",\"url\":\"https:\/\/secure.gravatar.com\/avatar\/d317780d5a3bd99a39a42e8f53ffd443?s=96&d=mm&r=g\",\"contentUrl\":\"https:\/\/secure.gravatar.com\/avatar\/d317780d5a3bd99a39a42e8f53ffd443?s=96&d=mm&r=g\",\"caption\":\"Mirko Venturi\"},\"url\":\"https:\/\/ladante.fr\/paris\/author\/mirko\/\"}]}<\/script>\n<!-- \/ Yoast SEO plugin. -->","yoast_head_json":{"title":"Rencontre\/d\u00e9dicaces avec Lella COSTA - La Dante - Comit\u00e9 de Paris","robots":{"index":"index","follow":"follow","max-snippet":"max-snippet:-1","max-image-preview":"max-image-preview:large","max-video-preview":"max-video-preview:-1"},"canonical":"https:\/\/ladante.fr\/paris\/rencontrededicaces-avec-lella-costa\/","og_locale":"fr_FR","og_type":"article","og_title":"Rencontre\/d\u00e9dicaces avec Lella COSTA - La Dante - Comit\u00e9 de Paris","og_description":"La Dante Alighieri\u00a0et\u00a0La Libreria\u00a0vous invitent,\u00a0mardi 18 juin 2013 \u00e0 19h, \u00e0 la rencontre-d\u00e9dicaces : Lella COSTA Come una specie di sorriso en compagnie de Michele Canonica Pr\u00e9sident du Comit\u00e9 de Paris de la Societ\u00e0 Dante Alighieri Un d\u00e9lice!\u00a0La Libreria\u00a0vous invite \u00e0 venir rencontrer une magnifique et volcanique actrice italienne, pass\u00e9e ma\u00eetresse dans l&rsquo;art des mots. [&hellip;]","og_url":"https:\/\/ladante.fr\/paris\/rencontrededicaces-avec-lella-costa\/","og_site_name":"La Dante - Comit\u00e9 de Paris","article_published_time":"2013-05-20T13:17:56+00:00","article_modified_time":"2018-02-10T18:14:09+00:00","og_image":[{"url":"http:\/\/ladante.fr\/wp-content\/uploads\/2018\/01\/lella-costa.png"}],"author":"Mirko Venturi","twitter_card":"summary_large_image","twitter_misc":{"\u00c9crit par":"Mirko Venturi","Dur\u00e9e de lecture estim\u00e9e":"1 minute"},"schema":{"@context":"https:\/\/schema.org","@graph":[{"@type":"WebPage","@id":"https:\/\/ladante.fr\/paris\/rencontrededicaces-avec-lella-costa\/","url":"https:\/\/ladante.fr\/paris\/rencontrededicaces-avec-lella-costa\/","name":"Rencontre\/d\u00e9dicaces avec Lella COSTA - La Dante - Comit\u00e9 de Paris","isPartOf":{"@id":"https:\/\/ladante.fr\/paris\/#website"},"datePublished":"2013-05-20T13:17:56+00:00","dateModified":"2018-02-10T18:14:09+00:00","author":{"@id":"https:\/\/ladante.fr\/paris\/#\/schema\/person\/68aed266df313cfba1339a72069dd605"},"breadcrumb":{"@id":"https:\/\/ladante.fr\/paris\/rencontrededicaces-avec-lella-costa\/#breadcrumb"},"inLanguage":"fr-FR","potentialAction":[{"@type":"ReadAction","target":["https:\/\/ladante.fr\/paris\/rencontrededicaces-avec-lella-costa\/"]}]},{"@type":"BreadcrumbList","@id":"https:\/\/ladante.fr\/paris\/rencontrededicaces-avec-lella-costa\/#breadcrumb","itemListElement":[{"@type":"ListItem","position":1,"name":"Accueil","item":"https:\/\/ladante.fr\/paris\/"},{"@type":"ListItem","position":2,"name":"Rencontre\/d\u00e9dicaces avec Lella COSTA"}]},{"@type":"WebSite","@id":"https:\/\/ladante.fr\/paris\/#website","url":"https:\/\/ladante.fr\/paris\/","name":"La Dante - Comit\u00e9 de Paris","description":"","potentialAction":[{"@type":"SearchAction","target":{"@type":"EntryPoint","urlTemplate":"https:\/\/ladante.fr\/paris\/?s={search_term_string}"},"query-input":"required name=search_term_string"}],"inLanguage":"fr-FR"},{"@type":"Person","@id":"https:\/\/ladante.fr\/paris\/#\/schema\/person\/68aed266df313cfba1339a72069dd605","name":"Mirko Venturi","image":{"@type":"ImageObject","inLanguage":"fr-FR","@id":"https:\/\/ladante.fr\/paris\/#\/schema\/person\/image\/","url":"https:\/\/secure.gravatar.com\/avatar\/d317780d5a3bd99a39a42e8f53ffd443?s=96&d=mm&r=g","contentUrl":"https:\/\/secure.gravatar.com\/avatar\/d317780d5a3bd99a39a42e8f53ffd443?s=96&d=mm&r=g","caption":"Mirko Venturi"},"url":"https:\/\/ladante.fr\/paris\/author\/mirko\/"}]}},"_links":{"self":[{"href":"https:\/\/ladante.fr\/paris\/wp-json\/wp\/v2\/posts\/1279"}],"collection":[{"href":"https:\/\/ladante.fr\/paris\/wp-json\/wp\/v2\/posts"}],"about":[{"href":"https:\/\/ladante.fr\/paris\/wp-json\/wp\/v2\/types\/post"}],"author":[{"embeddable":true,"href":"https:\/\/ladante.fr\/paris\/wp-json\/wp\/v2\/users\/4"}],"replies":[{"embeddable":true,"href":"https:\/\/ladante.fr\/paris\/wp-json\/wp\/v2\/comments?post=1279"}],"version-history":[{"count":1,"href":"https:\/\/ladante.fr\/paris\/wp-json\/wp\/v2\/posts\/1279\/revisions"}],"predecessor-version":[{"id":2180,"href":"https:\/\/ladante.fr\/paris\/wp-json\/wp\/v2\/posts\/1279\/revisions\/2180"}],"wp:attachment":[{"href":"https:\/\/ladante.fr\/paris\/wp-json\/wp\/v2\/media?parent=1279"}],"wp:term":[{"taxonomy":"category","embeddable":true,"href":"https:\/\/ladante.fr\/paris\/wp-json\/wp\/v2\/categories?post=1279"},{"taxonomy":"post_tag","embeddable":true,"href":"https:\/\/ladante.fr\/paris\/wp-json\/wp\/v2\/tags?post=1279"}],"curies":[{"name":"wp","href":"https:\/\/api.w.org\/{rel}","templated":true}]}}