{"id":1285,"date":"2013-05-10T15:39:28","date_gmt":"2013-05-10T13:39:28","guid":{"rendered":"http:\/\/la-dante.fr\/?p=1285"},"modified":"2018-02-10T19:16:23","modified_gmt":"2018-02-10T18:16:23","slug":"litalie-au-festival-le-7e-art-dans-le-7e","status":"publish","type":"post","link":"https:\/\/ladante.fr\/paris\/litalie-au-festival-le-7e-art-dans-le-7e\/","title":{"rendered":"L&rsquo;Italie au Festival le 7e art dans le 7e"},"content":{"rendered":"<h2 class=\"postheader\" style=\"text-align: center;\"><img style=\"font-size: 16px;\" src=\"http:\/\/ladante.fr\/wp-content\/uploads\/2018\/01\/festival-7e-art.png\" alt=\"L'Italie au Festival le 7e art dans le 7e\" \/><\/h2>\n<h4 style=\"text-align: center; text-transform: uppercase;\">L&rsquo;Italie au Festival le 7e art dans le 7e<\/h4>\n<h6 style=\"text-align: center;\">du 12 au 14 juin 2013<br \/>\n12\u00e8me \u00e9dition consacr\u00e9e \u00e0 l&rsquo;Italie<\/h6>\n<p style=\"text-align: justify;\">La Dante s&rsquo;est tout naturellement associ\u00e9e \u00e0 cette \u00e9dition \u00ab\u00a0italienne\u00a0\u00bb qui est l&rsquo;occasion de voir ou de revoir des films tels que\u00a0<strong>Basilicata coast to coast<\/strong>,\u00a0<strong>Il rosso e il blu<\/strong>,\u00a0<strong>Respiro<\/strong>,\u00a0<strong>Habemus Papam<\/strong>&#8230; au cin\u00e9ma La Pagode, au th\u00e9\u00e2tre Adyar et m\u00eame en plein air !<\/p>\n<p style=\"text-align: center;\">Projections, rencontres, concours, exposition.<\/p>\n<p style=\"text-align: center;\">Le mercredi 12, apr\u00e8s-midi ludique consacr\u00e9e aux enfants anim\u00e9e par la Dante.<\/p>\n<p style=\"text-align: center;\">\u00ab\u00a0Il cinema \u00e8 il modo pi\u00f9 diretto per entrare in competizione con Dio\u00a0\u00bb.<br \/>\n<em>F. Fellini<\/em><\/p>\n<div class=\"invito\" style=\"text-align: center;\"><img class=\"wf_file_icon\" src=\"http:\/\/ladante.fr\/wp-content\/uploads\/2018\/02\/pdf-1-e1517829938664.png\" alt=\"pdf\" \/><a class=\"wf_file jcepopup noicon\" title=\"Programme Festival le 7e art dans le 7e\" href=\"http:\/\/ladante.fr\/wp-content\/uploads\/2018\/01\/Programme-Festival_cinema_Italie_7e.pdf\" target=\"_blank\" rel=\"noopener\" data-mediabox=\"width[1024];height[769];title[Programme Festival le 7e art dans le 7e]\"><span class=\"wf_file_text\">T\u00e9l\u00e9charger programme<\/span><\/a><\/div>\n","protected":false},"excerpt":{"rendered":"<p>L&rsquo;Italie au Festival le 7e art dans le 7e du 12 au 14 juin 2013 12\u00e8me \u00e9dition consacr\u00e9e \u00e0 l&rsquo;Italie La Dante s&rsquo;est tout naturellement associ\u00e9e \u00e0 cette \u00e9dition \u00ab\u00a0italienne\u00a0\u00bb qui est l&rsquo;occasion de voir ou de revoir des films tels que\u00a0Basilicata coast to coast,\u00a0Il rosso e il blu,\u00a0Respiro,\u00a0Habemus Papam&#8230; au cin\u00e9ma La Pagode, au [&hellip;]<\/p>\n","protected":false},"author":4,"featured_media":0,"comment_status":"open","ping_status":"open","sticky":false,"template":"","format":"image","meta":{"disable_featured_image":false,"_themeisle_gutenberg_block_has_review":false},"categories":[3],"tags":[],"yoast_head":"<!-- This site is optimized with the Yoast SEO plugin v20.1 - https:\/\/yoast.com\/wordpress\/plugins\/seo\/ -->\n<title>L&#039;Italie au Festival le 7e art dans le 7e - La Dante - Comit\u00e9 de Paris<\/title>\n<meta name=\"robots\" content=\"index, follow, max-snippet:-1, max-image-preview:large, max-video-preview:-1\" \/>\n<link rel=\"canonical\" href=\"https:\/\/ladante.fr\/paris\/litalie-au-festival-le-7e-art-dans-le-7e\/\" \/>\n<meta property=\"og:locale\" content=\"fr_FR\" \/>\n<meta property=\"og:type\" content=\"article\" \/>\n<meta property=\"og:title\" content=\"L&#039;Italie au Festival le 7e art dans le 7e - La Dante - Comit\u00e9 de Paris\" \/>\n<meta property=\"og:description\" content=\"L&rsquo;Italie au Festival le 7e art dans le 7e du 12 au 14 juin 2013 12\u00e8me \u00e9dition consacr\u00e9e \u00e0 l&rsquo;Italie La Dante s&rsquo;est tout naturellement associ\u00e9e \u00e0 cette \u00e9dition \u00ab\u00a0italienne\u00a0\u00bb qui est l&rsquo;occasion de voir ou de revoir des films tels que\u00a0Basilicata coast to coast,\u00a0Il rosso e il blu,\u00a0Respiro,\u00a0Habemus Papam&#8230; au cin\u00e9ma La Pagode, au [&hellip;]\" \/>\n<meta property=\"og:url\" content=\"https:\/\/ladante.fr\/paris\/litalie-au-festival-le-7e-art-dans-le-7e\/\" \/>\n<meta property=\"og:site_name\" content=\"La Dante - Comit\u00e9 de Paris\" \/>\n<meta property=\"article:published_time\" content=\"2013-05-10T13:39:28+00:00\" \/>\n<meta property=\"article:modified_time\" content=\"2018-02-10T18:16:23+00:00\" \/>\n<meta property=\"og:image\" content=\"http:\/\/ladante.fr\/wp-content\/uploads\/2018\/01\/festival-7e-art.png\" \/>\n<meta name=\"author\" content=\"Mirko Venturi\" \/>\n<meta name=\"twitter:card\" content=\"summary_large_image\" \/>\n<meta name=\"twitter:label1\" content=\"\u00c9crit par\" \/>\n\t<meta name=\"twitter:data1\" content=\"Mirko Venturi\" \/>\n\t<meta name=\"twitter:label2\" content=\"Dur\u00e9e de lecture estim\u00e9e\" \/>\n\t<meta name=\"twitter:data2\" content=\"1 minute\" \/>\n<script type=\"application\/ld+json\" class=\"yoast-schema-graph\">{\"@context\":\"https:\/\/schema.org\",\"@graph\":[{\"@type\":\"WebPage\",\"@id\":\"https:\/\/ladante.fr\/paris\/litalie-au-festival-le-7e-art-dans-le-7e\/\",\"url\":\"https:\/\/ladante.fr\/paris\/litalie-au-festival-le-7e-art-dans-le-7e\/\",\"name\":\"L'Italie au Festival le 7e art dans le 7e - La Dante - Comit\u00e9 de Paris\",\"isPartOf\":{\"@id\":\"https:\/\/ladante.fr\/paris\/#website\"},\"datePublished\":\"2013-05-10T13:39:28+00:00\",\"dateModified\":\"2018-02-10T18:16:23+00:00\",\"author\":{\"@id\":\"https:\/\/ladante.fr\/paris\/#\/schema\/person\/68aed266df313cfba1339a72069dd605\"},\"breadcrumb\":{\"@id\":\"https:\/\/ladante.fr\/paris\/litalie-au-festival-le-7e-art-dans-le-7e\/#breadcrumb\"},\"inLanguage\":\"fr-FR\",\"potentialAction\":[{\"@type\":\"ReadAction\",\"target\":[\"https:\/\/ladante.fr\/paris\/litalie-au-festival-le-7e-art-dans-le-7e\/\"]}]},{\"@type\":\"BreadcrumbList\",\"@id\":\"https:\/\/ladante.fr\/paris\/litalie-au-festival-le-7e-art-dans-le-7e\/#breadcrumb\",\"itemListElement\":[{\"@type\":\"ListItem\",\"position\":1,\"name\":\"Accueil\",\"item\":\"https:\/\/ladante.fr\/paris\/\"},{\"@type\":\"ListItem\",\"position\":2,\"name\":\"L&rsquo;Italie au Festival le 7e art dans le 7e\"}]},{\"@type\":\"WebSite\",\"@id\":\"https:\/\/ladante.fr\/paris\/#website\",\"url\":\"https:\/\/ladante.fr\/paris\/\",\"name\":\"La Dante - Comit\u00e9 de Paris\",\"description\":\"\",\"potentialAction\":[{\"@type\":\"SearchAction\",\"target\":{\"@type\":\"EntryPoint\",\"urlTemplate\":\"https:\/\/ladante.fr\/paris\/?s={search_term_string}\"},\"query-input\":\"required name=search_term_string\"}],\"inLanguage\":\"fr-FR\"},{\"@type\":\"Person\",\"@id\":\"https:\/\/ladante.fr\/paris\/#\/schema\/person\/68aed266df313cfba1339a72069dd605\",\"name\":\"Mirko Venturi\",\"image\":{\"@type\":\"ImageObject\",\"inLanguage\":\"fr-FR\",\"@id\":\"https:\/\/ladante.fr\/paris\/#\/schema\/person\/image\/\",\"url\":\"https:\/\/secure.gravatar.com\/avatar\/d317780d5a3bd99a39a42e8f53ffd443?s=96&d=mm&r=g\",\"contentUrl\":\"https:\/\/secure.gravatar.com\/avatar\/d317780d5a3bd99a39a42e8f53ffd443?s=96&d=mm&r=g\",\"caption\":\"Mirko Venturi\"},\"url\":\"https:\/\/ladante.fr\/paris\/author\/mirko\/\"}]}<\/script>\n<!-- \/ Yoast SEO plugin. -->","yoast_head_json":{"title":"L'Italie au Festival le 7e art dans le 7e - La Dante - Comit\u00e9 de Paris","robots":{"index":"index","follow":"follow","max-snippet":"max-snippet:-1","max-image-preview":"max-image-preview:large","max-video-preview":"max-video-preview:-1"},"canonical":"https:\/\/ladante.fr\/paris\/litalie-au-festival-le-7e-art-dans-le-7e\/","og_locale":"fr_FR","og_type":"article","og_title":"L'Italie au Festival le 7e art dans le 7e - La Dante - Comit\u00e9 de Paris","og_description":"L&rsquo;Italie au Festival le 7e art dans le 7e du 12 au 14 juin 2013 12\u00e8me \u00e9dition consacr\u00e9e \u00e0 l&rsquo;Italie La Dante s&rsquo;est tout naturellement associ\u00e9e \u00e0 cette \u00e9dition \u00ab\u00a0italienne\u00a0\u00bb qui est l&rsquo;occasion de voir ou de revoir des films tels que\u00a0Basilicata coast to coast,\u00a0Il rosso e il blu,\u00a0Respiro,\u00a0Habemus Papam&#8230; au cin\u00e9ma La Pagode, au [&hellip;]","og_url":"https:\/\/ladante.fr\/paris\/litalie-au-festival-le-7e-art-dans-le-7e\/","og_site_name":"La Dante - Comit\u00e9 de Paris","article_published_time":"2013-05-10T13:39:28+00:00","article_modified_time":"2018-02-10T18:16:23+00:00","og_image":[{"url":"http:\/\/ladante.fr\/wp-content\/uploads\/2018\/01\/festival-7e-art.png"}],"author":"Mirko Venturi","twitter_card":"summary_large_image","twitter_misc":{"\u00c9crit par":"Mirko Venturi","Dur\u00e9e de lecture estim\u00e9e":"1 minute"},"schema":{"@context":"https:\/\/schema.org","@graph":[{"@type":"WebPage","@id":"https:\/\/ladante.fr\/paris\/litalie-au-festival-le-7e-art-dans-le-7e\/","url":"https:\/\/ladante.fr\/paris\/litalie-au-festival-le-7e-art-dans-le-7e\/","name":"L'Italie au Festival le 7e art dans le 7e - La Dante - Comit\u00e9 de Paris","isPartOf":{"@id":"https:\/\/ladante.fr\/paris\/#website"},"datePublished":"2013-05-10T13:39:28+00:00","dateModified":"2018-02-10T18:16:23+00:00","author":{"@id":"https:\/\/ladante.fr\/paris\/#\/schema\/person\/68aed266df313cfba1339a72069dd605"},"breadcrumb":{"@id":"https:\/\/ladante.fr\/paris\/litalie-au-festival-le-7e-art-dans-le-7e\/#breadcrumb"},"inLanguage":"fr-FR","potentialAction":[{"@type":"ReadAction","target":["https:\/\/ladante.fr\/paris\/litalie-au-festival-le-7e-art-dans-le-7e\/"]}]},{"@type":"BreadcrumbList","@id":"https:\/\/ladante.fr\/paris\/litalie-au-festival-le-7e-art-dans-le-7e\/#breadcrumb","itemListElement":[{"@type":"ListItem","position":1,"name":"Accueil","item":"https:\/\/ladante.fr\/paris\/"},{"@type":"ListItem","position":2,"name":"L&rsquo;Italie au Festival le 7e art dans le 7e"}]},{"@type":"WebSite","@id":"https:\/\/ladante.fr\/paris\/#website","url":"https:\/\/ladante.fr\/paris\/","name":"La Dante - Comit\u00e9 de Paris","description":"","potentialAction":[{"@type":"SearchAction","target":{"@type":"EntryPoint","urlTemplate":"https:\/\/ladante.fr\/paris\/?s={search_term_string}"},"query-input":"required name=search_term_string"}],"inLanguage":"fr-FR"},{"@type":"Person","@id":"https:\/\/ladante.fr\/paris\/#\/schema\/person\/68aed266df313cfba1339a72069dd605","name":"Mirko Venturi","image":{"@type":"ImageObject","inLanguage":"fr-FR","@id":"https:\/\/ladante.fr\/paris\/#\/schema\/person\/image\/","url":"https:\/\/secure.gravatar.com\/avatar\/d317780d5a3bd99a39a42e8f53ffd443?s=96&d=mm&r=g","contentUrl":"https:\/\/secure.gravatar.com\/avatar\/d317780d5a3bd99a39a42e8f53ffd443?s=96&d=mm&r=g","caption":"Mirko Venturi"},"url":"https:\/\/ladante.fr\/paris\/author\/mirko\/"}]}},"_links":{"self":[{"href":"https:\/\/ladante.fr\/paris\/wp-json\/wp\/v2\/posts\/1285"}],"collection":[{"href":"https:\/\/ladante.fr\/paris\/wp-json\/wp\/v2\/posts"}],"about":[{"href":"https:\/\/ladante.fr\/paris\/wp-json\/wp\/v2\/types\/post"}],"author":[{"embeddable":true,"href":"https:\/\/ladante.fr\/paris\/wp-json\/wp\/v2\/users\/4"}],"replies":[{"embeddable":true,"href":"https:\/\/ladante.fr\/paris\/wp-json\/wp\/v2\/comments?post=1285"}],"version-history":[{"count":1,"href":"https:\/\/ladante.fr\/paris\/wp-json\/wp\/v2\/posts\/1285\/revisions"}],"predecessor-version":[{"id":2181,"href":"https:\/\/ladante.fr\/paris\/wp-json\/wp\/v2\/posts\/1285\/revisions\/2181"}],"wp:attachment":[{"href":"https:\/\/ladante.fr\/paris\/wp-json\/wp\/v2\/media?parent=1285"}],"wp:term":[{"taxonomy":"category","embeddable":true,"href":"https:\/\/ladante.fr\/paris\/wp-json\/wp\/v2\/categories?post=1285"},{"taxonomy":"post_tag","embeddable":true,"href":"https:\/\/ladante.fr\/paris\/wp-json\/wp\/v2\/tags?post=1285"}],"curies":[{"name":"wp","href":"https:\/\/api.w.org\/{rel}","templated":true}]}}