{"id":1300,"date":"2013-02-27T17:54:50","date_gmt":"2013-02-27T16:54:50","guid":{"rendered":"http:\/\/la-dante.fr\/?p=1300"},"modified":"2018-02-10T19:20:08","modified_gmt":"2018-02-10T18:20:08","slug":"letture-dal-decameron","status":"publish","type":"post","link":"https:\/\/ladante.fr\/paris\/letture-dal-decameron\/","title":{"rendered":"Letture dal Decameron"},"content":{"rendered":"<h2 class=\"postheader\" style=\"text-align: center;\"><img style=\"font-size: 16px;\" src=\"http:\/\/ladante.fr\/wp-content\/uploads\/2018\/01\/letture-decameron.png\" alt=\"Letture dal Decameron\" \/><\/h2>\n<p style=\"text-align: center;\">A partire dal prossimo\u00a0<strong>gioved\u00ec 28 marzo<\/strong>\u00a0tornano i\u00a0<strong>GIOVEDI LETTERARI<\/strong>\u00a0con Valentina Frulio e un ciclo di quattro incontri dedicati a\u00a0<strong>Giovanni Boccaccio<\/strong>.<\/p>\n<p style=\"text-align: center;\">In occasione del settimo centenario della nascita, una volta al mese, da marzo a giugno, leggeremo, analizzeremo e commenteremo alcune novelle liberamente scelte dal\u00a0<strong>Decameron<\/strong>.<\/p>\n<p style=\"text-align: center;\">Lasciamoci affascinare dalla lingua, gli intrighi, le beffe e gli amori di questo intramontabile classico.<\/p>\n<h6 style=\"text-align: center;\">I gioved\u00ec letterari 2013<\/h6>\n<p style=\"text-align: center;\"><strong>Gioved\u00ec 28 marzo \u00a0\u00a0<\/strong><\/p>\n<p style=\"text-align: center;\">ANDREUCCIO DA PERUGIA &#8211; Giornata II, novella V<\/p>\n<p style=\"text-align: center;\">Un\u2019avventura a lieto fine, famosissima, che si svolge a Napoli.<\/p>\n<p style=\"text-align: center;\"><strong>Gioved\u00ec 18 aprile\u00a0\u00a0\u00a0\u00a0<\/strong><\/p>\n<p style=\"text-align: center;\">FEDERIGO DEGLI ALBERIGHI &#8211; Giornata V, novella IX<\/p>\n<p style=\"text-align: center;\">L\u2019amore, analizzato e descritto con mille sfaccettature, qui \u00e8 un sacrificio felicemente ricompensato.<\/p>\n<p style=\"text-align: center;\"><strong>Gioved\u00ec 23 maggio\u00a0<\/strong><\/p>\n<p style=\"text-align: center;\">CHICHIBIO CUOCO &#8211; Giornata VI, novella IV<\/p>\n<p style=\"text-align: center;\">Imparare a rispondere, a parlare e a far ridere \u00e8 una forma di intelligenza che puo\u2019 salvare la vita.<\/p>\n<p style=\"text-align: center;\"><strong>Gioved\u00ec 6 giugno\u00a0\u00a0\u00a0\u00a0<\/strong><\/p>\n<p style=\"text-align: center;\">MARCHESE DI SANLUZZO &#8211; Giornata X, novella X<\/p>\n<p style=\"text-align: center;\">L\u2019ultima novella dell\u2019intero libro, che chiude un secolo e ne apre un altro, ha come parole magiche ancora l\u2019amore e la \u00ab\u00a0cortesia\u00a0\u00bb. Ma che cosa significano?<\/p>\n<h6 style=\"text-align: center;\">Incontri in italiano dalle 18,15 alle 19,15<\/h6>\n<h6 style=\"text-align: center;\"><strong>TARIFFE<\/strong><\/h6>\n<p style=\"text-align: center;\">1 singola conferenza: 15 \u20ac &#8211;\u00a0<strong>12 \u20ac soci\u00a0DA<\/strong><br \/>\nIntero ciclo*: 45 \u20ac &#8211;\u00a0<strong>36 \u20ac soci DA<\/strong><\/p>\n<p style=\"text-align: center;\">*Ciclo = 4 conferenze (di cui 1 gratis)<\/p>\n","protected":false},"excerpt":{"rendered":"<p>A partire dal prossimo\u00a0gioved\u00ec 28 marzo\u00a0tornano i\u00a0GIOVEDI LETTERARI\u00a0con Valentina Frulio e un ciclo di quattro incontri dedicati a\u00a0Giovanni Boccaccio. In occasione del settimo centenario della nascita, una volta al mese, da marzo a giugno, leggeremo, analizzeremo e commenteremo alcune novelle liberamente scelte dal\u00a0Decameron. Lasciamoci affascinare dalla lingua, gli intrighi, le beffe e gli amori di [&hellip;]<\/p>\n","protected":false},"author":4,"featured_media":0,"comment_status":"open","ping_status":"open","sticky":false,"template":"","format":"image","meta":{"disable_featured_image":false,"_themeisle_gutenberg_block_has_review":false},"categories":[3],"tags":[],"yoast_head":"<!-- This site is optimized with the Yoast SEO plugin v20.1 - https:\/\/yoast.com\/wordpress\/plugins\/seo\/ -->\n<title>Letture dal Decameron - La Dante - Comit\u00e9 de Paris<\/title>\n<meta name=\"robots\" content=\"index, follow, max-snippet:-1, max-image-preview:large, max-video-preview:-1\" \/>\n<link rel=\"canonical\" href=\"https:\/\/ladante.fr\/paris\/letture-dal-decameron\/\" \/>\n<meta property=\"og:locale\" content=\"fr_FR\" \/>\n<meta property=\"og:type\" content=\"article\" \/>\n<meta property=\"og:title\" content=\"Letture dal Decameron - La Dante - Comit\u00e9 de Paris\" \/>\n<meta property=\"og:description\" content=\"A partire dal prossimo\u00a0gioved\u00ec 28 marzo\u00a0tornano i\u00a0GIOVEDI LETTERARI\u00a0con Valentina Frulio e un ciclo di quattro incontri dedicati a\u00a0Giovanni Boccaccio. In occasione del settimo centenario della nascita, una volta al mese, da marzo a giugno, leggeremo, analizzeremo e commenteremo alcune novelle liberamente scelte dal\u00a0Decameron. Lasciamoci affascinare dalla lingua, gli intrighi, le beffe e gli amori di [&hellip;]\" \/>\n<meta property=\"og:url\" content=\"https:\/\/ladante.fr\/paris\/letture-dal-decameron\/\" \/>\n<meta property=\"og:site_name\" content=\"La Dante - Comit\u00e9 de Paris\" \/>\n<meta property=\"article:published_time\" content=\"2013-02-27T16:54:50+00:00\" \/>\n<meta property=\"article:modified_time\" content=\"2018-02-10T18:20:08+00:00\" \/>\n<meta property=\"og:image\" content=\"http:\/\/ladante.fr\/wp-content\/uploads\/2018\/01\/letture-decameron.png\" \/>\n<meta name=\"author\" content=\"Mirko Venturi\" \/>\n<meta name=\"twitter:card\" content=\"summary_large_image\" \/>\n<meta name=\"twitter:label1\" content=\"\u00c9crit par\" \/>\n\t<meta name=\"twitter:data1\" content=\"Mirko Venturi\" \/>\n\t<meta name=\"twitter:label2\" content=\"Dur\u00e9e de lecture estim\u00e9e\" \/>\n\t<meta name=\"twitter:data2\" content=\"1 minute\" \/>\n<script type=\"application\/ld+json\" class=\"yoast-schema-graph\">{\"@context\":\"https:\/\/schema.org\",\"@graph\":[{\"@type\":\"WebPage\",\"@id\":\"https:\/\/ladante.fr\/paris\/letture-dal-decameron\/\",\"url\":\"https:\/\/ladante.fr\/paris\/letture-dal-decameron\/\",\"name\":\"Letture dal Decameron - La Dante - Comit\u00e9 de Paris\",\"isPartOf\":{\"@id\":\"https:\/\/ladante.fr\/paris\/#website\"},\"datePublished\":\"2013-02-27T16:54:50+00:00\",\"dateModified\":\"2018-02-10T18:20:08+00:00\",\"author\":{\"@id\":\"https:\/\/ladante.fr\/paris\/#\/schema\/person\/68aed266df313cfba1339a72069dd605\"},\"breadcrumb\":{\"@id\":\"https:\/\/ladante.fr\/paris\/letture-dal-decameron\/#breadcrumb\"},\"inLanguage\":\"fr-FR\",\"potentialAction\":[{\"@type\":\"ReadAction\",\"target\":[\"https:\/\/ladante.fr\/paris\/letture-dal-decameron\/\"]}]},{\"@type\":\"BreadcrumbList\",\"@id\":\"https:\/\/ladante.fr\/paris\/letture-dal-decameron\/#breadcrumb\",\"itemListElement\":[{\"@type\":\"ListItem\",\"position\":1,\"name\":\"Accueil\",\"item\":\"https:\/\/ladante.fr\/paris\/\"},{\"@type\":\"ListItem\",\"position\":2,\"name\":\"Letture dal Decameron\"}]},{\"@type\":\"WebSite\",\"@id\":\"https:\/\/ladante.fr\/paris\/#website\",\"url\":\"https:\/\/ladante.fr\/paris\/\",\"name\":\"La Dante - Comit\u00e9 de Paris\",\"description\":\"\",\"potentialAction\":[{\"@type\":\"SearchAction\",\"target\":{\"@type\":\"EntryPoint\",\"urlTemplate\":\"https:\/\/ladante.fr\/paris\/?s={search_term_string}\"},\"query-input\":\"required name=search_term_string\"}],\"inLanguage\":\"fr-FR\"},{\"@type\":\"Person\",\"@id\":\"https:\/\/ladante.fr\/paris\/#\/schema\/person\/68aed266df313cfba1339a72069dd605\",\"name\":\"Mirko Venturi\",\"image\":{\"@type\":\"ImageObject\",\"inLanguage\":\"fr-FR\",\"@id\":\"https:\/\/ladante.fr\/paris\/#\/schema\/person\/image\/\",\"url\":\"https:\/\/secure.gravatar.com\/avatar\/d317780d5a3bd99a39a42e8f53ffd443?s=96&d=mm&r=g\",\"contentUrl\":\"https:\/\/secure.gravatar.com\/avatar\/d317780d5a3bd99a39a42e8f53ffd443?s=96&d=mm&r=g\",\"caption\":\"Mirko Venturi\"},\"url\":\"https:\/\/ladante.fr\/paris\/author\/mirko\/\"}]}<\/script>\n<!-- \/ Yoast SEO plugin. -->","yoast_head_json":{"title":"Letture dal Decameron - La Dante - Comit\u00e9 de Paris","robots":{"index":"index","follow":"follow","max-snippet":"max-snippet:-1","max-image-preview":"max-image-preview:large","max-video-preview":"max-video-preview:-1"},"canonical":"https:\/\/ladante.fr\/paris\/letture-dal-decameron\/","og_locale":"fr_FR","og_type":"article","og_title":"Letture dal Decameron - La Dante - Comit\u00e9 de Paris","og_description":"A partire dal prossimo\u00a0gioved\u00ec 28 marzo\u00a0tornano i\u00a0GIOVEDI LETTERARI\u00a0con Valentina Frulio e un ciclo di quattro incontri dedicati a\u00a0Giovanni Boccaccio. In occasione del settimo centenario della nascita, una volta al mese, da marzo a giugno, leggeremo, analizzeremo e commenteremo alcune novelle liberamente scelte dal\u00a0Decameron. Lasciamoci affascinare dalla lingua, gli intrighi, le beffe e gli amori di [&hellip;]","og_url":"https:\/\/ladante.fr\/paris\/letture-dal-decameron\/","og_site_name":"La Dante - Comit\u00e9 de Paris","article_published_time":"2013-02-27T16:54:50+00:00","article_modified_time":"2018-02-10T18:20:08+00:00","og_image":[{"url":"http:\/\/ladante.fr\/wp-content\/uploads\/2018\/01\/letture-decameron.png"}],"author":"Mirko Venturi","twitter_card":"summary_large_image","twitter_misc":{"\u00c9crit par":"Mirko Venturi","Dur\u00e9e de lecture estim\u00e9e":"1 minute"},"schema":{"@context":"https:\/\/schema.org","@graph":[{"@type":"WebPage","@id":"https:\/\/ladante.fr\/paris\/letture-dal-decameron\/","url":"https:\/\/ladante.fr\/paris\/letture-dal-decameron\/","name":"Letture dal Decameron - La Dante - Comit\u00e9 de Paris","isPartOf":{"@id":"https:\/\/ladante.fr\/paris\/#website"},"datePublished":"2013-02-27T16:54:50+00:00","dateModified":"2018-02-10T18:20:08+00:00","author":{"@id":"https:\/\/ladante.fr\/paris\/#\/schema\/person\/68aed266df313cfba1339a72069dd605"},"breadcrumb":{"@id":"https:\/\/ladante.fr\/paris\/letture-dal-decameron\/#breadcrumb"},"inLanguage":"fr-FR","potentialAction":[{"@type":"ReadAction","target":["https:\/\/ladante.fr\/paris\/letture-dal-decameron\/"]}]},{"@type":"BreadcrumbList","@id":"https:\/\/ladante.fr\/paris\/letture-dal-decameron\/#breadcrumb","itemListElement":[{"@type":"ListItem","position":1,"name":"Accueil","item":"https:\/\/ladante.fr\/paris\/"},{"@type":"ListItem","position":2,"name":"Letture dal Decameron"}]},{"@type":"WebSite","@id":"https:\/\/ladante.fr\/paris\/#website","url":"https:\/\/ladante.fr\/paris\/","name":"La Dante - Comit\u00e9 de Paris","description":"","potentialAction":[{"@type":"SearchAction","target":{"@type":"EntryPoint","urlTemplate":"https:\/\/ladante.fr\/paris\/?s={search_term_string}"},"query-input":"required name=search_term_string"}],"inLanguage":"fr-FR"},{"@type":"Person","@id":"https:\/\/ladante.fr\/paris\/#\/schema\/person\/68aed266df313cfba1339a72069dd605","name":"Mirko Venturi","image":{"@type":"ImageObject","inLanguage":"fr-FR","@id":"https:\/\/ladante.fr\/paris\/#\/schema\/person\/image\/","url":"https:\/\/secure.gravatar.com\/avatar\/d317780d5a3bd99a39a42e8f53ffd443?s=96&d=mm&r=g","contentUrl":"https:\/\/secure.gravatar.com\/avatar\/d317780d5a3bd99a39a42e8f53ffd443?s=96&d=mm&r=g","caption":"Mirko Venturi"},"url":"https:\/\/ladante.fr\/paris\/author\/mirko\/"}]}},"_links":{"self":[{"href":"https:\/\/ladante.fr\/paris\/wp-json\/wp\/v2\/posts\/1300"}],"collection":[{"href":"https:\/\/ladante.fr\/paris\/wp-json\/wp\/v2\/posts"}],"about":[{"href":"https:\/\/ladante.fr\/paris\/wp-json\/wp\/v2\/types\/post"}],"author":[{"embeddable":true,"href":"https:\/\/ladante.fr\/paris\/wp-json\/wp\/v2\/users\/4"}],"replies":[{"embeddable":true,"href":"https:\/\/ladante.fr\/paris\/wp-json\/wp\/v2\/comments?post=1300"}],"version-history":[{"count":1,"href":"https:\/\/ladante.fr\/paris\/wp-json\/wp\/v2\/posts\/1300\/revisions"}],"predecessor-version":[{"id":2184,"href":"https:\/\/ladante.fr\/paris\/wp-json\/wp\/v2\/posts\/1300\/revisions\/2184"}],"wp:attachment":[{"href":"https:\/\/ladante.fr\/paris\/wp-json\/wp\/v2\/media?parent=1300"}],"wp:term":[{"taxonomy":"category","embeddable":true,"href":"https:\/\/ladante.fr\/paris\/wp-json\/wp\/v2\/categories?post=1300"},{"taxonomy":"post_tag","embeddable":true,"href":"https:\/\/ladante.fr\/paris\/wp-json\/wp\/v2\/tags?post=1300"}],"curies":[{"name":"wp","href":"https:\/\/api.w.org\/{rel}","templated":true}]}}