{"id":1304,"date":"2013-02-24T15:58:27","date_gmt":"2013-02-24T14:58:27","guid":{"rendered":"http:\/\/la-dante.fr\/?p=1304"},"modified":"2018-02-10T19:22:27","modified_gmt":"2018-02-10T18:22:27","slug":"umberto-saba-e-la-cultura-triestina-fra-ottocento-e-novecento","status":"publish","type":"post","link":"https:\/\/ladante.fr\/paris\/umberto-saba-e-la-cultura-triestina-fra-ottocento-e-novecento\/","title":{"rendered":"Umberto Saba e la cultura triestina fra Ottocento e Novecento"},"content":{"rendered":"<h2 class=\"postheader\" style=\"text-align: center;\"><img style=\"font-size: 16px;\" src=\"http:\/\/ladante.fr\/wp-content\/uploads\/2018\/01\/umberto-saba.png\" alt=\"Umberto Saba e la cultura triestina fra Ottocento e Novecento\" \/><\/h2>\n<p style=\"text-align: center;\">A 130 anni dalla nascita di Umberto Saba (1883-1957) :<\/p>\n<p style=\"text-align: center;\"><strong>Florence Raut<\/strong><br \/>\n<em>Direttrice de \u00ab\u00a0La Libreria\u00a0\u00bb &#8211; Librairie italienne et fran\u00e7aise<\/em><\/p>\n<p style=\"text-align: center;\"><strong>Aurelio Alaimo<\/strong><br \/>\n<em>Preside del Liceo Italiano \u00ab\u00a0Leonardo da Vinci\u00a0\u00bb di Parigi<\/em><\/p>\n<p style=\"text-align: center;\"><strong>Michele Canonica<\/strong><br \/>\n<em>Presidente della Societ\u00e0 Dante Alighieri &#8211; Comitato di Parigi<\/em><\/p>\n<p style=\"text-align: center;\">hanno il piacere di invitarvi a un dibattito sul tema<\/p>\n<h4 style=\"text-align: center; text-transform: uppercase;\">Umberto Saba e la cultura triestina<br \/>\nfra Ottocento e Novecento<\/h4>\n<h6 style=\"text-align: center; text-transform: uppercase;\">Interventi di<\/h6>\n<p style=\"text-align: center;\"><strong>Riccardo Cepach<\/strong>\u00a0&#8211;\u00a0<em>Coordinatore del Museo Sveviano del Comune di Trieste<\/em><\/p>\n<p style=\"text-align: center;\"><strong>Fulvio Senardi<\/strong>\u00a0&#8211;<em>\u00a0Docente e saggista, autore del volume Saba (Il Mulino, 2012)<\/em><\/p>\n<p style=\"text-align: center;\"><strong>Susanna Spero<\/strong>\u00a0&#8211;\u00a0<em>Institut d\u2019\u00e9tudes avanc\u00e9es de Paris<\/em><\/p>\n<div class=\"ospite-onore\" style=\"text-align: center;\">\n<p>L\u2019attrice\u00a0<strong>Serena Rispoli\u00a0<\/strong>legger\u00e0 alcuni testi poetici di Umberto Saba.<\/p>\n<h6 style=\"text-align: center; text-transform: uppercase;\">Con la partecipazione di<\/h6>\n<p><strong>Maurizio Serra<\/strong>\u00a0&#8211;\u00a0<em>Ambasciatore d\u2019Italia all\u2019Unesco<\/em><\/p>\n<div class=\"invito\" style=\"text-align: center;\"><img class=\"wf_file_icon\" src=\"http:\/\/ladante.fr\/wp-content\/uploads\/2018\/02\/pdf-1-e1517829938664.png\" alt=\"pdf\" \/><a class=\"wf_file jcepopup noicon\" title=\"Umberto Saba e la cultura triestina fra Ottocento e Novecento\" href=\"http:\/\/ladante.fr\/wp-content\/uploads\/2018\/01\/Umberto-Saba-e-la-cultura-triestina-fra-Ottocento-e-Novecento.pdf\" target=\"_blank\" rel=\"noopener\" data-mediabox=\"width[1024];height[768];title[Umberto Saba e la cultura triestina fra Ottocento e Novecento]\"><span class=\"wf_file_text\">T\u00e9l\u00e9charger invitation<\/span><\/a><\/div>\n<div class=\"orari\" style=\"text-align: center;\">\n<p><strong>Gioved\u00ec 21 marzo 2013<\/strong><\/p>\n<p>Inizio degli interventi alle\u00a0<strong>ore 18:00<\/strong><\/p>\n<p>Aperitivo alle\u00a0<strong>ore 19:30<\/strong><\/p>\n<p>&nbsp;<\/p>\n<p>Liceo Italiano \u00ab\u00a0Leonardo da Vinci\u00a0\u00bb<br \/>\n12, rue S\u00e9dillot \u2013 75007 Paris<\/p>\n<\/div>\n<div class=\"risposte\">\n<p style=\"text-align: center;\">R.S.V.P.<\/p>\n<p style=\"text-align: center;\">Tel.: 01 47 05 16 26<br \/>\ne-mail:\u00a0<a href=\"mailto:paris@ladante.fr\">paris@ladante.fr<\/a><\/p>\n<p style=\"text-align: center;\"><strong>Risposta gradita entro il<br \/>\n18 marzo 2013<\/strong><\/p>\n<\/div>\n<\/div>\n","protected":false},"excerpt":{"rendered":"<p>A 130 anni dalla nascita di Umberto Saba (1883-1957) : Florence Raut Direttrice de \u00ab\u00a0La Libreria\u00a0\u00bb &#8211; Librairie italienne et fran\u00e7aise Aurelio Alaimo Preside del Liceo Italiano \u00ab\u00a0Leonardo da Vinci\u00a0\u00bb di Parigi Michele Canonica Presidente della Societ\u00e0 Dante Alighieri &#8211; Comitato di Parigi hanno il piacere di invitarvi a un dibattito sul tema Umberto Saba [&hellip;]<\/p>\n","protected":false},"author":4,"featured_media":0,"comment_status":"open","ping_status":"open","sticky":false,"template":"","format":"image","meta":{"disable_featured_image":false,"_themeisle_gutenberg_block_has_review":false},"categories":[3],"tags":[],"yoast_head":"<!-- This site is optimized with the Yoast SEO plugin v20.1 - https:\/\/yoast.com\/wordpress\/plugins\/seo\/ -->\n<title>Umberto Saba e la cultura triestina fra Ottocento e Novecento - La Dante - Comit\u00e9 de Paris<\/title>\n<meta name=\"robots\" content=\"index, follow, max-snippet:-1, max-image-preview:large, max-video-preview:-1\" \/>\n<link rel=\"canonical\" href=\"https:\/\/ladante.fr\/paris\/umberto-saba-e-la-cultura-triestina-fra-ottocento-e-novecento\/\" \/>\n<meta property=\"og:locale\" content=\"fr_FR\" \/>\n<meta property=\"og:type\" content=\"article\" \/>\n<meta property=\"og:title\" content=\"Umberto Saba e la cultura triestina fra Ottocento e Novecento - La Dante - Comit\u00e9 de Paris\" \/>\n<meta property=\"og:description\" content=\"A 130 anni dalla nascita di Umberto Saba (1883-1957) : Florence Raut Direttrice de \u00ab\u00a0La Libreria\u00a0\u00bb &#8211; Librairie italienne et fran\u00e7aise Aurelio Alaimo Preside del Liceo Italiano \u00ab\u00a0Leonardo da Vinci\u00a0\u00bb di Parigi Michele Canonica Presidente della Societ\u00e0 Dante Alighieri &#8211; Comitato di Parigi hanno il piacere di invitarvi a un dibattito sul tema Umberto Saba [&hellip;]\" \/>\n<meta property=\"og:url\" content=\"https:\/\/ladante.fr\/paris\/umberto-saba-e-la-cultura-triestina-fra-ottocento-e-novecento\/\" \/>\n<meta property=\"og:site_name\" content=\"La Dante - Comit\u00e9 de Paris\" \/>\n<meta property=\"article:published_time\" content=\"2013-02-24T14:58:27+00:00\" \/>\n<meta property=\"article:modified_time\" content=\"2018-02-10T18:22:27+00:00\" \/>\n<meta property=\"og:image\" content=\"http:\/\/ladante.fr\/wp-content\/uploads\/2018\/01\/umberto-saba.png\" \/>\n<meta name=\"author\" content=\"Mirko Venturi\" \/>\n<meta name=\"twitter:card\" content=\"summary_large_image\" \/>\n<meta name=\"twitter:label1\" content=\"\u00c9crit par\" \/>\n\t<meta name=\"twitter:data1\" content=\"Mirko Venturi\" \/>\n\t<meta name=\"twitter:label2\" content=\"Dur\u00e9e de lecture estim\u00e9e\" \/>\n\t<meta name=\"twitter:data2\" content=\"1 minute\" \/>\n<script type=\"application\/ld+json\" class=\"yoast-schema-graph\">{\"@context\":\"https:\/\/schema.org\",\"@graph\":[{\"@type\":\"WebPage\",\"@id\":\"https:\/\/ladante.fr\/paris\/umberto-saba-e-la-cultura-triestina-fra-ottocento-e-novecento\/\",\"url\":\"https:\/\/ladante.fr\/paris\/umberto-saba-e-la-cultura-triestina-fra-ottocento-e-novecento\/\",\"name\":\"Umberto Saba e la cultura triestina fra Ottocento e Novecento - La Dante - Comit\u00e9 de Paris\",\"isPartOf\":{\"@id\":\"https:\/\/ladante.fr\/paris\/#website\"},\"datePublished\":\"2013-02-24T14:58:27+00:00\",\"dateModified\":\"2018-02-10T18:22:27+00:00\",\"author\":{\"@id\":\"https:\/\/ladante.fr\/paris\/#\/schema\/person\/68aed266df313cfba1339a72069dd605\"},\"breadcrumb\":{\"@id\":\"https:\/\/ladante.fr\/paris\/umberto-saba-e-la-cultura-triestina-fra-ottocento-e-novecento\/#breadcrumb\"},\"inLanguage\":\"fr-FR\",\"potentialAction\":[{\"@type\":\"ReadAction\",\"target\":[\"https:\/\/ladante.fr\/paris\/umberto-saba-e-la-cultura-triestina-fra-ottocento-e-novecento\/\"]}]},{\"@type\":\"BreadcrumbList\",\"@id\":\"https:\/\/ladante.fr\/paris\/umberto-saba-e-la-cultura-triestina-fra-ottocento-e-novecento\/#breadcrumb\",\"itemListElement\":[{\"@type\":\"ListItem\",\"position\":1,\"name\":\"Accueil\",\"item\":\"https:\/\/ladante.fr\/paris\/\"},{\"@type\":\"ListItem\",\"position\":2,\"name\":\"Umberto Saba e la cultura triestina fra Ottocento e Novecento\"}]},{\"@type\":\"WebSite\",\"@id\":\"https:\/\/ladante.fr\/paris\/#website\",\"url\":\"https:\/\/ladante.fr\/paris\/\",\"name\":\"La Dante - Comit\u00e9 de Paris\",\"description\":\"\",\"potentialAction\":[{\"@type\":\"SearchAction\",\"target\":{\"@type\":\"EntryPoint\",\"urlTemplate\":\"https:\/\/ladante.fr\/paris\/?s={search_term_string}\"},\"query-input\":\"required name=search_term_string\"}],\"inLanguage\":\"fr-FR\"},{\"@type\":\"Person\",\"@id\":\"https:\/\/ladante.fr\/paris\/#\/schema\/person\/68aed266df313cfba1339a72069dd605\",\"name\":\"Mirko Venturi\",\"image\":{\"@type\":\"ImageObject\",\"inLanguage\":\"fr-FR\",\"@id\":\"https:\/\/ladante.fr\/paris\/#\/schema\/person\/image\/\",\"url\":\"https:\/\/secure.gravatar.com\/avatar\/d317780d5a3bd99a39a42e8f53ffd443?s=96&d=mm&r=g\",\"contentUrl\":\"https:\/\/secure.gravatar.com\/avatar\/d317780d5a3bd99a39a42e8f53ffd443?s=96&d=mm&r=g\",\"caption\":\"Mirko Venturi\"},\"url\":\"https:\/\/ladante.fr\/paris\/author\/mirko\/\"}]}<\/script>\n<!-- \/ Yoast SEO plugin. -->","yoast_head_json":{"title":"Umberto Saba e la cultura triestina fra Ottocento e Novecento - La Dante - Comit\u00e9 de Paris","robots":{"index":"index","follow":"follow","max-snippet":"max-snippet:-1","max-image-preview":"max-image-preview:large","max-video-preview":"max-video-preview:-1"},"canonical":"https:\/\/ladante.fr\/paris\/umberto-saba-e-la-cultura-triestina-fra-ottocento-e-novecento\/","og_locale":"fr_FR","og_type":"article","og_title":"Umberto Saba e la cultura triestina fra Ottocento e Novecento - La Dante - Comit\u00e9 de Paris","og_description":"A 130 anni dalla nascita di Umberto Saba (1883-1957) : Florence Raut Direttrice de \u00ab\u00a0La Libreria\u00a0\u00bb &#8211; Librairie italienne et fran\u00e7aise Aurelio Alaimo Preside del Liceo Italiano \u00ab\u00a0Leonardo da Vinci\u00a0\u00bb di Parigi Michele Canonica Presidente della Societ\u00e0 Dante Alighieri &#8211; Comitato di Parigi hanno il piacere di invitarvi a un dibattito sul tema Umberto Saba [&hellip;]","og_url":"https:\/\/ladante.fr\/paris\/umberto-saba-e-la-cultura-triestina-fra-ottocento-e-novecento\/","og_site_name":"La Dante - Comit\u00e9 de Paris","article_published_time":"2013-02-24T14:58:27+00:00","article_modified_time":"2018-02-10T18:22:27+00:00","og_image":[{"url":"http:\/\/ladante.fr\/wp-content\/uploads\/2018\/01\/umberto-saba.png"}],"author":"Mirko Venturi","twitter_card":"summary_large_image","twitter_misc":{"\u00c9crit par":"Mirko Venturi","Dur\u00e9e de lecture estim\u00e9e":"1 minute"},"schema":{"@context":"https:\/\/schema.org","@graph":[{"@type":"WebPage","@id":"https:\/\/ladante.fr\/paris\/umberto-saba-e-la-cultura-triestina-fra-ottocento-e-novecento\/","url":"https:\/\/ladante.fr\/paris\/umberto-saba-e-la-cultura-triestina-fra-ottocento-e-novecento\/","name":"Umberto Saba e la cultura triestina fra Ottocento e Novecento - La Dante - Comit\u00e9 de Paris","isPartOf":{"@id":"https:\/\/ladante.fr\/paris\/#website"},"datePublished":"2013-02-24T14:58:27+00:00","dateModified":"2018-02-10T18:22:27+00:00","author":{"@id":"https:\/\/ladante.fr\/paris\/#\/schema\/person\/68aed266df313cfba1339a72069dd605"},"breadcrumb":{"@id":"https:\/\/ladante.fr\/paris\/umberto-saba-e-la-cultura-triestina-fra-ottocento-e-novecento\/#breadcrumb"},"inLanguage":"fr-FR","potentialAction":[{"@type":"ReadAction","target":["https:\/\/ladante.fr\/paris\/umberto-saba-e-la-cultura-triestina-fra-ottocento-e-novecento\/"]}]},{"@type":"BreadcrumbList","@id":"https:\/\/ladante.fr\/paris\/umberto-saba-e-la-cultura-triestina-fra-ottocento-e-novecento\/#breadcrumb","itemListElement":[{"@type":"ListItem","position":1,"name":"Accueil","item":"https:\/\/ladante.fr\/paris\/"},{"@type":"ListItem","position":2,"name":"Umberto Saba e la cultura triestina fra Ottocento e Novecento"}]},{"@type":"WebSite","@id":"https:\/\/ladante.fr\/paris\/#website","url":"https:\/\/ladante.fr\/paris\/","name":"La Dante - Comit\u00e9 de Paris","description":"","potentialAction":[{"@type":"SearchAction","target":{"@type":"EntryPoint","urlTemplate":"https:\/\/ladante.fr\/paris\/?s={search_term_string}"},"query-input":"required name=search_term_string"}],"inLanguage":"fr-FR"},{"@type":"Person","@id":"https:\/\/ladante.fr\/paris\/#\/schema\/person\/68aed266df313cfba1339a72069dd605","name":"Mirko Venturi","image":{"@type":"ImageObject","inLanguage":"fr-FR","@id":"https:\/\/ladante.fr\/paris\/#\/schema\/person\/image\/","url":"https:\/\/secure.gravatar.com\/avatar\/d317780d5a3bd99a39a42e8f53ffd443?s=96&d=mm&r=g","contentUrl":"https:\/\/secure.gravatar.com\/avatar\/d317780d5a3bd99a39a42e8f53ffd443?s=96&d=mm&r=g","caption":"Mirko Venturi"},"url":"https:\/\/ladante.fr\/paris\/author\/mirko\/"}]}},"_links":{"self":[{"href":"https:\/\/ladante.fr\/paris\/wp-json\/wp\/v2\/posts\/1304"}],"collection":[{"href":"https:\/\/ladante.fr\/paris\/wp-json\/wp\/v2\/posts"}],"about":[{"href":"https:\/\/ladante.fr\/paris\/wp-json\/wp\/v2\/types\/post"}],"author":[{"embeddable":true,"href":"https:\/\/ladante.fr\/paris\/wp-json\/wp\/v2\/users\/4"}],"replies":[{"embeddable":true,"href":"https:\/\/ladante.fr\/paris\/wp-json\/wp\/v2\/comments?post=1304"}],"version-history":[{"count":2,"href":"https:\/\/ladante.fr\/paris\/wp-json\/wp\/v2\/posts\/1304\/revisions"}],"predecessor-version":[{"id":2186,"href":"https:\/\/ladante.fr\/paris\/wp-json\/wp\/v2\/posts\/1304\/revisions\/2186"}],"wp:attachment":[{"href":"https:\/\/ladante.fr\/paris\/wp-json\/wp\/v2\/media?parent=1304"}],"wp:term":[{"taxonomy":"category","embeddable":true,"href":"https:\/\/ladante.fr\/paris\/wp-json\/wp\/v2\/categories?post=1304"},{"taxonomy":"post_tag","embeddable":true,"href":"https:\/\/ladante.fr\/paris\/wp-json\/wp\/v2\/tags?post=1304"}],"curies":[{"name":"wp","href":"https:\/\/api.w.org\/{rel}","templated":true}]}}