{"id":760,"date":"2016-01-02T16:50:11","date_gmt":"2016-01-02T15:50:11","guid":{"rendered":"http:\/\/la-dante.fr\/?p=760"},"modified":"2018-02-10T13:40:38","modified_gmt":"2018-02-10T12:40:38","slug":"conferenze-2016-2017-da-dante-ai-nostri-giorni-la-lingua-italiana-in-scrittori-contemporanei","status":"publish","type":"post","link":"https:\/\/ladante.fr\/paris\/conferenze-2016-2017-da-dante-ai-nostri-giorni-la-lingua-italiana-in-scrittori-contemporanei\/","title":{"rendered":"CONFERENZE 2016-2017 DA DANTE AI NOSTRI GIORNI: LA LINGUA ITALIANA IN SCRITTORI CONTEMPORANEI"},"content":{"rendered":"<div class=\"postmetadataheader\">\n<div class=\"postheadericons metadata-icons\"><img class=\"aligncenter\" src=\"http:\/\/la-dante.fr\/wp-content\/uploads\/2018\/01\/conferenze-frulio.png\" alt=\"CONFERENZE 2016-2017 DA DANTE AI NOSTRI GIORNI: LA LINGUA ITALIANA IN SCRITTORI CONTEMPORANEI\" \/><\/div>\n<\/div>\n<div class=\"postcontent postcontent-0 clearfix\">\n<div class=\"article\">\n<h4 style=\"text-align: center; text-transform: uppercase;\">DA DANTE AI NOSTRI GIORNI:<br \/>\nLA LINGUA ITALIANA E GLI SCRITTORI CONTEMPORANEI<\/h4>\n<h5 style=\"text-align: center; text-transform: uppercase;\">Dott.ssa Valentina FRULIO<\/h5>\n<p style=\"text-align: justify;\">Un ciclo di otto incontri, uno al mese, ognuno indipendente dall\u2019altro ma tutti su un unico tema: la lingua italiana e la letteratura, attraverso alcune citt\u00e0, alcune regioni, alcuni generi letterari.<\/p>\n<p style=\"text-align: justify;\">Con un\u2019analisi degli scrittori contemporanei che oggi fanno la lingua e la cultura italiana, e soprattutto alcuni consigli di lettura rivolti a diversi livelli di conoscenza dell\u2019italiano.<\/p>\n<p style=\"text-align: center;\">Le conferenze sono unicamente in lingua italiana, durano un\u2019ora, e parlano sia degli scrittori pi\u00f9 noti sia di quelli meno conosciuti in Francia.<\/p>\n<p style=\"text-align: center;\"><strong>Incontri In italiano, alla Dante di Parigi, dalle 18,15 alle 19,15<\/strong><\/p>\n<p style=\"text-align: center;\"><strong>TARIFFE<\/strong><\/p>\n<p style=\"text-align: center;\">1 singola conferenza: 18 \u20ac &#8211; 12 \u20ac soci DA<\/p>\n<p style=\"text-align: center;\">Intero ciclo*:\u00a0108 \u20ac &#8211; 72 \u20ac soci DA<\/p>\n<p style=\"text-align: center;\"><strong>*Ciclo = 8 conferenze (di cui 2 gratis)<\/strong><\/p>\n<div class=\"invito\" style=\"text-align: center;\"><span class=\"wf_file jcepopup noicon\"><img class=\"wf_file_icon\" src=\"http:\/\/ladante.fr\/wp-content\/uploads\/2018\/02\/pdf-1-e1517829938664.png\" alt=\"pdf\" \/><\/span><a class=\"wf_file jcepopup noicon\" title=\"LA LINGUA ITALIANA E GLI SCRITTORI CONTEMPORANEI\" href=\"http:\/\/ladante.fr\/wp-content\/uploads\/2018\/02\/Frulio-Ciclo_lingua_italiana_16-17.pdf\" target=\"_blank\" rel=\"noopener\">T\u00e9l\u00e9charger le programme<\/a><\/div>\n<\/div>\n<\/div>\n","protected":false},"excerpt":{"rendered":"<p>DA DANTE AI NOSTRI GIORNI: LA LINGUA ITALIANA E GLI SCRITTORI CONTEMPORANEI Dott.ssa Valentina FRULIO Un ciclo di otto incontri, uno al mese, ognuno indipendente dall\u2019altro ma tutti su un unico tema: la lingua italiana e la letteratura, attraverso alcune citt\u00e0, alcune regioni, alcuni generi letterari. Con un\u2019analisi degli scrittori contemporanei che oggi fanno la [&hellip;]<\/p>\n","protected":false},"author":4,"featured_media":0,"comment_status":"open","ping_status":"open","sticky":false,"template":"","format":"image","meta":{"disable_featured_image":false,"_themeisle_gutenberg_block_has_review":false},"categories":[7],"tags":[],"yoast_head":"<!-- This site is optimized with the Yoast SEO plugin v20.1 - https:\/\/yoast.com\/wordpress\/plugins\/seo\/ -->\n<title>CONFERENZE 2016-2017 DA DANTE AI NOSTRI GIORNI: LA LINGUA ITALIANA IN SCRITTORI CONTEMPORANEI - La Dante - Comit\u00e9 de Paris<\/title>\n<meta name=\"robots\" content=\"index, follow, max-snippet:-1, max-image-preview:large, max-video-preview:-1\" \/>\n<link rel=\"canonical\" href=\"https:\/\/ladante.fr\/paris\/conferenze-2016-2017-da-dante-ai-nostri-giorni-la-lingua-italiana-in-scrittori-contemporanei\/\" \/>\n<meta property=\"og:locale\" content=\"fr_FR\" \/>\n<meta property=\"og:type\" content=\"article\" \/>\n<meta property=\"og:title\" content=\"CONFERENZE 2016-2017 DA DANTE AI NOSTRI GIORNI: LA LINGUA ITALIANA IN SCRITTORI CONTEMPORANEI - La Dante - Comit\u00e9 de Paris\" \/>\n<meta property=\"og:description\" content=\"DA DANTE AI NOSTRI GIORNI: LA LINGUA ITALIANA E GLI SCRITTORI CONTEMPORANEI Dott.ssa Valentina FRULIO Un ciclo di otto incontri, uno al mese, ognuno indipendente dall\u2019altro ma tutti su un unico tema: la lingua italiana e la letteratura, attraverso alcune citt\u00e0, alcune regioni, alcuni generi letterari. Con un\u2019analisi degli scrittori contemporanei che oggi fanno la [&hellip;]\" \/>\n<meta property=\"og:url\" content=\"https:\/\/ladante.fr\/paris\/conferenze-2016-2017-da-dante-ai-nostri-giorni-la-lingua-italiana-in-scrittori-contemporanei\/\" \/>\n<meta property=\"og:site_name\" content=\"La Dante - Comit\u00e9 de Paris\" \/>\n<meta property=\"article:published_time\" content=\"2016-01-02T15:50:11+00:00\" \/>\n<meta property=\"article:modified_time\" content=\"2018-02-10T12:40:38+00:00\" \/>\n<meta property=\"og:image\" content=\"http:\/\/la-dante.fr\/wp-content\/uploads\/2018\/01\/conferenze-frulio.png\" \/>\n<meta name=\"author\" content=\"Mirko Venturi\" \/>\n<meta name=\"twitter:card\" content=\"summary_large_image\" \/>\n<meta name=\"twitter:label1\" content=\"\u00c9crit par\" \/>\n\t<meta name=\"twitter:data1\" content=\"Mirko Venturi\" \/>\n\t<meta name=\"twitter:label2\" content=\"Dur\u00e9e de lecture estim\u00e9e\" \/>\n\t<meta name=\"twitter:data2\" content=\"1 minute\" \/>\n<script type=\"application\/ld+json\" class=\"yoast-schema-graph\">{\"@context\":\"https:\/\/schema.org\",\"@graph\":[{\"@type\":\"WebPage\",\"@id\":\"https:\/\/ladante.fr\/paris\/conferenze-2016-2017-da-dante-ai-nostri-giorni-la-lingua-italiana-in-scrittori-contemporanei\/\",\"url\":\"https:\/\/ladante.fr\/paris\/conferenze-2016-2017-da-dante-ai-nostri-giorni-la-lingua-italiana-in-scrittori-contemporanei\/\",\"name\":\"CONFERENZE 2016-2017 DA DANTE AI NOSTRI GIORNI: LA LINGUA ITALIANA IN SCRITTORI CONTEMPORANEI - La Dante - Comit\u00e9 de Paris\",\"isPartOf\":{\"@id\":\"https:\/\/ladante.fr\/paris\/#website\"},\"datePublished\":\"2016-01-02T15:50:11+00:00\",\"dateModified\":\"2018-02-10T12:40:38+00:00\",\"author\":{\"@id\":\"https:\/\/ladante.fr\/paris\/#\/schema\/person\/68aed266df313cfba1339a72069dd605\"},\"breadcrumb\":{\"@id\":\"https:\/\/ladante.fr\/paris\/conferenze-2016-2017-da-dante-ai-nostri-giorni-la-lingua-italiana-in-scrittori-contemporanei\/#breadcrumb\"},\"inLanguage\":\"fr-FR\",\"potentialAction\":[{\"@type\":\"ReadAction\",\"target\":[\"https:\/\/ladante.fr\/paris\/conferenze-2016-2017-da-dante-ai-nostri-giorni-la-lingua-italiana-in-scrittori-contemporanei\/\"]}]},{\"@type\":\"BreadcrumbList\",\"@id\":\"https:\/\/ladante.fr\/paris\/conferenze-2016-2017-da-dante-ai-nostri-giorni-la-lingua-italiana-in-scrittori-contemporanei\/#breadcrumb\",\"itemListElement\":[{\"@type\":\"ListItem\",\"position\":1,\"name\":\"Accueil\",\"item\":\"https:\/\/ladante.fr\/paris\/\"},{\"@type\":\"ListItem\",\"position\":2,\"name\":\"CONFERENZE 2016-2017 DA DANTE AI NOSTRI GIORNI: LA LINGUA ITALIANA IN SCRITTORI CONTEMPORANEI\"}]},{\"@type\":\"WebSite\",\"@id\":\"https:\/\/ladante.fr\/paris\/#website\",\"url\":\"https:\/\/ladante.fr\/paris\/\",\"name\":\"La Dante - Comit\u00e9 de Paris\",\"description\":\"\",\"potentialAction\":[{\"@type\":\"SearchAction\",\"target\":{\"@type\":\"EntryPoint\",\"urlTemplate\":\"https:\/\/ladante.fr\/paris\/?s={search_term_string}\"},\"query-input\":\"required name=search_term_string\"}],\"inLanguage\":\"fr-FR\"},{\"@type\":\"Person\",\"@id\":\"https:\/\/ladante.fr\/paris\/#\/schema\/person\/68aed266df313cfba1339a72069dd605\",\"name\":\"Mirko Venturi\",\"image\":{\"@type\":\"ImageObject\",\"inLanguage\":\"fr-FR\",\"@id\":\"https:\/\/ladante.fr\/paris\/#\/schema\/person\/image\/\",\"url\":\"https:\/\/secure.gravatar.com\/avatar\/d317780d5a3bd99a39a42e8f53ffd443?s=96&d=mm&r=g\",\"contentUrl\":\"https:\/\/secure.gravatar.com\/avatar\/d317780d5a3bd99a39a42e8f53ffd443?s=96&d=mm&r=g\",\"caption\":\"Mirko Venturi\"},\"url\":\"https:\/\/ladante.fr\/paris\/author\/mirko\/\"}]}<\/script>\n<!-- \/ Yoast SEO plugin. -->","yoast_head_json":{"title":"CONFERENZE 2016-2017 DA DANTE AI NOSTRI GIORNI: LA LINGUA ITALIANA IN SCRITTORI CONTEMPORANEI - La Dante - Comit\u00e9 de Paris","robots":{"index":"index","follow":"follow","max-snippet":"max-snippet:-1","max-image-preview":"max-image-preview:large","max-video-preview":"max-video-preview:-1"},"canonical":"https:\/\/ladante.fr\/paris\/conferenze-2016-2017-da-dante-ai-nostri-giorni-la-lingua-italiana-in-scrittori-contemporanei\/","og_locale":"fr_FR","og_type":"article","og_title":"CONFERENZE 2016-2017 DA DANTE AI NOSTRI GIORNI: LA LINGUA ITALIANA IN SCRITTORI CONTEMPORANEI - La Dante - Comit\u00e9 de Paris","og_description":"DA DANTE AI NOSTRI GIORNI: LA LINGUA ITALIANA E GLI SCRITTORI CONTEMPORANEI Dott.ssa Valentina FRULIO Un ciclo di otto incontri, uno al mese, ognuno indipendente dall\u2019altro ma tutti su un unico tema: la lingua italiana e la letteratura, attraverso alcune citt\u00e0, alcune regioni, alcuni generi letterari. Con un\u2019analisi degli scrittori contemporanei che oggi fanno la [&hellip;]","og_url":"https:\/\/ladante.fr\/paris\/conferenze-2016-2017-da-dante-ai-nostri-giorni-la-lingua-italiana-in-scrittori-contemporanei\/","og_site_name":"La Dante - Comit\u00e9 de Paris","article_published_time":"2016-01-02T15:50:11+00:00","article_modified_time":"2018-02-10T12:40:38+00:00","og_image":[{"url":"http:\/\/la-dante.fr\/wp-content\/uploads\/2018\/01\/conferenze-frulio.png"}],"author":"Mirko Venturi","twitter_card":"summary_large_image","twitter_misc":{"\u00c9crit par":"Mirko Venturi","Dur\u00e9e de lecture estim\u00e9e":"1 minute"},"schema":{"@context":"https:\/\/schema.org","@graph":[{"@type":"WebPage","@id":"https:\/\/ladante.fr\/paris\/conferenze-2016-2017-da-dante-ai-nostri-giorni-la-lingua-italiana-in-scrittori-contemporanei\/","url":"https:\/\/ladante.fr\/paris\/conferenze-2016-2017-da-dante-ai-nostri-giorni-la-lingua-italiana-in-scrittori-contemporanei\/","name":"CONFERENZE 2016-2017 DA DANTE AI NOSTRI GIORNI: LA LINGUA ITALIANA IN SCRITTORI CONTEMPORANEI - La Dante - Comit\u00e9 de Paris","isPartOf":{"@id":"https:\/\/ladante.fr\/paris\/#website"},"datePublished":"2016-01-02T15:50:11+00:00","dateModified":"2018-02-10T12:40:38+00:00","author":{"@id":"https:\/\/ladante.fr\/paris\/#\/schema\/person\/68aed266df313cfba1339a72069dd605"},"breadcrumb":{"@id":"https:\/\/ladante.fr\/paris\/conferenze-2016-2017-da-dante-ai-nostri-giorni-la-lingua-italiana-in-scrittori-contemporanei\/#breadcrumb"},"inLanguage":"fr-FR","potentialAction":[{"@type":"ReadAction","target":["https:\/\/ladante.fr\/paris\/conferenze-2016-2017-da-dante-ai-nostri-giorni-la-lingua-italiana-in-scrittori-contemporanei\/"]}]},{"@type":"BreadcrumbList","@id":"https:\/\/ladante.fr\/paris\/conferenze-2016-2017-da-dante-ai-nostri-giorni-la-lingua-italiana-in-scrittori-contemporanei\/#breadcrumb","itemListElement":[{"@type":"ListItem","position":1,"name":"Accueil","item":"https:\/\/ladante.fr\/paris\/"},{"@type":"ListItem","position":2,"name":"CONFERENZE 2016-2017 DA DANTE AI NOSTRI GIORNI: LA LINGUA ITALIANA IN SCRITTORI CONTEMPORANEI"}]},{"@type":"WebSite","@id":"https:\/\/ladante.fr\/paris\/#website","url":"https:\/\/ladante.fr\/paris\/","name":"La Dante - Comit\u00e9 de Paris","description":"","potentialAction":[{"@type":"SearchAction","target":{"@type":"EntryPoint","urlTemplate":"https:\/\/ladante.fr\/paris\/?s={search_term_string}"},"query-input":"required name=search_term_string"}],"inLanguage":"fr-FR"},{"@type":"Person","@id":"https:\/\/ladante.fr\/paris\/#\/schema\/person\/68aed266df313cfba1339a72069dd605","name":"Mirko Venturi","image":{"@type":"ImageObject","inLanguage":"fr-FR","@id":"https:\/\/ladante.fr\/paris\/#\/schema\/person\/image\/","url":"https:\/\/secure.gravatar.com\/avatar\/d317780d5a3bd99a39a42e8f53ffd443?s=96&d=mm&r=g","contentUrl":"https:\/\/secure.gravatar.com\/avatar\/d317780d5a3bd99a39a42e8f53ffd443?s=96&d=mm&r=g","caption":"Mirko Venturi"},"url":"https:\/\/ladante.fr\/paris\/author\/mirko\/"}]}},"_links":{"self":[{"href":"https:\/\/ladante.fr\/paris\/wp-json\/wp\/v2\/posts\/760"}],"collection":[{"href":"https:\/\/ladante.fr\/paris\/wp-json\/wp\/v2\/posts"}],"about":[{"href":"https:\/\/ladante.fr\/paris\/wp-json\/wp\/v2\/types\/post"}],"author":[{"embeddable":true,"href":"https:\/\/ladante.fr\/paris\/wp-json\/wp\/v2\/users\/4"}],"replies":[{"embeddable":true,"href":"https:\/\/ladante.fr\/paris\/wp-json\/wp\/v2\/comments?post=760"}],"version-history":[{"count":2,"href":"https:\/\/ladante.fr\/paris\/wp-json\/wp\/v2\/posts\/760\/revisions"}],"predecessor-version":[{"id":2039,"href":"https:\/\/ladante.fr\/paris\/wp-json\/wp\/v2\/posts\/760\/revisions\/2039"}],"wp:attachment":[{"href":"https:\/\/ladante.fr\/paris\/wp-json\/wp\/v2\/media?parent=760"}],"wp:term":[{"taxonomy":"category","embeddable":true,"href":"https:\/\/ladante.fr\/paris\/wp-json\/wp\/v2\/categories?post=760"},{"taxonomy":"post_tag","embeddable":true,"href":"https:\/\/ladante.fr\/paris\/wp-json\/wp\/v2\/tags?post=760"}],"curies":[{"name":"wp","href":"https:\/\/api.w.org\/{rel}","templated":true}]}}