{"id":868,"date":"2016-02-18T16:30:19","date_gmt":"2016-02-18T15:30:19","guid":{"rendered":"http:\/\/la-dante.fr\/?p=868"},"modified":"2018-02-10T13:11:40","modified_gmt":"2018-02-10T12:11:40","slug":"jacques-andreani-un-grand-ami-de-litalie","status":"publish","type":"post","link":"https:\/\/ladante.fr\/paris\/jacques-andreani-un-grand-ami-de-litalie\/","title":{"rendered":"JACQUES ANDR\u00c9ANI, UN GRAND AMI DE L\u2019ITALIE"},"content":{"rendered":"<div class=\"postmetadataheader\" style=\"text-align: center;\">\n<div class=\"postheadericons metadata-icons\"><img src=\"http:\/\/ladante.fr\/wp-content\/uploads\/2018\/02\/andreani.png\" alt=\"JACQUES ANDR\u00c9ANI, UN GRAND AMI DE L\u2019ITALIE\" \/><\/div>\n<\/div>\n<div class=\"postcontent postcontent-0 clearfix\">\n<div class=\"article\">\n<h4 style=\"text-align: center; text-transform: uppercase;\">JACQUES ANDR\u00c9ANI<br \/>\nUN GRAND AMI DE L\u2019ITALIE<\/h4>\n<p style=\"text-align: center;\"><em>Dipl\u00f4m\u00e9 de l\u2019Institut d\u2019Etudes Politiques de Paris et de l\u2019Ecole Nationale d\u2019Administration (ENA), Jacques Andr\u00e9ani a \u00e9t\u00e9 un diplomate de carri\u00e8re et un brillant professeur. La Dante de Paris rend hommage \u00e0 celui qui a \u00e9t\u00e9 son Pr\u00e9sident de 1999 \u00e0 2007et son Pr\u00e9sident d\u2019Honneur de 2007 \u00e0 2015.<\/em><\/p>\n<h6 style=\"text-align: center; text-transform: uppercase;\">Interventions de\u00a0:<\/h6>\n<p style=\"text-align: center;\"><strong>Luigi Guidobono Cavalchini<\/strong>, Ancien Ambassadeur d\u2019Italie en France<\/p>\n<p style=\"text-align: center;\"><strong>Marc Lazar<\/strong>, Professeur \u00e0 Sciences Po et \u00e0 la LUISS de Rome<\/p>\n<p style=\"text-align: center;\"><strong>Alfred Siefer-Gaillardin<\/strong>, Pr\u00e9sident d\u2019Honneur du Cercle France-Am\u00e9riques<\/p>\n<h6 style=\"text-align: center; text-transform: uppercase;\">En pr\u00e9sence de\u00a0:<\/h6>\n<p style=\"text-align: center;\"><strong>Giandomenico Magliano<\/strong>, Ambassadeur d\u2019Italie en France<\/p>\n<p style=\"text-align: center;\"><strong>Andrea Cavallari<\/strong>, Consul G\u00e9n\u00e9ral d\u2019Italie \u00e0 Paris<\/p>\n<p style=\"text-align: center;\"><em>Pour revoir l\u2019entretien avec Jacques Andr\u00e9ani r\u00e9alis\u00e9 en 2013 par Michele Canonica\u00a0:<\/em><\/p>\n<p style=\"text-align: center;\"><em><a href=\"http:\/\/italieendirect.italieaparis.net\/article\/Rencontre-avec-Jacques-Andreani--Ambassadeur-de-France-45\/\">http:\/\/italieendirect.italieaparis.net\/article\/Rencontre-avec-Jacques-Andreani&#8211;Ambassadeur-de-France-45\/<\/a><\/em><\/p>\n<div class=\"invito\" style=\"text-align: center;\"><span class=\"wf_file jcepopup noicon\"><img class=\"wf_file_icon\" src=\"http:\/\/ladante.fr\/wp-content\/uploads\/2018\/02\/pdf-1-e1517829938664.png\" alt=\"pdf\" \/><\/span><a class=\"wf_file jcepopup noicon\" title=\"JACQUES ANDR\u00c9ANI, UN GRAND AMI DE L\u2019ITALIE\" href=\"http:\/\/ladante.fr\/wp-content\/uploads\/2018\/02\/Invitation_Andreani.pdf\" target=\"_blank\" rel=\"noopener\"><span class=\"wf_file jcepopup noicon\"><span class=\"wf_file\"><span class=\"wf_file_text\">T\u00e9l\u00e9charger invitation<\/span><\/span><\/span><\/a><\/div>\n<p style=\"text-align: center;\"><strong>Mardi 15 mars 2016, \u00e0 18h30<\/strong><br \/>\nLyc\u00e9e italien Leonardo Da Vinci<br \/>\n12 rue S\u00e9dillot<br \/>\n75007 Paris<\/p>\n<\/div>\n<\/div>\n","protected":false},"excerpt":{"rendered":"<p>JACQUES ANDR\u00c9ANI UN GRAND AMI DE L\u2019ITALIE Dipl\u00f4m\u00e9 de l\u2019Institut d\u2019Etudes Politiques de Paris et de l\u2019Ecole Nationale d\u2019Administration (ENA), Jacques Andr\u00e9ani a \u00e9t\u00e9 un diplomate de carri\u00e8re et un brillant professeur. La Dante de Paris rend hommage \u00e0 celui qui a \u00e9t\u00e9 son Pr\u00e9sident de 1999 \u00e0 2007et son Pr\u00e9sident d\u2019Honneur de 2007 \u00e0 [&hellip;]<\/p>\n","protected":false},"author":4,"featured_media":0,"comment_status":"open","ping_status":"open","sticky":false,"template":"","format":"image","meta":{"disable_featured_image":false,"_themeisle_gutenberg_block_has_review":false},"categories":[7],"tags":[],"yoast_head":"<!-- This site is optimized with the Yoast SEO plugin v20.1 - https:\/\/yoast.com\/wordpress\/plugins\/seo\/ -->\n<title>JACQUES ANDR\u00c9ANI, UN GRAND AMI DE L\u2019ITALIE - La Dante - Comit\u00e9 de Paris<\/title>\n<meta name=\"robots\" content=\"index, follow, max-snippet:-1, max-image-preview:large, max-video-preview:-1\" \/>\n<link rel=\"canonical\" href=\"https:\/\/ladante.fr\/paris\/jacques-andreani-un-grand-ami-de-litalie\/\" \/>\n<meta property=\"og:locale\" content=\"fr_FR\" \/>\n<meta property=\"og:type\" content=\"article\" \/>\n<meta property=\"og:title\" content=\"JACQUES ANDR\u00c9ANI, UN GRAND AMI DE L\u2019ITALIE - La Dante - Comit\u00e9 de Paris\" \/>\n<meta property=\"og:description\" content=\"JACQUES ANDR\u00c9ANI UN GRAND AMI DE L\u2019ITALIE Dipl\u00f4m\u00e9 de l\u2019Institut d\u2019Etudes Politiques de Paris et de l\u2019Ecole Nationale d\u2019Administration (ENA), Jacques Andr\u00e9ani a \u00e9t\u00e9 un diplomate de carri\u00e8re et un brillant professeur. La Dante de Paris rend hommage \u00e0 celui qui a \u00e9t\u00e9 son Pr\u00e9sident de 1999 \u00e0 2007et son Pr\u00e9sident d\u2019Honneur de 2007 \u00e0 [&hellip;]\" \/>\n<meta property=\"og:url\" content=\"https:\/\/ladante.fr\/paris\/jacques-andreani-un-grand-ami-de-litalie\/\" \/>\n<meta property=\"og:site_name\" content=\"La Dante - Comit\u00e9 de Paris\" \/>\n<meta property=\"article:published_time\" content=\"2016-02-18T15:30:19+00:00\" \/>\n<meta property=\"article:modified_time\" content=\"2018-02-10T12:11:40+00:00\" \/>\n<meta property=\"og:image\" content=\"http:\/\/ladante.fr\/wp-content\/uploads\/2018\/02\/andreani.png\" \/>\n<meta name=\"author\" content=\"Mirko Venturi\" \/>\n<meta name=\"twitter:card\" content=\"summary_large_image\" \/>\n<meta name=\"twitter:label1\" content=\"\u00c9crit par\" \/>\n\t<meta name=\"twitter:data1\" content=\"Mirko Venturi\" \/>\n\t<meta name=\"twitter:label2\" content=\"Dur\u00e9e de lecture estim\u00e9e\" \/>\n\t<meta name=\"twitter:data2\" content=\"1 minute\" \/>\n<script type=\"application\/ld+json\" class=\"yoast-schema-graph\">{\"@context\":\"https:\/\/schema.org\",\"@graph\":[{\"@type\":\"WebPage\",\"@id\":\"https:\/\/ladante.fr\/paris\/jacques-andreani-un-grand-ami-de-litalie\/\",\"url\":\"https:\/\/ladante.fr\/paris\/jacques-andreani-un-grand-ami-de-litalie\/\",\"name\":\"JACQUES ANDR\u00c9ANI, UN GRAND AMI DE L\u2019ITALIE - La Dante - Comit\u00e9 de Paris\",\"isPartOf\":{\"@id\":\"https:\/\/ladante.fr\/paris\/#website\"},\"datePublished\":\"2016-02-18T15:30:19+00:00\",\"dateModified\":\"2018-02-10T12:11:40+00:00\",\"author\":{\"@id\":\"https:\/\/ladante.fr\/paris\/#\/schema\/person\/68aed266df313cfba1339a72069dd605\"},\"breadcrumb\":{\"@id\":\"https:\/\/ladante.fr\/paris\/jacques-andreani-un-grand-ami-de-litalie\/#breadcrumb\"},\"inLanguage\":\"fr-FR\",\"potentialAction\":[{\"@type\":\"ReadAction\",\"target\":[\"https:\/\/ladante.fr\/paris\/jacques-andreani-un-grand-ami-de-litalie\/\"]}]},{\"@type\":\"BreadcrumbList\",\"@id\":\"https:\/\/ladante.fr\/paris\/jacques-andreani-un-grand-ami-de-litalie\/#breadcrumb\",\"itemListElement\":[{\"@type\":\"ListItem\",\"position\":1,\"name\":\"Accueil\",\"item\":\"https:\/\/ladante.fr\/paris\/\"},{\"@type\":\"ListItem\",\"position\":2,\"name\":\"JACQUES ANDR\u00c9ANI, UN GRAND AMI DE L\u2019ITALIE\"}]},{\"@type\":\"WebSite\",\"@id\":\"https:\/\/ladante.fr\/paris\/#website\",\"url\":\"https:\/\/ladante.fr\/paris\/\",\"name\":\"La Dante - Comit\u00e9 de Paris\",\"description\":\"\",\"potentialAction\":[{\"@type\":\"SearchAction\",\"target\":{\"@type\":\"EntryPoint\",\"urlTemplate\":\"https:\/\/ladante.fr\/paris\/?s={search_term_string}\"},\"query-input\":\"required name=search_term_string\"}],\"inLanguage\":\"fr-FR\"},{\"@type\":\"Person\",\"@id\":\"https:\/\/ladante.fr\/paris\/#\/schema\/person\/68aed266df313cfba1339a72069dd605\",\"name\":\"Mirko Venturi\",\"image\":{\"@type\":\"ImageObject\",\"inLanguage\":\"fr-FR\",\"@id\":\"https:\/\/ladante.fr\/paris\/#\/schema\/person\/image\/\",\"url\":\"https:\/\/secure.gravatar.com\/avatar\/d317780d5a3bd99a39a42e8f53ffd443?s=96&d=mm&r=g\",\"contentUrl\":\"https:\/\/secure.gravatar.com\/avatar\/d317780d5a3bd99a39a42e8f53ffd443?s=96&d=mm&r=g\",\"caption\":\"Mirko Venturi\"},\"url\":\"https:\/\/ladante.fr\/paris\/author\/mirko\/\"}]}<\/script>\n<!-- \/ Yoast SEO plugin. -->","yoast_head_json":{"title":"JACQUES ANDR\u00c9ANI, UN GRAND AMI DE L\u2019ITALIE - La Dante - Comit\u00e9 de Paris","robots":{"index":"index","follow":"follow","max-snippet":"max-snippet:-1","max-image-preview":"max-image-preview:large","max-video-preview":"max-video-preview:-1"},"canonical":"https:\/\/ladante.fr\/paris\/jacques-andreani-un-grand-ami-de-litalie\/","og_locale":"fr_FR","og_type":"article","og_title":"JACQUES ANDR\u00c9ANI, UN GRAND AMI DE L\u2019ITALIE - La Dante - Comit\u00e9 de Paris","og_description":"JACQUES ANDR\u00c9ANI UN GRAND AMI DE L\u2019ITALIE Dipl\u00f4m\u00e9 de l\u2019Institut d\u2019Etudes Politiques de Paris et de l\u2019Ecole Nationale d\u2019Administration (ENA), Jacques Andr\u00e9ani a \u00e9t\u00e9 un diplomate de carri\u00e8re et un brillant professeur. La Dante de Paris rend hommage \u00e0 celui qui a \u00e9t\u00e9 son Pr\u00e9sident de 1999 \u00e0 2007et son Pr\u00e9sident d\u2019Honneur de 2007 \u00e0 [&hellip;]","og_url":"https:\/\/ladante.fr\/paris\/jacques-andreani-un-grand-ami-de-litalie\/","og_site_name":"La Dante - Comit\u00e9 de Paris","article_published_time":"2016-02-18T15:30:19+00:00","article_modified_time":"2018-02-10T12:11:40+00:00","og_image":[{"url":"http:\/\/ladante.fr\/wp-content\/uploads\/2018\/02\/andreani.png"}],"author":"Mirko Venturi","twitter_card":"summary_large_image","twitter_misc":{"\u00c9crit par":"Mirko Venturi","Dur\u00e9e de lecture estim\u00e9e":"1 minute"},"schema":{"@context":"https:\/\/schema.org","@graph":[{"@type":"WebPage","@id":"https:\/\/ladante.fr\/paris\/jacques-andreani-un-grand-ami-de-litalie\/","url":"https:\/\/ladante.fr\/paris\/jacques-andreani-un-grand-ami-de-litalie\/","name":"JACQUES ANDR\u00c9ANI, UN GRAND AMI DE L\u2019ITALIE - La Dante - Comit\u00e9 de Paris","isPartOf":{"@id":"https:\/\/ladante.fr\/paris\/#website"},"datePublished":"2016-02-18T15:30:19+00:00","dateModified":"2018-02-10T12:11:40+00:00","author":{"@id":"https:\/\/ladante.fr\/paris\/#\/schema\/person\/68aed266df313cfba1339a72069dd605"},"breadcrumb":{"@id":"https:\/\/ladante.fr\/paris\/jacques-andreani-un-grand-ami-de-litalie\/#breadcrumb"},"inLanguage":"fr-FR","potentialAction":[{"@type":"ReadAction","target":["https:\/\/ladante.fr\/paris\/jacques-andreani-un-grand-ami-de-litalie\/"]}]},{"@type":"BreadcrumbList","@id":"https:\/\/ladante.fr\/paris\/jacques-andreani-un-grand-ami-de-litalie\/#breadcrumb","itemListElement":[{"@type":"ListItem","position":1,"name":"Accueil","item":"https:\/\/ladante.fr\/paris\/"},{"@type":"ListItem","position":2,"name":"JACQUES ANDR\u00c9ANI, UN GRAND AMI DE L\u2019ITALIE"}]},{"@type":"WebSite","@id":"https:\/\/ladante.fr\/paris\/#website","url":"https:\/\/ladante.fr\/paris\/","name":"La Dante - Comit\u00e9 de Paris","description":"","potentialAction":[{"@type":"SearchAction","target":{"@type":"EntryPoint","urlTemplate":"https:\/\/ladante.fr\/paris\/?s={search_term_string}"},"query-input":"required name=search_term_string"}],"inLanguage":"fr-FR"},{"@type":"Person","@id":"https:\/\/ladante.fr\/paris\/#\/schema\/person\/68aed266df313cfba1339a72069dd605","name":"Mirko Venturi","image":{"@type":"ImageObject","inLanguage":"fr-FR","@id":"https:\/\/ladante.fr\/paris\/#\/schema\/person\/image\/","url":"https:\/\/secure.gravatar.com\/avatar\/d317780d5a3bd99a39a42e8f53ffd443?s=96&d=mm&r=g","contentUrl":"https:\/\/secure.gravatar.com\/avatar\/d317780d5a3bd99a39a42e8f53ffd443?s=96&d=mm&r=g","caption":"Mirko Venturi"},"url":"https:\/\/ladante.fr\/paris\/author\/mirko\/"}]}},"_links":{"self":[{"href":"https:\/\/ladante.fr\/paris\/wp-json\/wp\/v2\/posts\/868"}],"collection":[{"href":"https:\/\/ladante.fr\/paris\/wp-json\/wp\/v2\/posts"}],"about":[{"href":"https:\/\/ladante.fr\/paris\/wp-json\/wp\/v2\/types\/post"}],"author":[{"embeddable":true,"href":"https:\/\/ladante.fr\/paris\/wp-json\/wp\/v2\/users\/4"}],"replies":[{"embeddable":true,"href":"https:\/\/ladante.fr\/paris\/wp-json\/wp\/v2\/comments?post=868"}],"version-history":[{"count":2,"href":"https:\/\/ladante.fr\/paris\/wp-json\/wp\/v2\/posts\/868\/revisions"}],"predecessor-version":[{"id":2026,"href":"https:\/\/ladante.fr\/paris\/wp-json\/wp\/v2\/posts\/868\/revisions\/2026"}],"wp:attachment":[{"href":"https:\/\/ladante.fr\/paris\/wp-json\/wp\/v2\/media?parent=868"}],"wp:term":[{"taxonomy":"category","embeddable":true,"href":"https:\/\/ladante.fr\/paris\/wp-json\/wp\/v2\/categories?post=868"},{"taxonomy":"post_tag","embeddable":true,"href":"https:\/\/ladante.fr\/paris\/wp-json\/wp\/v2\/tags?post=868"}],"curies":[{"name":"wp","href":"https:\/\/api.w.org\/{rel}","templated":true}]}}