{"id":873,"date":"2016-02-14T10:35:28","date_gmt":"2016-02-14T09:35:28","guid":{"rendered":"http:\/\/la-dante.fr\/?p=873"},"modified":"2018-02-10T13:15:23","modified_gmt":"2018-02-10T12:15:23","slug":"cantautori-italiani-di-ieri-e-di-oggi","status":"publish","type":"post","link":"https:\/\/ladante.fr\/paris\/cantautori-italiani-di-ieri-e-di-oggi\/","title":{"rendered":"CANTAUTORI ITALIANI DI IERI E DI OGGI"},"content":{"rendered":"<h2 class=\"postheader\" style=\"text-align: center;\"><img style=\"font-size: 16px;\" src=\"http:\/\/ladante.fr\/wp-content\/uploads\/2018\/02\/de-angelis2.png\" alt=\"CANTAUTORI ITALIANI DI IERI E DI OGGI\" \/><\/h2>\n<h4 style=\"text-align: center; text-transform: uppercase;\">CANTAUTORI ITALIANI DI IERI E DI OGGI<\/h4>\n<h6 style=\"text-align: center; text-transform: uppercase;\">Edoardo De Angelis<\/h6>\n<p style=\"text-align: center;\">auteur-compositeur-interpr\u00e8te bien connu en Italie, auteur du livre<br \/>\n<strong>Te la ricordi Lella\u00a0<\/strong><br \/>\n<strong>Quarant\u2019anni di storie e canzoni<\/strong><\/p>\n<p style=\"text-align: justify;\"><em>Edoardo De Angelis nous raconte \u00e0 sa mani\u00e8re l\u2019histoire de la chanson italienne en interpr\u00e9tant \u00e0 la guitare ses cr\u00e9ations et celles de ceux qui ont \u00e9t\u00e9 ses complices pendant plus de 40 ans de carri\u00e8re\u00a0: Fabrizio De Andr\u00e9, Sergio Endrigo, Lucio Dalla, Amedeo Minghi, Francesco De Gregori, Neri Marcor\u00e9\u2026<\/em><\/p>\n<div class=\"invito\" style=\"text-align: center;\"><span class=\"wf_file jcepopup noicon\"><img class=\"wf_file_icon\" src=\"http:\/\/ladante.fr\/wp-content\/uploads\/2018\/02\/pdf-1-e1517829938664.png\" alt=\"pdf\" \/><\/span><a class=\"wf_file jcepopup noicon\" title=\"CANTAUTORI ITALIANI DI IERI E DI OGGI\" href=\"http:\/\/ladante.fr\/wp-content\/uploads\/2018\/02\/2016.03.10-11_Invitation_De_Angelis.pdf\" target=\"_blank\" rel=\"noopener\"><span class=\"wf_file jcepopup noicon\"><span class=\"wf_file\"><span class=\"wf_file_text\">T\u00e9l\u00e9charger invitation<\/span><\/span><\/span><\/a><\/div>\n<p style=\"text-align: center;\">R.S.V.P avant le 8 mars 2016 \u00e0\u00a0<a href=\"mailto:paris@ladante.fr\">paris@ladante.fr<\/a><\/p>\n<p style=\"text-align: center;\"><strong>Vendredi 11 mars 2016 \u00e0 18h30<\/strong><br \/>\nMaison de l\u2019Italie<br \/>\nCit\u00e9 Internationale Universitaire<br \/>\n7A, boulevard Jourdan<br \/>\n75014 Paris<\/p>\n","protected":false},"excerpt":{"rendered":"<p>CANTAUTORI ITALIANI DI IERI E DI OGGI Edoardo De Angelis auteur-compositeur-interpr\u00e8te bien connu en Italie, auteur du livre Te la ricordi Lella\u00a0 Quarant\u2019anni di storie e canzoni Edoardo De Angelis nous raconte \u00e0 sa mani\u00e8re l\u2019histoire de la chanson italienne en interpr\u00e9tant \u00e0 la guitare ses cr\u00e9ations et celles de ceux qui ont \u00e9t\u00e9 ses [&hellip;]<\/p>\n","protected":false},"author":4,"featured_media":0,"comment_status":"open","ping_status":"open","sticky":false,"template":"","format":"image","meta":{"disable_featured_image":false,"_themeisle_gutenberg_block_has_review":false},"categories":[7],"tags":[],"yoast_head":"<!-- This site is optimized with the Yoast SEO plugin v20.1 - https:\/\/yoast.com\/wordpress\/plugins\/seo\/ -->\n<title>CANTAUTORI ITALIANI DI IERI E DI OGGI - La Dante - Comit\u00e9 de Paris<\/title>\n<meta name=\"robots\" content=\"index, follow, max-snippet:-1, max-image-preview:large, max-video-preview:-1\" \/>\n<link rel=\"canonical\" href=\"https:\/\/ladante.fr\/paris\/cantautori-italiani-di-ieri-e-di-oggi\/\" \/>\n<meta property=\"og:locale\" content=\"fr_FR\" \/>\n<meta property=\"og:type\" content=\"article\" \/>\n<meta property=\"og:title\" content=\"CANTAUTORI ITALIANI DI IERI E DI OGGI - La Dante - Comit\u00e9 de Paris\" \/>\n<meta property=\"og:description\" content=\"CANTAUTORI ITALIANI DI IERI E DI OGGI Edoardo De Angelis auteur-compositeur-interpr\u00e8te bien connu en Italie, auteur du livre Te la ricordi Lella\u00a0 Quarant\u2019anni di storie e canzoni Edoardo De Angelis nous raconte \u00e0 sa mani\u00e8re l\u2019histoire de la chanson italienne en interpr\u00e9tant \u00e0 la guitare ses cr\u00e9ations et celles de ceux qui ont \u00e9t\u00e9 ses [&hellip;]\" \/>\n<meta property=\"og:url\" content=\"https:\/\/ladante.fr\/paris\/cantautori-italiani-di-ieri-e-di-oggi\/\" \/>\n<meta property=\"og:site_name\" content=\"La Dante - Comit\u00e9 de Paris\" \/>\n<meta property=\"article:published_time\" content=\"2016-02-14T09:35:28+00:00\" \/>\n<meta property=\"article:modified_time\" content=\"2018-02-10T12:15:23+00:00\" \/>\n<meta property=\"og:image\" content=\"http:\/\/ladante.fr\/wp-content\/uploads\/2018\/02\/de-angelis2.png\" \/>\n<meta name=\"author\" content=\"Mirko Venturi\" \/>\n<meta name=\"twitter:card\" content=\"summary_large_image\" \/>\n<meta name=\"twitter:label1\" content=\"\u00c9crit par\" \/>\n\t<meta name=\"twitter:data1\" content=\"Mirko Venturi\" \/>\n\t<meta name=\"twitter:label2\" content=\"Dur\u00e9e de lecture estim\u00e9e\" \/>\n\t<meta name=\"twitter:data2\" content=\"1 minute\" \/>\n<script type=\"application\/ld+json\" class=\"yoast-schema-graph\">{\"@context\":\"https:\/\/schema.org\",\"@graph\":[{\"@type\":\"WebPage\",\"@id\":\"https:\/\/ladante.fr\/paris\/cantautori-italiani-di-ieri-e-di-oggi\/\",\"url\":\"https:\/\/ladante.fr\/paris\/cantautori-italiani-di-ieri-e-di-oggi\/\",\"name\":\"CANTAUTORI ITALIANI DI IERI E DI OGGI - La Dante - Comit\u00e9 de Paris\",\"isPartOf\":{\"@id\":\"https:\/\/ladante.fr\/paris\/#website\"},\"datePublished\":\"2016-02-14T09:35:28+00:00\",\"dateModified\":\"2018-02-10T12:15:23+00:00\",\"author\":{\"@id\":\"https:\/\/ladante.fr\/paris\/#\/schema\/person\/68aed266df313cfba1339a72069dd605\"},\"breadcrumb\":{\"@id\":\"https:\/\/ladante.fr\/paris\/cantautori-italiani-di-ieri-e-di-oggi\/#breadcrumb\"},\"inLanguage\":\"fr-FR\",\"potentialAction\":[{\"@type\":\"ReadAction\",\"target\":[\"https:\/\/ladante.fr\/paris\/cantautori-italiani-di-ieri-e-di-oggi\/\"]}]},{\"@type\":\"BreadcrumbList\",\"@id\":\"https:\/\/ladante.fr\/paris\/cantautori-italiani-di-ieri-e-di-oggi\/#breadcrumb\",\"itemListElement\":[{\"@type\":\"ListItem\",\"position\":1,\"name\":\"Accueil\",\"item\":\"https:\/\/ladante.fr\/paris\/\"},{\"@type\":\"ListItem\",\"position\":2,\"name\":\"CANTAUTORI ITALIANI DI IERI E DI OGGI\"}]},{\"@type\":\"WebSite\",\"@id\":\"https:\/\/ladante.fr\/paris\/#website\",\"url\":\"https:\/\/ladante.fr\/paris\/\",\"name\":\"La Dante - Comit\u00e9 de Paris\",\"description\":\"\",\"potentialAction\":[{\"@type\":\"SearchAction\",\"target\":{\"@type\":\"EntryPoint\",\"urlTemplate\":\"https:\/\/ladante.fr\/paris\/?s={search_term_string}\"},\"query-input\":\"required name=search_term_string\"}],\"inLanguage\":\"fr-FR\"},{\"@type\":\"Person\",\"@id\":\"https:\/\/ladante.fr\/paris\/#\/schema\/person\/68aed266df313cfba1339a72069dd605\",\"name\":\"Mirko Venturi\",\"image\":{\"@type\":\"ImageObject\",\"inLanguage\":\"fr-FR\",\"@id\":\"https:\/\/ladante.fr\/paris\/#\/schema\/person\/image\/\",\"url\":\"https:\/\/secure.gravatar.com\/avatar\/d317780d5a3bd99a39a42e8f53ffd443?s=96&d=mm&r=g\",\"contentUrl\":\"https:\/\/secure.gravatar.com\/avatar\/d317780d5a3bd99a39a42e8f53ffd443?s=96&d=mm&r=g\",\"caption\":\"Mirko Venturi\"},\"url\":\"https:\/\/ladante.fr\/paris\/author\/mirko\/\"}]}<\/script>\n<!-- \/ Yoast SEO plugin. -->","yoast_head_json":{"title":"CANTAUTORI ITALIANI DI IERI E DI OGGI - La Dante - Comit\u00e9 de Paris","robots":{"index":"index","follow":"follow","max-snippet":"max-snippet:-1","max-image-preview":"max-image-preview:large","max-video-preview":"max-video-preview:-1"},"canonical":"https:\/\/ladante.fr\/paris\/cantautori-italiani-di-ieri-e-di-oggi\/","og_locale":"fr_FR","og_type":"article","og_title":"CANTAUTORI ITALIANI DI IERI E DI OGGI - La Dante - Comit\u00e9 de Paris","og_description":"CANTAUTORI ITALIANI DI IERI E DI OGGI Edoardo De Angelis auteur-compositeur-interpr\u00e8te bien connu en Italie, auteur du livre Te la ricordi Lella\u00a0 Quarant\u2019anni di storie e canzoni Edoardo De Angelis nous raconte \u00e0 sa mani\u00e8re l\u2019histoire de la chanson italienne en interpr\u00e9tant \u00e0 la guitare ses cr\u00e9ations et celles de ceux qui ont \u00e9t\u00e9 ses [&hellip;]","og_url":"https:\/\/ladante.fr\/paris\/cantautori-italiani-di-ieri-e-di-oggi\/","og_site_name":"La Dante - Comit\u00e9 de Paris","article_published_time":"2016-02-14T09:35:28+00:00","article_modified_time":"2018-02-10T12:15:23+00:00","og_image":[{"url":"http:\/\/ladante.fr\/wp-content\/uploads\/2018\/02\/de-angelis2.png"}],"author":"Mirko Venturi","twitter_card":"summary_large_image","twitter_misc":{"\u00c9crit par":"Mirko Venturi","Dur\u00e9e de lecture estim\u00e9e":"1 minute"},"schema":{"@context":"https:\/\/schema.org","@graph":[{"@type":"WebPage","@id":"https:\/\/ladante.fr\/paris\/cantautori-italiani-di-ieri-e-di-oggi\/","url":"https:\/\/ladante.fr\/paris\/cantautori-italiani-di-ieri-e-di-oggi\/","name":"CANTAUTORI ITALIANI DI IERI E DI OGGI - La Dante - Comit\u00e9 de Paris","isPartOf":{"@id":"https:\/\/ladante.fr\/paris\/#website"},"datePublished":"2016-02-14T09:35:28+00:00","dateModified":"2018-02-10T12:15:23+00:00","author":{"@id":"https:\/\/ladante.fr\/paris\/#\/schema\/person\/68aed266df313cfba1339a72069dd605"},"breadcrumb":{"@id":"https:\/\/ladante.fr\/paris\/cantautori-italiani-di-ieri-e-di-oggi\/#breadcrumb"},"inLanguage":"fr-FR","potentialAction":[{"@type":"ReadAction","target":["https:\/\/ladante.fr\/paris\/cantautori-italiani-di-ieri-e-di-oggi\/"]}]},{"@type":"BreadcrumbList","@id":"https:\/\/ladante.fr\/paris\/cantautori-italiani-di-ieri-e-di-oggi\/#breadcrumb","itemListElement":[{"@type":"ListItem","position":1,"name":"Accueil","item":"https:\/\/ladante.fr\/paris\/"},{"@type":"ListItem","position":2,"name":"CANTAUTORI ITALIANI DI IERI E DI OGGI"}]},{"@type":"WebSite","@id":"https:\/\/ladante.fr\/paris\/#website","url":"https:\/\/ladante.fr\/paris\/","name":"La Dante - Comit\u00e9 de Paris","description":"","potentialAction":[{"@type":"SearchAction","target":{"@type":"EntryPoint","urlTemplate":"https:\/\/ladante.fr\/paris\/?s={search_term_string}"},"query-input":"required name=search_term_string"}],"inLanguage":"fr-FR"},{"@type":"Person","@id":"https:\/\/ladante.fr\/paris\/#\/schema\/person\/68aed266df313cfba1339a72069dd605","name":"Mirko Venturi","image":{"@type":"ImageObject","inLanguage":"fr-FR","@id":"https:\/\/ladante.fr\/paris\/#\/schema\/person\/image\/","url":"https:\/\/secure.gravatar.com\/avatar\/d317780d5a3bd99a39a42e8f53ffd443?s=96&d=mm&r=g","contentUrl":"https:\/\/secure.gravatar.com\/avatar\/d317780d5a3bd99a39a42e8f53ffd443?s=96&d=mm&r=g","caption":"Mirko Venturi"},"url":"https:\/\/ladante.fr\/paris\/author\/mirko\/"}]}},"_links":{"self":[{"href":"https:\/\/ladante.fr\/paris\/wp-json\/wp\/v2\/posts\/873"}],"collection":[{"href":"https:\/\/ladante.fr\/paris\/wp-json\/wp\/v2\/posts"}],"about":[{"href":"https:\/\/ladante.fr\/paris\/wp-json\/wp\/v2\/types\/post"}],"author":[{"embeddable":true,"href":"https:\/\/ladante.fr\/paris\/wp-json\/wp\/v2\/users\/4"}],"replies":[{"embeddable":true,"href":"https:\/\/ladante.fr\/paris\/wp-json\/wp\/v2\/comments?post=873"}],"version-history":[{"count":2,"href":"https:\/\/ladante.fr\/paris\/wp-json\/wp\/v2\/posts\/873\/revisions"}],"predecessor-version":[{"id":2028,"href":"https:\/\/ladante.fr\/paris\/wp-json\/wp\/v2\/posts\/873\/revisions\/2028"}],"wp:attachment":[{"href":"https:\/\/ladante.fr\/paris\/wp-json\/wp\/v2\/media?parent=873"}],"wp:term":[{"taxonomy":"category","embeddable":true,"href":"https:\/\/ladante.fr\/paris\/wp-json\/wp\/v2\/categories?post=873"},{"taxonomy":"post_tag","embeddable":true,"href":"https:\/\/ladante.fr\/paris\/wp-json\/wp\/v2\/tags?post=873"}],"curies":[{"name":"wp","href":"https:\/\/api.w.org\/{rel}","templated":true}]}}