{"id":878,"date":"2016-02-09T10:41:12","date_gmt":"2016-02-09T09:41:12","guid":{"rendered":"http:\/\/la-dante.fr\/?p=878"},"modified":"2018-02-10T13:17:36","modified_gmt":"2018-02-10T12:17:36","slug":"te-la-ricordi-lella-quarantanni-di-storie-e-canzoni","status":"publish","type":"post","link":"https:\/\/ladante.fr\/paris\/te-la-ricordi-lella-quarantanni-di-storie-e-canzoni\/","title":{"rendered":"TE LA RICORDI LELLA &#8211; QUARANT\u2019ANNI DI STORIE E CANZONI"},"content":{"rendered":"<h2 class=\"postheader\" style=\"text-align: center;\"><img style=\"font-size: 16px;\" src=\"http:\/\/ladante.fr\/wp-content\/uploads\/2018\/02\/de-angelis2.png\" alt=\"CANTAUTORI ITALIANI DI IERI E DI OGGI\" \/><\/h2>\n<h4 style=\"text-align: center; text-transform: uppercase;\">TE LA RICORDI LELLA<br \/>\nQUARANT\u2019ANNI DI STORIE E CANZONI<\/h4>\n<h6 style=\"text-align: center;\">Edoardo De Angelis<\/h6>\n<p style=\"text-align: justify;\"><em>Edoardo De Angelis est vite arriv\u00e9 au succ\u00e8s avec sa chanson Lella, un classique de la \u00ab canzone d\u2019autore \u00bb et a collabor\u00e9 avec plusieurs autres auteurs-compositeurs-interpr\u00e8tes italiens tels que Fabrizio De Andr\u00e9, Sergio Endrigo, Lucio Dalla, Amedeo Minghi, Francesco De Gregori, Neri Marcor\u00e9\u2026<\/em><\/p>\n<div class=\"invito\" style=\"text-align: center;\"><span class=\"wf_file jcepopup noicon\"><img class=\"wf_file_icon\" src=\"http:\/\/ladante.fr\/wp-content\/uploads\/2018\/02\/pdf-1-e1517829938664.png\" alt=\"pdf\" \/><\/span><a class=\"wf_file jcepopup noicon\" title=\"TE LA RICORDI LELLA - QUARANT\u2019ANNI DI STORIE E CANZONI\" href=\"http:\/\/ladante.fr\/wp-content\/uploads\/2018\/02\/2016.03.10-11_Invitation_De_Angelis.pdf\" target=\"_blank\" rel=\"noopener\"><span class=\"wf_file jcepopup noicon\"><span class=\"wf_file\"><span class=\"wf_file_text\">T\u00e9l\u00e9charger invitation<\/span><\/span><\/span><\/a><\/div>\n<p style=\"text-align: center;\">R.S.V.P avant le 8 mars 2016 \u00e0\u00a0<a href=\"mailto:paris@ladante.fr\">paris@ladante.fr<\/a><\/p>\n<p style=\"text-align: center;\"><strong>Jeudi 10 mars 2016 \u00e0 18h30<\/strong><br \/>\nLa Libreria<br \/>\n89, rue du Faubourg Poissonni\u00e8re<br \/>\n75009 Paris<\/p>\n","protected":false},"excerpt":{"rendered":"<p>TE LA RICORDI LELLA QUARANT\u2019ANNI DI STORIE E CANZONI Edoardo De Angelis Edoardo De Angelis est vite arriv\u00e9 au succ\u00e8s avec sa chanson Lella, un classique de la \u00ab canzone d\u2019autore \u00bb et a collabor\u00e9 avec plusieurs autres auteurs-compositeurs-interpr\u00e8tes italiens tels que Fabrizio De Andr\u00e9, Sergio Endrigo, Lucio Dalla, Amedeo Minghi, Francesco De Gregori, Neri [&hellip;]<\/p>\n","protected":false},"author":4,"featured_media":0,"comment_status":"open","ping_status":"open","sticky":false,"template":"","format":"image","meta":{"disable_featured_image":false,"_themeisle_gutenberg_block_has_review":false},"categories":[7],"tags":[],"yoast_head":"<!-- This site is optimized with the Yoast SEO plugin v20.1 - https:\/\/yoast.com\/wordpress\/plugins\/seo\/ -->\n<title>TE LA RICORDI LELLA - QUARANT\u2019ANNI DI STORIE E CANZONI - La Dante - Comit\u00e9 de Paris<\/title>\n<meta name=\"robots\" content=\"index, follow, max-snippet:-1, max-image-preview:large, max-video-preview:-1\" \/>\n<link rel=\"canonical\" href=\"https:\/\/ladante.fr\/paris\/te-la-ricordi-lella-quarantanni-di-storie-e-canzoni\/\" \/>\n<meta property=\"og:locale\" content=\"fr_FR\" \/>\n<meta property=\"og:type\" content=\"article\" \/>\n<meta property=\"og:title\" content=\"TE LA RICORDI LELLA - QUARANT\u2019ANNI DI STORIE E CANZONI - La Dante - Comit\u00e9 de Paris\" \/>\n<meta property=\"og:description\" content=\"TE LA RICORDI LELLA QUARANT\u2019ANNI DI STORIE E CANZONI Edoardo De Angelis Edoardo De Angelis est vite arriv\u00e9 au succ\u00e8s avec sa chanson Lella, un classique de la \u00ab canzone d\u2019autore \u00bb et a collabor\u00e9 avec plusieurs autres auteurs-compositeurs-interpr\u00e8tes italiens tels que Fabrizio De Andr\u00e9, Sergio Endrigo, Lucio Dalla, Amedeo Minghi, Francesco De Gregori, Neri [&hellip;]\" \/>\n<meta property=\"og:url\" content=\"https:\/\/ladante.fr\/paris\/te-la-ricordi-lella-quarantanni-di-storie-e-canzoni\/\" \/>\n<meta property=\"og:site_name\" content=\"La Dante - Comit\u00e9 de Paris\" \/>\n<meta property=\"article:published_time\" content=\"2016-02-09T09:41:12+00:00\" \/>\n<meta property=\"article:modified_time\" content=\"2018-02-10T12:17:36+00:00\" \/>\n<meta property=\"og:image\" content=\"http:\/\/ladante.fr\/wp-content\/uploads\/2018\/02\/de-angelis2.png\" \/>\n<meta name=\"author\" content=\"Mirko Venturi\" \/>\n<meta name=\"twitter:card\" content=\"summary_large_image\" \/>\n<meta name=\"twitter:label1\" content=\"\u00c9crit par\" \/>\n\t<meta name=\"twitter:data1\" content=\"Mirko Venturi\" \/>\n<script type=\"application\/ld+json\" class=\"yoast-schema-graph\">{\"@context\":\"https:\/\/schema.org\",\"@graph\":[{\"@type\":\"WebPage\",\"@id\":\"https:\/\/ladante.fr\/paris\/te-la-ricordi-lella-quarantanni-di-storie-e-canzoni\/\",\"url\":\"https:\/\/ladante.fr\/paris\/te-la-ricordi-lella-quarantanni-di-storie-e-canzoni\/\",\"name\":\"TE LA RICORDI LELLA - QUARANT\u2019ANNI DI STORIE E CANZONI - La Dante - Comit\u00e9 de Paris\",\"isPartOf\":{\"@id\":\"https:\/\/ladante.fr\/paris\/#website\"},\"datePublished\":\"2016-02-09T09:41:12+00:00\",\"dateModified\":\"2018-02-10T12:17:36+00:00\",\"author\":{\"@id\":\"https:\/\/ladante.fr\/paris\/#\/schema\/person\/68aed266df313cfba1339a72069dd605\"},\"breadcrumb\":{\"@id\":\"https:\/\/ladante.fr\/paris\/te-la-ricordi-lella-quarantanni-di-storie-e-canzoni\/#breadcrumb\"},\"inLanguage\":\"fr-FR\",\"potentialAction\":[{\"@type\":\"ReadAction\",\"target\":[\"https:\/\/ladante.fr\/paris\/te-la-ricordi-lella-quarantanni-di-storie-e-canzoni\/\"]}]},{\"@type\":\"BreadcrumbList\",\"@id\":\"https:\/\/ladante.fr\/paris\/te-la-ricordi-lella-quarantanni-di-storie-e-canzoni\/#breadcrumb\",\"itemListElement\":[{\"@type\":\"ListItem\",\"position\":1,\"name\":\"Accueil\",\"item\":\"https:\/\/ladante.fr\/paris\/\"},{\"@type\":\"ListItem\",\"position\":2,\"name\":\"TE LA RICORDI LELLA &#8211; QUARANT\u2019ANNI DI STORIE E CANZONI\"}]},{\"@type\":\"WebSite\",\"@id\":\"https:\/\/ladante.fr\/paris\/#website\",\"url\":\"https:\/\/ladante.fr\/paris\/\",\"name\":\"La Dante - Comit\u00e9 de Paris\",\"description\":\"\",\"potentialAction\":[{\"@type\":\"SearchAction\",\"target\":{\"@type\":\"EntryPoint\",\"urlTemplate\":\"https:\/\/ladante.fr\/paris\/?s={search_term_string}\"},\"query-input\":\"required name=search_term_string\"}],\"inLanguage\":\"fr-FR\"},{\"@type\":\"Person\",\"@id\":\"https:\/\/ladante.fr\/paris\/#\/schema\/person\/68aed266df313cfba1339a72069dd605\",\"name\":\"Mirko Venturi\",\"image\":{\"@type\":\"ImageObject\",\"inLanguage\":\"fr-FR\",\"@id\":\"https:\/\/ladante.fr\/paris\/#\/schema\/person\/image\/\",\"url\":\"https:\/\/secure.gravatar.com\/avatar\/d317780d5a3bd99a39a42e8f53ffd443?s=96&d=mm&r=g\",\"contentUrl\":\"https:\/\/secure.gravatar.com\/avatar\/d317780d5a3bd99a39a42e8f53ffd443?s=96&d=mm&r=g\",\"caption\":\"Mirko Venturi\"},\"url\":\"https:\/\/ladante.fr\/paris\/author\/mirko\/\"}]}<\/script>\n<!-- \/ Yoast SEO plugin. -->","yoast_head_json":{"title":"TE LA RICORDI LELLA - QUARANT\u2019ANNI DI STORIE E CANZONI - La Dante - Comit\u00e9 de Paris","robots":{"index":"index","follow":"follow","max-snippet":"max-snippet:-1","max-image-preview":"max-image-preview:large","max-video-preview":"max-video-preview:-1"},"canonical":"https:\/\/ladante.fr\/paris\/te-la-ricordi-lella-quarantanni-di-storie-e-canzoni\/","og_locale":"fr_FR","og_type":"article","og_title":"TE LA RICORDI LELLA - QUARANT\u2019ANNI DI STORIE E CANZONI - La Dante - Comit\u00e9 de Paris","og_description":"TE LA RICORDI LELLA QUARANT\u2019ANNI DI STORIE E CANZONI Edoardo De Angelis Edoardo De Angelis est vite arriv\u00e9 au succ\u00e8s avec sa chanson Lella, un classique de la \u00ab canzone d\u2019autore \u00bb et a collabor\u00e9 avec plusieurs autres auteurs-compositeurs-interpr\u00e8tes italiens tels que Fabrizio De Andr\u00e9, Sergio Endrigo, Lucio Dalla, Amedeo Minghi, Francesco De Gregori, Neri [&hellip;]","og_url":"https:\/\/ladante.fr\/paris\/te-la-ricordi-lella-quarantanni-di-storie-e-canzoni\/","og_site_name":"La Dante - Comit\u00e9 de Paris","article_published_time":"2016-02-09T09:41:12+00:00","article_modified_time":"2018-02-10T12:17:36+00:00","og_image":[{"url":"http:\/\/ladante.fr\/wp-content\/uploads\/2018\/02\/de-angelis2.png"}],"author":"Mirko Venturi","twitter_card":"summary_large_image","twitter_misc":{"\u00c9crit par":"Mirko Venturi"},"schema":{"@context":"https:\/\/schema.org","@graph":[{"@type":"WebPage","@id":"https:\/\/ladante.fr\/paris\/te-la-ricordi-lella-quarantanni-di-storie-e-canzoni\/","url":"https:\/\/ladante.fr\/paris\/te-la-ricordi-lella-quarantanni-di-storie-e-canzoni\/","name":"TE LA RICORDI LELLA - QUARANT\u2019ANNI DI STORIE E CANZONI - La Dante - Comit\u00e9 de Paris","isPartOf":{"@id":"https:\/\/ladante.fr\/paris\/#website"},"datePublished":"2016-02-09T09:41:12+00:00","dateModified":"2018-02-10T12:17:36+00:00","author":{"@id":"https:\/\/ladante.fr\/paris\/#\/schema\/person\/68aed266df313cfba1339a72069dd605"},"breadcrumb":{"@id":"https:\/\/ladante.fr\/paris\/te-la-ricordi-lella-quarantanni-di-storie-e-canzoni\/#breadcrumb"},"inLanguage":"fr-FR","potentialAction":[{"@type":"ReadAction","target":["https:\/\/ladante.fr\/paris\/te-la-ricordi-lella-quarantanni-di-storie-e-canzoni\/"]}]},{"@type":"BreadcrumbList","@id":"https:\/\/ladante.fr\/paris\/te-la-ricordi-lella-quarantanni-di-storie-e-canzoni\/#breadcrumb","itemListElement":[{"@type":"ListItem","position":1,"name":"Accueil","item":"https:\/\/ladante.fr\/paris\/"},{"@type":"ListItem","position":2,"name":"TE LA RICORDI LELLA &#8211; QUARANT\u2019ANNI DI STORIE E CANZONI"}]},{"@type":"WebSite","@id":"https:\/\/ladante.fr\/paris\/#website","url":"https:\/\/ladante.fr\/paris\/","name":"La Dante - Comit\u00e9 de Paris","description":"","potentialAction":[{"@type":"SearchAction","target":{"@type":"EntryPoint","urlTemplate":"https:\/\/ladante.fr\/paris\/?s={search_term_string}"},"query-input":"required name=search_term_string"}],"inLanguage":"fr-FR"},{"@type":"Person","@id":"https:\/\/ladante.fr\/paris\/#\/schema\/person\/68aed266df313cfba1339a72069dd605","name":"Mirko Venturi","image":{"@type":"ImageObject","inLanguage":"fr-FR","@id":"https:\/\/ladante.fr\/paris\/#\/schema\/person\/image\/","url":"https:\/\/secure.gravatar.com\/avatar\/d317780d5a3bd99a39a42e8f53ffd443?s=96&d=mm&r=g","contentUrl":"https:\/\/secure.gravatar.com\/avatar\/d317780d5a3bd99a39a42e8f53ffd443?s=96&d=mm&r=g","caption":"Mirko Venturi"},"url":"https:\/\/ladante.fr\/paris\/author\/mirko\/"}]}},"_links":{"self":[{"href":"https:\/\/ladante.fr\/paris\/wp-json\/wp\/v2\/posts\/878"}],"collection":[{"href":"https:\/\/ladante.fr\/paris\/wp-json\/wp\/v2\/posts"}],"about":[{"href":"https:\/\/ladante.fr\/paris\/wp-json\/wp\/v2\/types\/post"}],"author":[{"embeddable":true,"href":"https:\/\/ladante.fr\/paris\/wp-json\/wp\/v2\/users\/4"}],"replies":[{"embeddable":true,"href":"https:\/\/ladante.fr\/paris\/wp-json\/wp\/v2\/comments?post=878"}],"version-history":[{"count":2,"href":"https:\/\/ladante.fr\/paris\/wp-json\/wp\/v2\/posts\/878\/revisions"}],"predecessor-version":[{"id":2030,"href":"https:\/\/ladante.fr\/paris\/wp-json\/wp\/v2\/posts\/878\/revisions\/2030"}],"wp:attachment":[{"href":"https:\/\/ladante.fr\/paris\/wp-json\/wp\/v2\/media?parent=878"}],"wp:term":[{"taxonomy":"category","embeddable":true,"href":"https:\/\/ladante.fr\/paris\/wp-json\/wp\/v2\/categories?post=878"},{"taxonomy":"post_tag","embeddable":true,"href":"https:\/\/ladante.fr\/paris\/wp-json\/wp\/v2\/tags?post=878"}],"curies":[{"name":"wp","href":"https:\/\/api.w.org\/{rel}","templated":true}]}}