{"id":881,"date":"2016-02-04T15:43:28","date_gmt":"2016-02-04T14:43:28","guid":{"rendered":"http:\/\/la-dante.fr\/?p=881"},"modified":"2018-02-10T13:21:33","modified_gmt":"2018-02-10T12:21:33","slug":"jacqueline-dante-le-donne-leuropa","status":"publish","type":"post","link":"https:\/\/ladante.fr\/paris\/jacqueline-dante-le-donne-leuropa\/","title":{"rendered":"JACQUELINE, DANTE, LE DONNE, L\u2019EUROPA"},"content":{"rendered":"<h2 class=\"postheader\" style=\"text-align: center;\"><img style=\"font-size: 16px;\" src=\"http:\/\/ladante.fr\/wp-content\/uploads\/2018\/02\/risset-roma.png\" alt=\"JACQUELINE, DANTE, LE DONNE, L\u2019EUROPA\" \/><\/h2>\n<h4 style=\"text-align: center; text-transform: uppercase;\">JACQUELINE, DANTE, LE DONNE, L\u2019EUROPA<br \/>\nRicordo di Jacqueline Risset<\/h4>\n<p style=\"text-align: center;\">Message de bienvenue d\u2019Alessandro Masi, Secr\u00e9taire G\u00e9n\u00e9ral de la Societ\u00e0 Dante Alighieri \u2013 Si\u00e8ge Central<\/p>\n<h6 style=\"text-align: center; text-transform: uppercase;\">Interventions<\/h6>\n<p style=\"text-align: center;\"><strong>Simona Argentieri<\/strong>\u00a0Dieci istanti per Jacqueline<br \/>\n<strong>Corrado Augias<\/strong>\u00a0Jacqueline, le donne, l\u2019Europa<br \/>\n<strong>Piero Boitani<\/strong>\u00a0Jacqueline e Matelda, la donna dell\u2019istante<br \/>\n<strong>Corrado Bologna<\/strong>\u00a0Beatrice e Anti-Beatrice nelle Rimes<br \/>\n<strong>Michele Canonica<\/strong>\u00a0Jacqueline, la Francia e l\u2019Italia<br \/>\n<strong>Umberto Todini<\/strong>\u00a0Jacqueline per Dante<\/p>\n<h6 style=\"text-align: center; text-transform: uppercase;\">Mod\u00e9rateur<\/h6>\n<p style=\"text-align: center;\">Lucia Caravale<\/p>\n<div class=\"invito\" style=\"text-align: center;\"><span class=\"wf_file jcepopup noicon\"><img class=\"wf_file_icon\" src=\"http:\/\/ladante.fr\/wp-content\/uploads\/2018\/02\/pdf-1-e1517829938664.png\" alt=\"pdf\" \/><\/span><a class=\"wf_file jcepopup noicon\" title=\"JACQUELINE, DANTE, LE DONNE, L\u2019EUROPA\" href=\"http:\/\/ladante.fr\/wp-content\/uploads\/2018\/02\/2016.03.08_Invito_Risset_Roma.pdf\" target=\"_blank\" rel=\"noopener\" data-mediabox=\"width[1024];height[768];title[JACQUELINE, DANTE, LE DONNE, L\u2019EUROPA]\"><span class=\"wf_file jcepopup noicon\"><span class=\"wf_file\"><span class=\"wf_file_text\">T\u00e9l\u00e9charger invitation<\/span><\/span><\/span><\/a><\/div>\n<p style=\"text-align: center;\"><strong>Mardi 8 mars 2016, \u00e0 17h<\/strong><br \/>\nSala del Primaticcio<br \/>\nSociet\u00e0 Dante Alighieri<br \/>\nPalazzo Firenze<br \/>\nPiazza Firenze, 27<br \/>\n00186 Roma<\/p>\n","protected":false},"excerpt":{"rendered":"<p>JACQUELINE, DANTE, LE DONNE, L\u2019EUROPA Ricordo di Jacqueline Risset Message de bienvenue d\u2019Alessandro Masi, Secr\u00e9taire G\u00e9n\u00e9ral de la Societ\u00e0 Dante Alighieri \u2013 Si\u00e8ge Central Interventions Simona Argentieri\u00a0Dieci istanti per Jacqueline Corrado Augias\u00a0Jacqueline, le donne, l\u2019Europa Piero Boitani\u00a0Jacqueline e Matelda, la donna dell\u2019istante Corrado Bologna\u00a0Beatrice e Anti-Beatrice nelle Rimes Michele Canonica\u00a0Jacqueline, la Francia e l\u2019Italia Umberto [&hellip;]<\/p>\n","protected":false},"author":4,"featured_media":0,"comment_status":"open","ping_status":"open","sticky":false,"template":"","format":"image","meta":{"disable_featured_image":false,"_themeisle_gutenberg_block_has_review":false},"categories":[7],"tags":[],"yoast_head":"<!-- This site is optimized with the Yoast SEO plugin v20.1 - https:\/\/yoast.com\/wordpress\/plugins\/seo\/ -->\n<title>JACQUELINE, DANTE, LE DONNE, L\u2019EUROPA - La Dante - Comit\u00e9 de Paris<\/title>\n<meta name=\"robots\" content=\"index, follow, max-snippet:-1, max-image-preview:large, max-video-preview:-1\" \/>\n<link rel=\"canonical\" href=\"https:\/\/ladante.fr\/paris\/jacqueline-dante-le-donne-leuropa\/\" \/>\n<meta property=\"og:locale\" content=\"fr_FR\" \/>\n<meta property=\"og:type\" content=\"article\" \/>\n<meta property=\"og:title\" content=\"JACQUELINE, DANTE, LE DONNE, L\u2019EUROPA - La Dante - Comit\u00e9 de Paris\" \/>\n<meta property=\"og:description\" content=\"JACQUELINE, DANTE, LE DONNE, L\u2019EUROPA Ricordo di Jacqueline Risset Message de bienvenue d\u2019Alessandro Masi, Secr\u00e9taire G\u00e9n\u00e9ral de la Societ\u00e0 Dante Alighieri \u2013 Si\u00e8ge Central Interventions Simona Argentieri\u00a0Dieci istanti per Jacqueline Corrado Augias\u00a0Jacqueline, le donne, l\u2019Europa Piero Boitani\u00a0Jacqueline e Matelda, la donna dell\u2019istante Corrado Bologna\u00a0Beatrice e Anti-Beatrice nelle Rimes Michele Canonica\u00a0Jacqueline, la Francia e l\u2019Italia Umberto [&hellip;]\" \/>\n<meta property=\"og:url\" content=\"https:\/\/ladante.fr\/paris\/jacqueline-dante-le-donne-leuropa\/\" \/>\n<meta property=\"og:site_name\" content=\"La Dante - Comit\u00e9 de Paris\" \/>\n<meta property=\"article:published_time\" content=\"2016-02-04T14:43:28+00:00\" \/>\n<meta property=\"article:modified_time\" content=\"2018-02-10T12:21:33+00:00\" \/>\n<meta property=\"og:image\" content=\"http:\/\/ladante.fr\/wp-content\/uploads\/2018\/02\/risset-roma.png\" \/>\n<meta name=\"author\" content=\"Mirko Venturi\" \/>\n<meta name=\"twitter:card\" content=\"summary_large_image\" \/>\n<meta name=\"twitter:label1\" content=\"\u00c9crit par\" \/>\n\t<meta name=\"twitter:data1\" content=\"Mirko Venturi\" \/>\n<script type=\"application\/ld+json\" class=\"yoast-schema-graph\">{\"@context\":\"https:\/\/schema.org\",\"@graph\":[{\"@type\":\"WebPage\",\"@id\":\"https:\/\/ladante.fr\/paris\/jacqueline-dante-le-donne-leuropa\/\",\"url\":\"https:\/\/ladante.fr\/paris\/jacqueline-dante-le-donne-leuropa\/\",\"name\":\"JACQUELINE, DANTE, LE DONNE, L\u2019EUROPA - La Dante - Comit\u00e9 de Paris\",\"isPartOf\":{\"@id\":\"https:\/\/ladante.fr\/paris\/#website\"},\"datePublished\":\"2016-02-04T14:43:28+00:00\",\"dateModified\":\"2018-02-10T12:21:33+00:00\",\"author\":{\"@id\":\"https:\/\/ladante.fr\/paris\/#\/schema\/person\/68aed266df313cfba1339a72069dd605\"},\"breadcrumb\":{\"@id\":\"https:\/\/ladante.fr\/paris\/jacqueline-dante-le-donne-leuropa\/#breadcrumb\"},\"inLanguage\":\"fr-FR\",\"potentialAction\":[{\"@type\":\"ReadAction\",\"target\":[\"https:\/\/ladante.fr\/paris\/jacqueline-dante-le-donne-leuropa\/\"]}]},{\"@type\":\"BreadcrumbList\",\"@id\":\"https:\/\/ladante.fr\/paris\/jacqueline-dante-le-donne-leuropa\/#breadcrumb\",\"itemListElement\":[{\"@type\":\"ListItem\",\"position\":1,\"name\":\"Accueil\",\"item\":\"https:\/\/ladante.fr\/paris\/\"},{\"@type\":\"ListItem\",\"position\":2,\"name\":\"JACQUELINE, DANTE, LE DONNE, L\u2019EUROPA\"}]},{\"@type\":\"WebSite\",\"@id\":\"https:\/\/ladante.fr\/paris\/#website\",\"url\":\"https:\/\/ladante.fr\/paris\/\",\"name\":\"La Dante - Comit\u00e9 de Paris\",\"description\":\"\",\"potentialAction\":[{\"@type\":\"SearchAction\",\"target\":{\"@type\":\"EntryPoint\",\"urlTemplate\":\"https:\/\/ladante.fr\/paris\/?s={search_term_string}\"},\"query-input\":\"required name=search_term_string\"}],\"inLanguage\":\"fr-FR\"},{\"@type\":\"Person\",\"@id\":\"https:\/\/ladante.fr\/paris\/#\/schema\/person\/68aed266df313cfba1339a72069dd605\",\"name\":\"Mirko Venturi\",\"image\":{\"@type\":\"ImageObject\",\"inLanguage\":\"fr-FR\",\"@id\":\"https:\/\/ladante.fr\/paris\/#\/schema\/person\/image\/\",\"url\":\"https:\/\/secure.gravatar.com\/avatar\/d317780d5a3bd99a39a42e8f53ffd443?s=96&d=mm&r=g\",\"contentUrl\":\"https:\/\/secure.gravatar.com\/avatar\/d317780d5a3bd99a39a42e8f53ffd443?s=96&d=mm&r=g\",\"caption\":\"Mirko Venturi\"},\"url\":\"https:\/\/ladante.fr\/paris\/author\/mirko\/\"}]}<\/script>\n<!-- \/ Yoast SEO plugin. -->","yoast_head_json":{"title":"JACQUELINE, DANTE, LE DONNE, L\u2019EUROPA - La Dante - Comit\u00e9 de Paris","robots":{"index":"index","follow":"follow","max-snippet":"max-snippet:-1","max-image-preview":"max-image-preview:large","max-video-preview":"max-video-preview:-1"},"canonical":"https:\/\/ladante.fr\/paris\/jacqueline-dante-le-donne-leuropa\/","og_locale":"fr_FR","og_type":"article","og_title":"JACQUELINE, DANTE, LE DONNE, L\u2019EUROPA - La Dante - Comit\u00e9 de Paris","og_description":"JACQUELINE, DANTE, LE DONNE, L\u2019EUROPA Ricordo di Jacqueline Risset Message de bienvenue d\u2019Alessandro Masi, Secr\u00e9taire G\u00e9n\u00e9ral de la Societ\u00e0 Dante Alighieri \u2013 Si\u00e8ge Central Interventions Simona Argentieri\u00a0Dieci istanti per Jacqueline Corrado Augias\u00a0Jacqueline, le donne, l\u2019Europa Piero Boitani\u00a0Jacqueline e Matelda, la donna dell\u2019istante Corrado Bologna\u00a0Beatrice e Anti-Beatrice nelle Rimes Michele Canonica\u00a0Jacqueline, la Francia e l\u2019Italia Umberto [&hellip;]","og_url":"https:\/\/ladante.fr\/paris\/jacqueline-dante-le-donne-leuropa\/","og_site_name":"La Dante - Comit\u00e9 de Paris","article_published_time":"2016-02-04T14:43:28+00:00","article_modified_time":"2018-02-10T12:21:33+00:00","og_image":[{"url":"http:\/\/ladante.fr\/wp-content\/uploads\/2018\/02\/risset-roma.png"}],"author":"Mirko Venturi","twitter_card":"summary_large_image","twitter_misc":{"\u00c9crit par":"Mirko Venturi"},"schema":{"@context":"https:\/\/schema.org","@graph":[{"@type":"WebPage","@id":"https:\/\/ladante.fr\/paris\/jacqueline-dante-le-donne-leuropa\/","url":"https:\/\/ladante.fr\/paris\/jacqueline-dante-le-donne-leuropa\/","name":"JACQUELINE, DANTE, LE DONNE, L\u2019EUROPA - La Dante - Comit\u00e9 de Paris","isPartOf":{"@id":"https:\/\/ladante.fr\/paris\/#website"},"datePublished":"2016-02-04T14:43:28+00:00","dateModified":"2018-02-10T12:21:33+00:00","author":{"@id":"https:\/\/ladante.fr\/paris\/#\/schema\/person\/68aed266df313cfba1339a72069dd605"},"breadcrumb":{"@id":"https:\/\/ladante.fr\/paris\/jacqueline-dante-le-donne-leuropa\/#breadcrumb"},"inLanguage":"fr-FR","potentialAction":[{"@type":"ReadAction","target":["https:\/\/ladante.fr\/paris\/jacqueline-dante-le-donne-leuropa\/"]}]},{"@type":"BreadcrumbList","@id":"https:\/\/ladante.fr\/paris\/jacqueline-dante-le-donne-leuropa\/#breadcrumb","itemListElement":[{"@type":"ListItem","position":1,"name":"Accueil","item":"https:\/\/ladante.fr\/paris\/"},{"@type":"ListItem","position":2,"name":"JACQUELINE, DANTE, LE DONNE, L\u2019EUROPA"}]},{"@type":"WebSite","@id":"https:\/\/ladante.fr\/paris\/#website","url":"https:\/\/ladante.fr\/paris\/","name":"La Dante - Comit\u00e9 de Paris","description":"","potentialAction":[{"@type":"SearchAction","target":{"@type":"EntryPoint","urlTemplate":"https:\/\/ladante.fr\/paris\/?s={search_term_string}"},"query-input":"required name=search_term_string"}],"inLanguage":"fr-FR"},{"@type":"Person","@id":"https:\/\/ladante.fr\/paris\/#\/schema\/person\/68aed266df313cfba1339a72069dd605","name":"Mirko Venturi","image":{"@type":"ImageObject","inLanguage":"fr-FR","@id":"https:\/\/ladante.fr\/paris\/#\/schema\/person\/image\/","url":"https:\/\/secure.gravatar.com\/avatar\/d317780d5a3bd99a39a42e8f53ffd443?s=96&d=mm&r=g","contentUrl":"https:\/\/secure.gravatar.com\/avatar\/d317780d5a3bd99a39a42e8f53ffd443?s=96&d=mm&r=g","caption":"Mirko Venturi"},"url":"https:\/\/ladante.fr\/paris\/author\/mirko\/"}]}},"_links":{"self":[{"href":"https:\/\/ladante.fr\/paris\/wp-json\/wp\/v2\/posts\/881"}],"collection":[{"href":"https:\/\/ladante.fr\/paris\/wp-json\/wp\/v2\/posts"}],"about":[{"href":"https:\/\/ladante.fr\/paris\/wp-json\/wp\/v2\/types\/post"}],"author":[{"embeddable":true,"href":"https:\/\/ladante.fr\/paris\/wp-json\/wp\/v2\/users\/4"}],"replies":[{"embeddable":true,"href":"https:\/\/ladante.fr\/paris\/wp-json\/wp\/v2\/comments?post=881"}],"version-history":[{"count":2,"href":"https:\/\/ladante.fr\/paris\/wp-json\/wp\/v2\/posts\/881\/revisions"}],"predecessor-version":[{"id":2032,"href":"https:\/\/ladante.fr\/paris\/wp-json\/wp\/v2\/posts\/881\/revisions\/2032"}],"wp:attachment":[{"href":"https:\/\/ladante.fr\/paris\/wp-json\/wp\/v2\/media?parent=881"}],"wp:term":[{"taxonomy":"category","embeddable":true,"href":"https:\/\/ladante.fr\/paris\/wp-json\/wp\/v2\/categories?post=881"},{"taxonomy":"post_tag","embeddable":true,"href":"https:\/\/ladante.fr\/paris\/wp-json\/wp\/v2\/tags?post=881"}],"curies":[{"name":"wp","href":"https:\/\/api.w.org\/{rel}","templated":true}]}}