{"id":886,"date":"2016-02-03T10:48:10","date_gmt":"2016-02-03T09:48:10","guid":{"rendered":"http:\/\/la-dante.fr\/?p=886"},"modified":"2018-02-10T13:23:38","modified_gmt":"2018-02-10T12:23:38","slug":"tabucchi-dopo-tabucchi","status":"publish","type":"post","link":"https:\/\/ladante.fr\/paris\/tabucchi-dopo-tabucchi\/","title":{"rendered":"TABUCCHI DOPO TABUCCHI"},"content":{"rendered":"<h2 class=\"postheader\" style=\"text-align: center;\"><img style=\"font-size: 16px;\" src=\"http:\/\/ladante.fr\/wp-content\/uploads\/2018\/02\/gioia-pace.png\" alt=\"TABUCCHI DOPO TABUCCHI\" \/><\/h2>\n<h4 style=\"text-align: center; text-transform: uppercase;\">TABUCCHI DOPO TABUCCHI<\/h4>\n<h6 style=\"text-align: center; text-transform: uppercase;\">Par Gioia Pace<\/h6>\n<h6 style=\"text-align: center; text-transform: uppercase;\">Morrone Editore, Siracusa, 2015<\/h6>\n<p style=\"text-align: center;\"><em>Accessible sans tomber pour autant dans le simplisme, cet ouvrage nous am\u00e8ne dans les m\u00e9andres de l\u2019univers narratif et po\u00e9tique d\u2019Antonio Tabucchi<br \/>\n(Pise, 1943 \u2013 Lisbonne, 2012), grand intellectuel italien, sp\u00e9cialiste de la litt\u00e9rature portugaise.<\/em><\/p>\n<div class=\"invito\" style=\"text-align: center;\"><span class=\"wf_file jcepopup noicon\"><img class=\"wf_file_icon\" src=\"http:\/\/ladante.fr\/wp-content\/uploads\/2018\/02\/pdf-1-e1517829938664.png\" alt=\"pdf\" \/><\/span><a class=\"wf_file jcepopup noicon\" title=\"TABUCCHI DOPO TABUCCHI\" href=\"http:\/\/ladante.fr\/wp-content\/uploads\/2018\/02\/2016.03.02_Invitation_Gioia_Pace.pdf\" target=\"_blank\" rel=\"noopener\"><span class=\"wf_file jcepopup noicon\"><span class=\"wf_file\"><span class=\"wf_file_text\">T\u00e9l\u00e9charger invitation<\/span><\/span><\/span><\/a><\/div>\n<p style=\"text-align: center;\">Accueil \u00e0 18h<\/p>\n<p style=\"text-align: center;\">D\u00e9but des interventions \u00e0 18h30<\/p>\n<p style=\"text-align: center;\">R.S.V.P avant le 29 f\u00e9vrier 2016 \u00e0\u00a0<a href=\"mailto:paris@ladante.fr\">paris@ladante.fr<\/a><\/p>\n<p style=\"text-align: center;\"><strong>Mercredi 2 mars 2016, \u00e0 18h30\u00a0<\/strong><br \/>\nMaison de l\u2019Italie<br \/>\nCit\u00e9 Universitaire<br \/>\n7A Boulevard Jourdan<br \/>\n75014 Paris<\/p>\n","protected":false},"excerpt":{"rendered":"<p>TABUCCHI DOPO TABUCCHI Par Gioia Pace Morrone Editore, Siracusa, 2015 Accessible sans tomber pour autant dans le simplisme, cet ouvrage nous am\u00e8ne dans les m\u00e9andres de l\u2019univers narratif et po\u00e9tique d\u2019Antonio Tabucchi (Pise, 1943 \u2013 Lisbonne, 2012), grand intellectuel italien, sp\u00e9cialiste de la litt\u00e9rature portugaise. T\u00e9l\u00e9charger invitation Accueil \u00e0 18h D\u00e9but des interventions \u00e0 18h30 [&hellip;]<\/p>\n","protected":false},"author":4,"featured_media":0,"comment_status":"open","ping_status":"open","sticky":false,"template":"","format":"image","meta":{"disable_featured_image":false,"_themeisle_gutenberg_block_has_review":false},"categories":[7],"tags":[],"yoast_head":"<!-- This site is optimized with the Yoast SEO plugin v20.1 - https:\/\/yoast.com\/wordpress\/plugins\/seo\/ -->\n<title>TABUCCHI DOPO TABUCCHI - La Dante - Comit\u00e9 de Paris<\/title>\n<meta name=\"robots\" content=\"index, follow, max-snippet:-1, max-image-preview:large, max-video-preview:-1\" \/>\n<link rel=\"canonical\" href=\"https:\/\/ladante.fr\/paris\/tabucchi-dopo-tabucchi\/\" \/>\n<meta property=\"og:locale\" content=\"fr_FR\" \/>\n<meta property=\"og:type\" content=\"article\" \/>\n<meta property=\"og:title\" content=\"TABUCCHI DOPO TABUCCHI - La Dante - Comit\u00e9 de Paris\" \/>\n<meta property=\"og:description\" content=\"TABUCCHI DOPO TABUCCHI Par Gioia Pace Morrone Editore, Siracusa, 2015 Accessible sans tomber pour autant dans le simplisme, cet ouvrage nous am\u00e8ne dans les m\u00e9andres de l\u2019univers narratif et po\u00e9tique d\u2019Antonio Tabucchi (Pise, 1943 \u2013 Lisbonne, 2012), grand intellectuel italien, sp\u00e9cialiste de la litt\u00e9rature portugaise. T\u00e9l\u00e9charger invitation Accueil \u00e0 18h D\u00e9but des interventions \u00e0 18h30 [&hellip;]\" \/>\n<meta property=\"og:url\" content=\"https:\/\/ladante.fr\/paris\/tabucchi-dopo-tabucchi\/\" \/>\n<meta property=\"og:site_name\" content=\"La Dante - Comit\u00e9 de Paris\" \/>\n<meta property=\"article:published_time\" content=\"2016-02-03T09:48:10+00:00\" \/>\n<meta property=\"article:modified_time\" content=\"2018-02-10T12:23:38+00:00\" \/>\n<meta property=\"og:image\" content=\"http:\/\/ladante.fr\/wp-content\/uploads\/2018\/02\/gioia-pace.png\" \/>\n<meta name=\"author\" content=\"Mirko Venturi\" \/>\n<meta name=\"twitter:card\" content=\"summary_large_image\" \/>\n<meta name=\"twitter:label1\" content=\"\u00c9crit par\" \/>\n\t<meta name=\"twitter:data1\" content=\"Mirko Venturi\" \/>\n<script type=\"application\/ld+json\" class=\"yoast-schema-graph\">{\"@context\":\"https:\/\/schema.org\",\"@graph\":[{\"@type\":\"WebPage\",\"@id\":\"https:\/\/ladante.fr\/paris\/tabucchi-dopo-tabucchi\/\",\"url\":\"https:\/\/ladante.fr\/paris\/tabucchi-dopo-tabucchi\/\",\"name\":\"TABUCCHI DOPO TABUCCHI - La Dante - Comit\u00e9 de Paris\",\"isPartOf\":{\"@id\":\"https:\/\/ladante.fr\/paris\/#website\"},\"datePublished\":\"2016-02-03T09:48:10+00:00\",\"dateModified\":\"2018-02-10T12:23:38+00:00\",\"author\":{\"@id\":\"https:\/\/ladante.fr\/paris\/#\/schema\/person\/68aed266df313cfba1339a72069dd605\"},\"breadcrumb\":{\"@id\":\"https:\/\/ladante.fr\/paris\/tabucchi-dopo-tabucchi\/#breadcrumb\"},\"inLanguage\":\"fr-FR\",\"potentialAction\":[{\"@type\":\"ReadAction\",\"target\":[\"https:\/\/ladante.fr\/paris\/tabucchi-dopo-tabucchi\/\"]}]},{\"@type\":\"BreadcrumbList\",\"@id\":\"https:\/\/ladante.fr\/paris\/tabucchi-dopo-tabucchi\/#breadcrumb\",\"itemListElement\":[{\"@type\":\"ListItem\",\"position\":1,\"name\":\"Accueil\",\"item\":\"https:\/\/ladante.fr\/paris\/\"},{\"@type\":\"ListItem\",\"position\":2,\"name\":\"TABUCCHI DOPO TABUCCHI\"}]},{\"@type\":\"WebSite\",\"@id\":\"https:\/\/ladante.fr\/paris\/#website\",\"url\":\"https:\/\/ladante.fr\/paris\/\",\"name\":\"La Dante - Comit\u00e9 de Paris\",\"description\":\"\",\"potentialAction\":[{\"@type\":\"SearchAction\",\"target\":{\"@type\":\"EntryPoint\",\"urlTemplate\":\"https:\/\/ladante.fr\/paris\/?s={search_term_string}\"},\"query-input\":\"required name=search_term_string\"}],\"inLanguage\":\"fr-FR\"},{\"@type\":\"Person\",\"@id\":\"https:\/\/ladante.fr\/paris\/#\/schema\/person\/68aed266df313cfba1339a72069dd605\",\"name\":\"Mirko Venturi\",\"image\":{\"@type\":\"ImageObject\",\"inLanguage\":\"fr-FR\",\"@id\":\"https:\/\/ladante.fr\/paris\/#\/schema\/person\/image\/\",\"url\":\"https:\/\/secure.gravatar.com\/avatar\/d317780d5a3bd99a39a42e8f53ffd443?s=96&d=mm&r=g\",\"contentUrl\":\"https:\/\/secure.gravatar.com\/avatar\/d317780d5a3bd99a39a42e8f53ffd443?s=96&d=mm&r=g\",\"caption\":\"Mirko Venturi\"},\"url\":\"https:\/\/ladante.fr\/paris\/author\/mirko\/\"}]}<\/script>\n<!-- \/ Yoast SEO plugin. -->","yoast_head_json":{"title":"TABUCCHI DOPO TABUCCHI - La Dante - Comit\u00e9 de Paris","robots":{"index":"index","follow":"follow","max-snippet":"max-snippet:-1","max-image-preview":"max-image-preview:large","max-video-preview":"max-video-preview:-1"},"canonical":"https:\/\/ladante.fr\/paris\/tabucchi-dopo-tabucchi\/","og_locale":"fr_FR","og_type":"article","og_title":"TABUCCHI DOPO TABUCCHI - La Dante - Comit\u00e9 de Paris","og_description":"TABUCCHI DOPO TABUCCHI Par Gioia Pace Morrone Editore, Siracusa, 2015 Accessible sans tomber pour autant dans le simplisme, cet ouvrage nous am\u00e8ne dans les m\u00e9andres de l\u2019univers narratif et po\u00e9tique d\u2019Antonio Tabucchi (Pise, 1943 \u2013 Lisbonne, 2012), grand intellectuel italien, sp\u00e9cialiste de la litt\u00e9rature portugaise. T\u00e9l\u00e9charger invitation Accueil \u00e0 18h D\u00e9but des interventions \u00e0 18h30 [&hellip;]","og_url":"https:\/\/ladante.fr\/paris\/tabucchi-dopo-tabucchi\/","og_site_name":"La Dante - Comit\u00e9 de Paris","article_published_time":"2016-02-03T09:48:10+00:00","article_modified_time":"2018-02-10T12:23:38+00:00","og_image":[{"url":"http:\/\/ladante.fr\/wp-content\/uploads\/2018\/02\/gioia-pace.png"}],"author":"Mirko Venturi","twitter_card":"summary_large_image","twitter_misc":{"\u00c9crit par":"Mirko Venturi"},"schema":{"@context":"https:\/\/schema.org","@graph":[{"@type":"WebPage","@id":"https:\/\/ladante.fr\/paris\/tabucchi-dopo-tabucchi\/","url":"https:\/\/ladante.fr\/paris\/tabucchi-dopo-tabucchi\/","name":"TABUCCHI DOPO TABUCCHI - La Dante - Comit\u00e9 de Paris","isPartOf":{"@id":"https:\/\/ladante.fr\/paris\/#website"},"datePublished":"2016-02-03T09:48:10+00:00","dateModified":"2018-02-10T12:23:38+00:00","author":{"@id":"https:\/\/ladante.fr\/paris\/#\/schema\/person\/68aed266df313cfba1339a72069dd605"},"breadcrumb":{"@id":"https:\/\/ladante.fr\/paris\/tabucchi-dopo-tabucchi\/#breadcrumb"},"inLanguage":"fr-FR","potentialAction":[{"@type":"ReadAction","target":["https:\/\/ladante.fr\/paris\/tabucchi-dopo-tabucchi\/"]}]},{"@type":"BreadcrumbList","@id":"https:\/\/ladante.fr\/paris\/tabucchi-dopo-tabucchi\/#breadcrumb","itemListElement":[{"@type":"ListItem","position":1,"name":"Accueil","item":"https:\/\/ladante.fr\/paris\/"},{"@type":"ListItem","position":2,"name":"TABUCCHI DOPO TABUCCHI"}]},{"@type":"WebSite","@id":"https:\/\/ladante.fr\/paris\/#website","url":"https:\/\/ladante.fr\/paris\/","name":"La Dante - Comit\u00e9 de Paris","description":"","potentialAction":[{"@type":"SearchAction","target":{"@type":"EntryPoint","urlTemplate":"https:\/\/ladante.fr\/paris\/?s={search_term_string}"},"query-input":"required name=search_term_string"}],"inLanguage":"fr-FR"},{"@type":"Person","@id":"https:\/\/ladante.fr\/paris\/#\/schema\/person\/68aed266df313cfba1339a72069dd605","name":"Mirko Venturi","image":{"@type":"ImageObject","inLanguage":"fr-FR","@id":"https:\/\/ladante.fr\/paris\/#\/schema\/person\/image\/","url":"https:\/\/secure.gravatar.com\/avatar\/d317780d5a3bd99a39a42e8f53ffd443?s=96&d=mm&r=g","contentUrl":"https:\/\/secure.gravatar.com\/avatar\/d317780d5a3bd99a39a42e8f53ffd443?s=96&d=mm&r=g","caption":"Mirko Venturi"},"url":"https:\/\/ladante.fr\/paris\/author\/mirko\/"}]}},"_links":{"self":[{"href":"https:\/\/ladante.fr\/paris\/wp-json\/wp\/v2\/posts\/886"}],"collection":[{"href":"https:\/\/ladante.fr\/paris\/wp-json\/wp\/v2\/posts"}],"about":[{"href":"https:\/\/ladante.fr\/paris\/wp-json\/wp\/v2\/types\/post"}],"author":[{"embeddable":true,"href":"https:\/\/ladante.fr\/paris\/wp-json\/wp\/v2\/users\/4"}],"replies":[{"embeddable":true,"href":"https:\/\/ladante.fr\/paris\/wp-json\/wp\/v2\/comments?post=886"}],"version-history":[{"count":1,"href":"https:\/\/ladante.fr\/paris\/wp-json\/wp\/v2\/posts\/886\/revisions"}],"predecessor-version":[{"id":2033,"href":"https:\/\/ladante.fr\/paris\/wp-json\/wp\/v2\/posts\/886\/revisions\/2033"}],"wp:attachment":[{"href":"https:\/\/ladante.fr\/paris\/wp-json\/wp\/v2\/media?parent=886"}],"wp:term":[{"taxonomy":"category","embeddable":true,"href":"https:\/\/ladante.fr\/paris\/wp-json\/wp\/v2\/categories?post=886"},{"taxonomy":"post_tag","embeddable":true,"href":"https:\/\/ladante.fr\/paris\/wp-json\/wp\/v2\/tags?post=886"}],"curies":[{"name":"wp","href":"https:\/\/api.w.org\/{rel}","templated":true}]}}