{"id":903,"date":"2015-12-16T11:07:29","date_gmt":"2015-12-16T10:07:29","guid":{"rendered":"http:\/\/la-dante.fr\/?p=903"},"modified":"2018-02-10T16:39:23","modified_gmt":"2018-02-10T15:39:23","slug":"tosca-un-portrait-de-rome-au-debut-du-19eme-siecle","status":"publish","type":"post","link":"https:\/\/ladante.fr\/paris\/tosca-un-portrait-de-rome-au-debut-du-19eme-siecle\/","title":{"rendered":"TOSCA : Un portrait de Rome au d\u00e9but du 19\u00e8me si\u00e8cle"},"content":{"rendered":"<h2 class=\"postheader\" style=\"text-align: center;\"><img style=\"font-size: 16px;\" src=\"http:\/\/ladante.fr\/wp-content\/uploads\/2018\/01\/enigma-puccini-1.png\" alt=\"TOSCA : Un portrait de Rome au d\u00e9but du 19\u00e8me si\u00e8cle\" \/><\/h2>\n<h4 style=\"text-align: center; text-transform: uppercase;\">TOSCA<br \/>\nUn portrait de Rome au d\u00e9but du 19\u00e8me si\u00e8cle<\/h4>\n<h6 style=\"text-align: center; text-transform: uppercase;\">Par et avec<\/h6>\n<div class=\"interventi\" style=\"text-align: center;\"><strong>Corrado Augias,<\/strong>\u00a0narrateur<br \/>\n<strong>Giuseppe Fausto Modugno,<\/strong>\u00a0piano et voix<\/div>\n<p style=\"text-align: justify;\"><em>Rome, magnifique et sinistre, la Rome du d\u00e9but du 19\u00e8me si\u00e8cle, la Rome de Belli et Rossini, visit\u00e9e par les plus grands esprits et artistes d\u2019Europe, d\u00e9crite par Leopardi&#8230; Voil\u00e0 la toile de fond du plus dramatique et sombre des chefs-d\u2019\u0153uvre de Giacomo Puccini.<\/em><\/p>\n<div class=\"invito\" style=\"text-align: center;\"><span class=\"wf_file jcepopup noicon\"><img class=\"wf_file_icon\" src=\"http:\/\/ladante.fr\/wp-content\/uploads\/2018\/02\/pdf-1-e1517829938664.png\" alt=\"pdf\" \/><\/span><a class=\"wf_file jcepopup noicon\" title=\"TOSCA : Un portrait de Rome au d\u00e9but du 19\u00e8me si\u00e8cle\" href=\"http:\/\/ladante.fr\/wp-content\/uploads\/2018\/01\/2016.01.01_Invitation-TOSCA-1.pdf\" target=\"_blank\" rel=\"noopener\" data-mediabox=\"width[1024];height[768];title[TOSCA : Un portrait de Rome au d\u00e9but du 19\u00e8me si\u00e8cle]\"><span class=\"wf_file jcepopup noicon\"><span class=\"wf_file\"><span class=\"wf_file_text\">T\u00e9l\u00e9charger invitation<\/span><\/span><\/span><\/a><\/div>\n<p style=\"text-align: center;\"><strong>Entr\u00e9e libre sur r\u00e9servation<\/strong><br \/>\nR.S.V.P. &#8211; Tel. : 01 47 05 16 26 \u2013 E-mail :\u00a0<a href=\"mailto:paris@ladante.fr\">paris@ladante.fr<\/a><\/p>\n<h6 style=\"text-align: center; text-transform: uppercase;\">R\u00e9ponse souhait\u00e9e avant le 9 janvier 2016<\/h6>\n<p style=\"text-align: center;\"><strong>Mardi 12 janvier 2016, \u00e0 18h00 &#8211; D\u00e9but des interventions \u00e0 18h30<\/strong><\/p>\n<p style=\"text-align: center;\">Maison de l&rsquo;Italie &#8211; Cit\u00e9 Internationale Universitaire de Paris<br \/>\n7A boulevard Jourdan<br \/>\n75014 Paris<\/p>\n","protected":false},"excerpt":{"rendered":"<p>TOSCA Un portrait de Rome au d\u00e9but du 19\u00e8me si\u00e8cle Par et avec Corrado Augias,\u00a0narrateur Giuseppe Fausto Modugno,\u00a0piano et voix Rome, magnifique et sinistre, la Rome du d\u00e9but du 19\u00e8me si\u00e8cle, la Rome de Belli et Rossini, visit\u00e9e par les plus grands esprits et artistes d\u2019Europe, d\u00e9crite par Leopardi&#8230; Voil\u00e0 la toile de fond du [&hellip;]<\/p>\n","protected":false},"author":4,"featured_media":0,"comment_status":"open","ping_status":"open","sticky":false,"template":"","format":"image","meta":{"disable_featured_image":false,"_themeisle_gutenberg_block_has_review":false},"categories":[6],"tags":[],"yoast_head":"<!-- This site is optimized with the Yoast SEO plugin v20.1 - https:\/\/yoast.com\/wordpress\/plugins\/seo\/ -->\n<title>TOSCA : Un portrait de Rome au d\u00e9but du 19\u00e8me si\u00e8cle - La Dante - Comit\u00e9 de Paris<\/title>\n<meta name=\"robots\" content=\"index, follow, max-snippet:-1, max-image-preview:large, max-video-preview:-1\" \/>\n<link rel=\"canonical\" href=\"https:\/\/ladante.fr\/paris\/tosca-un-portrait-de-rome-au-debut-du-19eme-siecle\/\" \/>\n<meta property=\"og:locale\" content=\"fr_FR\" \/>\n<meta property=\"og:type\" content=\"article\" \/>\n<meta property=\"og:title\" content=\"TOSCA : Un portrait de Rome au d\u00e9but du 19\u00e8me si\u00e8cle - La Dante - Comit\u00e9 de Paris\" \/>\n<meta property=\"og:description\" content=\"TOSCA Un portrait de Rome au d\u00e9but du 19\u00e8me si\u00e8cle Par et avec Corrado Augias,\u00a0narrateur Giuseppe Fausto Modugno,\u00a0piano et voix Rome, magnifique et sinistre, la Rome du d\u00e9but du 19\u00e8me si\u00e8cle, la Rome de Belli et Rossini, visit\u00e9e par les plus grands esprits et artistes d\u2019Europe, d\u00e9crite par Leopardi&#8230; Voil\u00e0 la toile de fond du [&hellip;]\" \/>\n<meta property=\"og:url\" content=\"https:\/\/ladante.fr\/paris\/tosca-un-portrait-de-rome-au-debut-du-19eme-siecle\/\" \/>\n<meta property=\"og:site_name\" content=\"La Dante - Comit\u00e9 de Paris\" \/>\n<meta property=\"article:published_time\" content=\"2015-12-16T10:07:29+00:00\" \/>\n<meta property=\"article:modified_time\" content=\"2018-02-10T15:39:23+00:00\" \/>\n<meta property=\"og:image\" content=\"http:\/\/ladante.fr\/wp-content\/uploads\/2018\/01\/enigma-puccini-1.png\" \/>\n<meta name=\"author\" content=\"Mirko Venturi\" \/>\n<meta name=\"twitter:card\" content=\"summary_large_image\" \/>\n<meta name=\"twitter:label1\" content=\"\u00c9crit par\" \/>\n\t<meta name=\"twitter:data1\" content=\"Mirko Venturi\" \/>\n\t<meta name=\"twitter:label2\" content=\"Dur\u00e9e de lecture estim\u00e9e\" \/>\n\t<meta name=\"twitter:data2\" content=\"1 minute\" \/>\n<script type=\"application\/ld+json\" class=\"yoast-schema-graph\">{\"@context\":\"https:\/\/schema.org\",\"@graph\":[{\"@type\":\"WebPage\",\"@id\":\"https:\/\/ladante.fr\/paris\/tosca-un-portrait-de-rome-au-debut-du-19eme-siecle\/\",\"url\":\"https:\/\/ladante.fr\/paris\/tosca-un-portrait-de-rome-au-debut-du-19eme-siecle\/\",\"name\":\"TOSCA : Un portrait de Rome au d\u00e9but du 19\u00e8me si\u00e8cle - La Dante - Comit\u00e9 de Paris\",\"isPartOf\":{\"@id\":\"https:\/\/ladante.fr\/paris\/#website\"},\"datePublished\":\"2015-12-16T10:07:29+00:00\",\"dateModified\":\"2018-02-10T15:39:23+00:00\",\"author\":{\"@id\":\"https:\/\/ladante.fr\/paris\/#\/schema\/person\/68aed266df313cfba1339a72069dd605\"},\"breadcrumb\":{\"@id\":\"https:\/\/ladante.fr\/paris\/tosca-un-portrait-de-rome-au-debut-du-19eme-siecle\/#breadcrumb\"},\"inLanguage\":\"fr-FR\",\"potentialAction\":[{\"@type\":\"ReadAction\",\"target\":[\"https:\/\/ladante.fr\/paris\/tosca-un-portrait-de-rome-au-debut-du-19eme-siecle\/\"]}]},{\"@type\":\"BreadcrumbList\",\"@id\":\"https:\/\/ladante.fr\/paris\/tosca-un-portrait-de-rome-au-debut-du-19eme-siecle\/#breadcrumb\",\"itemListElement\":[{\"@type\":\"ListItem\",\"position\":1,\"name\":\"Accueil\",\"item\":\"https:\/\/ladante.fr\/paris\/\"},{\"@type\":\"ListItem\",\"position\":2,\"name\":\"TOSCA : Un portrait de Rome au d\u00e9but du 19\u00e8me si\u00e8cle\"}]},{\"@type\":\"WebSite\",\"@id\":\"https:\/\/ladante.fr\/paris\/#website\",\"url\":\"https:\/\/ladante.fr\/paris\/\",\"name\":\"La Dante - Comit\u00e9 de Paris\",\"description\":\"\",\"potentialAction\":[{\"@type\":\"SearchAction\",\"target\":{\"@type\":\"EntryPoint\",\"urlTemplate\":\"https:\/\/ladante.fr\/paris\/?s={search_term_string}\"},\"query-input\":\"required name=search_term_string\"}],\"inLanguage\":\"fr-FR\"},{\"@type\":\"Person\",\"@id\":\"https:\/\/ladante.fr\/paris\/#\/schema\/person\/68aed266df313cfba1339a72069dd605\",\"name\":\"Mirko Venturi\",\"image\":{\"@type\":\"ImageObject\",\"inLanguage\":\"fr-FR\",\"@id\":\"https:\/\/ladante.fr\/paris\/#\/schema\/person\/image\/\",\"url\":\"https:\/\/secure.gravatar.com\/avatar\/d317780d5a3bd99a39a42e8f53ffd443?s=96&d=mm&r=g\",\"contentUrl\":\"https:\/\/secure.gravatar.com\/avatar\/d317780d5a3bd99a39a42e8f53ffd443?s=96&d=mm&r=g\",\"caption\":\"Mirko Venturi\"},\"url\":\"https:\/\/ladante.fr\/paris\/author\/mirko\/\"}]}<\/script>\n<!-- \/ Yoast SEO plugin. -->","yoast_head_json":{"title":"TOSCA : Un portrait de Rome au d\u00e9but du 19\u00e8me si\u00e8cle - La Dante - Comit\u00e9 de Paris","robots":{"index":"index","follow":"follow","max-snippet":"max-snippet:-1","max-image-preview":"max-image-preview:large","max-video-preview":"max-video-preview:-1"},"canonical":"https:\/\/ladante.fr\/paris\/tosca-un-portrait-de-rome-au-debut-du-19eme-siecle\/","og_locale":"fr_FR","og_type":"article","og_title":"TOSCA : Un portrait de Rome au d\u00e9but du 19\u00e8me si\u00e8cle - La Dante - Comit\u00e9 de Paris","og_description":"TOSCA Un portrait de Rome au d\u00e9but du 19\u00e8me si\u00e8cle Par et avec Corrado Augias,\u00a0narrateur Giuseppe Fausto Modugno,\u00a0piano et voix Rome, magnifique et sinistre, la Rome du d\u00e9but du 19\u00e8me si\u00e8cle, la Rome de Belli et Rossini, visit\u00e9e par les plus grands esprits et artistes d\u2019Europe, d\u00e9crite par Leopardi&#8230; Voil\u00e0 la toile de fond du [&hellip;]","og_url":"https:\/\/ladante.fr\/paris\/tosca-un-portrait-de-rome-au-debut-du-19eme-siecle\/","og_site_name":"La Dante - Comit\u00e9 de Paris","article_published_time":"2015-12-16T10:07:29+00:00","article_modified_time":"2018-02-10T15:39:23+00:00","og_image":[{"url":"http:\/\/ladante.fr\/wp-content\/uploads\/2018\/01\/enigma-puccini-1.png"}],"author":"Mirko Venturi","twitter_card":"summary_large_image","twitter_misc":{"\u00c9crit par":"Mirko Venturi","Dur\u00e9e de lecture estim\u00e9e":"1 minute"},"schema":{"@context":"https:\/\/schema.org","@graph":[{"@type":"WebPage","@id":"https:\/\/ladante.fr\/paris\/tosca-un-portrait-de-rome-au-debut-du-19eme-siecle\/","url":"https:\/\/ladante.fr\/paris\/tosca-un-portrait-de-rome-au-debut-du-19eme-siecle\/","name":"TOSCA : Un portrait de Rome au d\u00e9but du 19\u00e8me si\u00e8cle - La Dante - Comit\u00e9 de Paris","isPartOf":{"@id":"https:\/\/ladante.fr\/paris\/#website"},"datePublished":"2015-12-16T10:07:29+00:00","dateModified":"2018-02-10T15:39:23+00:00","author":{"@id":"https:\/\/ladante.fr\/paris\/#\/schema\/person\/68aed266df313cfba1339a72069dd605"},"breadcrumb":{"@id":"https:\/\/ladante.fr\/paris\/tosca-un-portrait-de-rome-au-debut-du-19eme-siecle\/#breadcrumb"},"inLanguage":"fr-FR","potentialAction":[{"@type":"ReadAction","target":["https:\/\/ladante.fr\/paris\/tosca-un-portrait-de-rome-au-debut-du-19eme-siecle\/"]}]},{"@type":"BreadcrumbList","@id":"https:\/\/ladante.fr\/paris\/tosca-un-portrait-de-rome-au-debut-du-19eme-siecle\/#breadcrumb","itemListElement":[{"@type":"ListItem","position":1,"name":"Accueil","item":"https:\/\/ladante.fr\/paris\/"},{"@type":"ListItem","position":2,"name":"TOSCA : Un portrait de Rome au d\u00e9but du 19\u00e8me si\u00e8cle"}]},{"@type":"WebSite","@id":"https:\/\/ladante.fr\/paris\/#website","url":"https:\/\/ladante.fr\/paris\/","name":"La Dante - Comit\u00e9 de Paris","description":"","potentialAction":[{"@type":"SearchAction","target":{"@type":"EntryPoint","urlTemplate":"https:\/\/ladante.fr\/paris\/?s={search_term_string}"},"query-input":"required name=search_term_string"}],"inLanguage":"fr-FR"},{"@type":"Person","@id":"https:\/\/ladante.fr\/paris\/#\/schema\/person\/68aed266df313cfba1339a72069dd605","name":"Mirko Venturi","image":{"@type":"ImageObject","inLanguage":"fr-FR","@id":"https:\/\/ladante.fr\/paris\/#\/schema\/person\/image\/","url":"https:\/\/secure.gravatar.com\/avatar\/d317780d5a3bd99a39a42e8f53ffd443?s=96&d=mm&r=g","contentUrl":"https:\/\/secure.gravatar.com\/avatar\/d317780d5a3bd99a39a42e8f53ffd443?s=96&d=mm&r=g","caption":"Mirko Venturi"},"url":"https:\/\/ladante.fr\/paris\/author\/mirko\/"}]}},"_links":{"self":[{"href":"https:\/\/ladante.fr\/paris\/wp-json\/wp\/v2\/posts\/903"}],"collection":[{"href":"https:\/\/ladante.fr\/paris\/wp-json\/wp\/v2\/posts"}],"about":[{"href":"https:\/\/ladante.fr\/paris\/wp-json\/wp\/v2\/types\/post"}],"author":[{"embeddable":true,"href":"https:\/\/ladante.fr\/paris\/wp-json\/wp\/v2\/users\/4"}],"replies":[{"embeddable":true,"href":"https:\/\/ladante.fr\/paris\/wp-json\/wp\/v2\/comments?post=903"}],"version-history":[{"count":3,"href":"https:\/\/ladante.fr\/paris\/wp-json\/wp\/v2\/posts\/903\/revisions"}],"predecessor-version":[{"id":2077,"href":"https:\/\/ladante.fr\/paris\/wp-json\/wp\/v2\/posts\/903\/revisions\/2077"}],"wp:attachment":[{"href":"https:\/\/ladante.fr\/paris\/wp-json\/wp\/v2\/media?parent=903"}],"wp:term":[{"taxonomy":"category","embeddable":true,"href":"https:\/\/ladante.fr\/paris\/wp-json\/wp\/v2\/categories?post=903"},{"taxonomy":"post_tag","embeddable":true,"href":"https:\/\/ladante.fr\/paris\/wp-json\/wp\/v2\/tags?post=903"}],"curies":[{"name":"wp","href":"https:\/\/api.w.org\/{rel}","templated":true}]}}