{"id":908,"date":"2015-11-20T11:12:41","date_gmt":"2015-11-20T10:12:41","guid":{"rendered":"http:\/\/la-dante.fr\/?p=908"},"modified":"2018-02-10T16:45:41","modified_gmt":"2018-02-10T15:45:41","slug":"lhotel-de-galliffet-par-marina-valensise","status":"publish","type":"post","link":"https:\/\/ladante.fr\/paris\/lhotel-de-galliffet-par-marina-valensise\/","title":{"rendered":"L\u2019H\u00d4TEL DE GALLIFFET par Marina Valensise"},"content":{"rendered":"<h2 class=\"postheader\"><img class=\"aligncenter\" style=\"font-size: 16px;\" src=\"http:\/\/ladante.fr\/wp-content\/uploads\/2018\/01\/livre-valensise.png\" alt=\"L\u2019H\u00d4TEL DE GALLIFFET par Marina Valensise\" \/><\/h2>\n<h6 style=\"text-align: center; text-transform: uppercase;\">Sous le patronage de l&rsquo;Ambassade de France en Italie<\/h6>\n<h4 style=\"text-align: center; text-transform: uppercase;\">L\u2019H\u00d4TEL DE GALLIFFET<br \/>\npar Marina Valensise<\/h4>\n<h6 style=\"text-align: center;\">Directrice de l\u2019Institut Italien de Culture de Paris<\/h6>\n<h6 style=\"text-align: center;\"><em>Skira 2015, \u00e9dition bilingue, illustr\u00e9e par Guy Bouchet<\/em><\/h6>\n<h6 style=\"text-align: center; text-transform: uppercase;\">Interventions<\/h6>\n<p style=\"text-align: center;\"><strong>Michele Canonica,<\/strong>\u00a0Pr\u00e9sident de la Societ\u00e0 Dante Alighieri &#8211; Comit\u00e9 de Paris<br \/>\n<strong>Daria Galateria,<\/strong>\u00a0Sp\u00e9cialiste d\u2019Etudes fran\u00e7aises<\/p>\n<p style=\"text-align: center;\"><em>Histoire et d\u00e9coration int\u00e9rieure de cet h\u00f4tel particulier du XVIIIe si\u00e8cle, au c\u0153ur du faubourg Saint-Germain, cabinet de travail de Talleyrand entre 1797 et 1807, Ambassade d&rsquo;Italie pendant plusieurs d\u00e9cennies, jusqu&rsquo;\u00e0 l&rsquo;ann\u00e9e 1938.<\/em><\/p>\n<p style=\"text-align: center;\">Interview de Marina Valensise \u00e0 d\u00e9couvrir sur le site :\u00a0<a href=\"http:\/\/italieendirect.italieaparis.net\/\" target=\"_blank\" rel=\"noopener\">italieendirect.italieaparis.net<\/a><\/p>\n<div class=\"invito\" style=\"text-align: center;\"><span class=\"wf_file jcepopup noicon\"><img class=\"wf_file_icon\" src=\"http:\/\/ladante.fr\/wp-content\/uploads\/2018\/02\/pdf-1-e1517829938664.png\" alt=\"pdf\" \/><\/span><a class=\"wf_file jcepopup noicon\" title=\"L\u2019H\u00d4TEL DE GALLIFFET par Marina Valensise\" href=\"http:\/\/ladante.fr\/wp-content\/uploads\/2018\/02\/2015.12.22_Invitation-Galliffet.pdf\" target=\"_blank\" rel=\"noopener\"><span class=\"wf_file jcepopup noicon\"><span class=\"wf_file\"><span class=\"wf_file_text\">T\u00e9l\u00e9charger l&rsquo;invitation<\/span><\/span><\/span><\/a><\/div>\n<p style=\"text-align: center;\"><strong>Mardi 22 d\u00e9cembre 2015, \u00e0 18h00<\/strong><br \/>\nSociet\u00e0 Dante Alighieri &#8211; Sede Centrale<br \/>\nGalleria del Primaticcio &#8211; Palazzo Firenze<br \/>\nPiazza Firenze, 27<br \/>\n00186 Roma<\/p>\n","protected":false},"excerpt":{"rendered":"<p>Sous le patronage de l&rsquo;Ambassade de France en Italie L\u2019H\u00d4TEL DE GALLIFFET par Marina Valensise Directrice de l\u2019Institut Italien de Culture de Paris Skira 2015, \u00e9dition bilingue, illustr\u00e9e par Guy Bouchet Interventions Michele Canonica,\u00a0Pr\u00e9sident de la Societ\u00e0 Dante Alighieri &#8211; Comit\u00e9 de Paris Daria Galateria,\u00a0Sp\u00e9cialiste d\u2019Etudes fran\u00e7aises Histoire et d\u00e9coration int\u00e9rieure de cet h\u00f4tel particulier [&hellip;]<\/p>\n","protected":false},"author":4,"featured_media":0,"comment_status":"open","ping_status":"open","sticky":false,"template":"","format":"image","meta":{"disable_featured_image":false,"_themeisle_gutenberg_block_has_review":false},"categories":[6],"tags":[],"yoast_head":"<!-- This site is optimized with the Yoast SEO plugin v20.1 - https:\/\/yoast.com\/wordpress\/plugins\/seo\/ -->\n<title>L\u2019H\u00d4TEL DE GALLIFFET par Marina Valensise - La Dante - Comit\u00e9 de Paris<\/title>\n<meta name=\"robots\" content=\"index, follow, max-snippet:-1, max-image-preview:large, max-video-preview:-1\" \/>\n<link rel=\"canonical\" href=\"https:\/\/ladante.fr\/paris\/lhotel-de-galliffet-par-marina-valensise\/\" \/>\n<meta property=\"og:locale\" content=\"fr_FR\" \/>\n<meta property=\"og:type\" content=\"article\" \/>\n<meta property=\"og:title\" content=\"L\u2019H\u00d4TEL DE GALLIFFET par Marina Valensise - La Dante - Comit\u00e9 de Paris\" \/>\n<meta property=\"og:description\" content=\"Sous le patronage de l&rsquo;Ambassade de France en Italie L\u2019H\u00d4TEL DE GALLIFFET par Marina Valensise Directrice de l\u2019Institut Italien de Culture de Paris Skira 2015, \u00e9dition bilingue, illustr\u00e9e par Guy Bouchet Interventions Michele Canonica,\u00a0Pr\u00e9sident de la Societ\u00e0 Dante Alighieri &#8211; Comit\u00e9 de Paris Daria Galateria,\u00a0Sp\u00e9cialiste d\u2019Etudes fran\u00e7aises Histoire et d\u00e9coration int\u00e9rieure de cet h\u00f4tel particulier [&hellip;]\" \/>\n<meta property=\"og:url\" content=\"https:\/\/ladante.fr\/paris\/lhotel-de-galliffet-par-marina-valensise\/\" \/>\n<meta property=\"og:site_name\" content=\"La Dante - Comit\u00e9 de Paris\" \/>\n<meta property=\"article:published_time\" content=\"2015-11-20T10:12:41+00:00\" \/>\n<meta property=\"article:modified_time\" content=\"2018-02-10T15:45:41+00:00\" \/>\n<meta property=\"og:image\" content=\"http:\/\/ladante.fr\/wp-content\/uploads\/2018\/01\/livre-valensise.png\" \/>\n<meta name=\"author\" content=\"Mirko Venturi\" \/>\n<meta name=\"twitter:card\" content=\"summary_large_image\" \/>\n<meta name=\"twitter:label1\" content=\"\u00c9crit par\" \/>\n\t<meta name=\"twitter:data1\" content=\"Mirko Venturi\" \/>\n\t<meta name=\"twitter:label2\" content=\"Dur\u00e9e de lecture estim\u00e9e\" \/>\n\t<meta name=\"twitter:data2\" content=\"1 minute\" \/>\n<script type=\"application\/ld+json\" class=\"yoast-schema-graph\">{\"@context\":\"https:\/\/schema.org\",\"@graph\":[{\"@type\":\"WebPage\",\"@id\":\"https:\/\/ladante.fr\/paris\/lhotel-de-galliffet-par-marina-valensise\/\",\"url\":\"https:\/\/ladante.fr\/paris\/lhotel-de-galliffet-par-marina-valensise\/\",\"name\":\"L\u2019H\u00d4TEL DE GALLIFFET par Marina Valensise - La Dante - Comit\u00e9 de Paris\",\"isPartOf\":{\"@id\":\"https:\/\/ladante.fr\/paris\/#website\"},\"datePublished\":\"2015-11-20T10:12:41+00:00\",\"dateModified\":\"2018-02-10T15:45:41+00:00\",\"author\":{\"@id\":\"https:\/\/ladante.fr\/paris\/#\/schema\/person\/68aed266df313cfba1339a72069dd605\"},\"breadcrumb\":{\"@id\":\"https:\/\/ladante.fr\/paris\/lhotel-de-galliffet-par-marina-valensise\/#breadcrumb\"},\"inLanguage\":\"fr-FR\",\"potentialAction\":[{\"@type\":\"ReadAction\",\"target\":[\"https:\/\/ladante.fr\/paris\/lhotel-de-galliffet-par-marina-valensise\/\"]}]},{\"@type\":\"BreadcrumbList\",\"@id\":\"https:\/\/ladante.fr\/paris\/lhotel-de-galliffet-par-marina-valensise\/#breadcrumb\",\"itemListElement\":[{\"@type\":\"ListItem\",\"position\":1,\"name\":\"Accueil\",\"item\":\"https:\/\/ladante.fr\/paris\/\"},{\"@type\":\"ListItem\",\"position\":2,\"name\":\"L\u2019H\u00d4TEL DE GALLIFFET par Marina Valensise\"}]},{\"@type\":\"WebSite\",\"@id\":\"https:\/\/ladante.fr\/paris\/#website\",\"url\":\"https:\/\/ladante.fr\/paris\/\",\"name\":\"La Dante - Comit\u00e9 de Paris\",\"description\":\"\",\"potentialAction\":[{\"@type\":\"SearchAction\",\"target\":{\"@type\":\"EntryPoint\",\"urlTemplate\":\"https:\/\/ladante.fr\/paris\/?s={search_term_string}\"},\"query-input\":\"required name=search_term_string\"}],\"inLanguage\":\"fr-FR\"},{\"@type\":\"Person\",\"@id\":\"https:\/\/ladante.fr\/paris\/#\/schema\/person\/68aed266df313cfba1339a72069dd605\",\"name\":\"Mirko Venturi\",\"image\":{\"@type\":\"ImageObject\",\"inLanguage\":\"fr-FR\",\"@id\":\"https:\/\/ladante.fr\/paris\/#\/schema\/person\/image\/\",\"url\":\"https:\/\/secure.gravatar.com\/avatar\/d317780d5a3bd99a39a42e8f53ffd443?s=96&d=mm&r=g\",\"contentUrl\":\"https:\/\/secure.gravatar.com\/avatar\/d317780d5a3bd99a39a42e8f53ffd443?s=96&d=mm&r=g\",\"caption\":\"Mirko Venturi\"},\"url\":\"https:\/\/ladante.fr\/paris\/author\/mirko\/\"}]}<\/script>\n<!-- \/ Yoast SEO plugin. -->","yoast_head_json":{"title":"L\u2019H\u00d4TEL DE GALLIFFET par Marina Valensise - La Dante - Comit\u00e9 de Paris","robots":{"index":"index","follow":"follow","max-snippet":"max-snippet:-1","max-image-preview":"max-image-preview:large","max-video-preview":"max-video-preview:-1"},"canonical":"https:\/\/ladante.fr\/paris\/lhotel-de-galliffet-par-marina-valensise\/","og_locale":"fr_FR","og_type":"article","og_title":"L\u2019H\u00d4TEL DE GALLIFFET par Marina Valensise - La Dante - Comit\u00e9 de Paris","og_description":"Sous le patronage de l&rsquo;Ambassade de France en Italie L\u2019H\u00d4TEL DE GALLIFFET par Marina Valensise Directrice de l\u2019Institut Italien de Culture de Paris Skira 2015, \u00e9dition bilingue, illustr\u00e9e par Guy Bouchet Interventions Michele Canonica,\u00a0Pr\u00e9sident de la Societ\u00e0 Dante Alighieri &#8211; Comit\u00e9 de Paris Daria Galateria,\u00a0Sp\u00e9cialiste d\u2019Etudes fran\u00e7aises Histoire et d\u00e9coration int\u00e9rieure de cet h\u00f4tel particulier [&hellip;]","og_url":"https:\/\/ladante.fr\/paris\/lhotel-de-galliffet-par-marina-valensise\/","og_site_name":"La Dante - Comit\u00e9 de Paris","article_published_time":"2015-11-20T10:12:41+00:00","article_modified_time":"2018-02-10T15:45:41+00:00","og_image":[{"url":"http:\/\/ladante.fr\/wp-content\/uploads\/2018\/01\/livre-valensise.png"}],"author":"Mirko Venturi","twitter_card":"summary_large_image","twitter_misc":{"\u00c9crit par":"Mirko Venturi","Dur\u00e9e de lecture estim\u00e9e":"1 minute"},"schema":{"@context":"https:\/\/schema.org","@graph":[{"@type":"WebPage","@id":"https:\/\/ladante.fr\/paris\/lhotel-de-galliffet-par-marina-valensise\/","url":"https:\/\/ladante.fr\/paris\/lhotel-de-galliffet-par-marina-valensise\/","name":"L\u2019H\u00d4TEL DE GALLIFFET par Marina Valensise - La Dante - Comit\u00e9 de Paris","isPartOf":{"@id":"https:\/\/ladante.fr\/paris\/#website"},"datePublished":"2015-11-20T10:12:41+00:00","dateModified":"2018-02-10T15:45:41+00:00","author":{"@id":"https:\/\/ladante.fr\/paris\/#\/schema\/person\/68aed266df313cfba1339a72069dd605"},"breadcrumb":{"@id":"https:\/\/ladante.fr\/paris\/lhotel-de-galliffet-par-marina-valensise\/#breadcrumb"},"inLanguage":"fr-FR","potentialAction":[{"@type":"ReadAction","target":["https:\/\/ladante.fr\/paris\/lhotel-de-galliffet-par-marina-valensise\/"]}]},{"@type":"BreadcrumbList","@id":"https:\/\/ladante.fr\/paris\/lhotel-de-galliffet-par-marina-valensise\/#breadcrumb","itemListElement":[{"@type":"ListItem","position":1,"name":"Accueil","item":"https:\/\/ladante.fr\/paris\/"},{"@type":"ListItem","position":2,"name":"L\u2019H\u00d4TEL DE GALLIFFET par Marina Valensise"}]},{"@type":"WebSite","@id":"https:\/\/ladante.fr\/paris\/#website","url":"https:\/\/ladante.fr\/paris\/","name":"La Dante - Comit\u00e9 de Paris","description":"","potentialAction":[{"@type":"SearchAction","target":{"@type":"EntryPoint","urlTemplate":"https:\/\/ladante.fr\/paris\/?s={search_term_string}"},"query-input":"required name=search_term_string"}],"inLanguage":"fr-FR"},{"@type":"Person","@id":"https:\/\/ladante.fr\/paris\/#\/schema\/person\/68aed266df313cfba1339a72069dd605","name":"Mirko Venturi","image":{"@type":"ImageObject","inLanguage":"fr-FR","@id":"https:\/\/ladante.fr\/paris\/#\/schema\/person\/image\/","url":"https:\/\/secure.gravatar.com\/avatar\/d317780d5a3bd99a39a42e8f53ffd443?s=96&d=mm&r=g","contentUrl":"https:\/\/secure.gravatar.com\/avatar\/d317780d5a3bd99a39a42e8f53ffd443?s=96&d=mm&r=g","caption":"Mirko Venturi"},"url":"https:\/\/ladante.fr\/paris\/author\/mirko\/"}]}},"_links":{"self":[{"href":"https:\/\/ladante.fr\/paris\/wp-json\/wp\/v2\/posts\/908"}],"collection":[{"href":"https:\/\/ladante.fr\/paris\/wp-json\/wp\/v2\/posts"}],"about":[{"href":"https:\/\/ladante.fr\/paris\/wp-json\/wp\/v2\/types\/post"}],"author":[{"embeddable":true,"href":"https:\/\/ladante.fr\/paris\/wp-json\/wp\/v2\/users\/4"}],"replies":[{"embeddable":true,"href":"https:\/\/ladante.fr\/paris\/wp-json\/wp\/v2\/comments?post=908"}],"version-history":[{"count":3,"href":"https:\/\/ladante.fr\/paris\/wp-json\/wp\/v2\/posts\/908\/revisions"}],"predecessor-version":[{"id":2089,"href":"https:\/\/ladante.fr\/paris\/wp-json\/wp\/v2\/posts\/908\/revisions\/2089"}],"wp:attachment":[{"href":"https:\/\/ladante.fr\/paris\/wp-json\/wp\/v2\/media?parent=908"}],"wp:term":[{"taxonomy":"category","embeddable":true,"href":"https:\/\/ladante.fr\/paris\/wp-json\/wp\/v2\/categories?post=908"},{"taxonomy":"post_tag","embeddable":true,"href":"https:\/\/ladante.fr\/paris\/wp-json\/wp\/v2\/tags?post=908"}],"curies":[{"name":"wp","href":"https:\/\/api.w.org\/{rel}","templated":true}]}}