{"id":920,"date":"2015-10-15T11:28:19","date_gmt":"2015-10-15T09:28:19","guid":{"rendered":"http:\/\/la-dante.fr\/?p=920"},"modified":"2018-02-10T16:51:19","modified_gmt":"2018-02-10T15:51:19","slug":"personnages-et-lieux-du-risorgimento-a-paris","status":"publish","type":"post","link":"https:\/\/ladante.fr\/paris\/personnages-et-lieux-du-risorgimento-a-paris\/","title":{"rendered":"PERSONNAGES ET LIEUX DU RISORGIMENTO \u00c0 PARIS"},"content":{"rendered":"<h2 class=\"postheader\" style=\"text-align: center;\"><img style=\"font-size: 16px;\" src=\"http:\/\/ladante.fr\/wp-content\/uploads\/2018\/02\/massimo-nava.png\" alt=\"PERSONNAGES ET LIEUX DU RISORGIMENTO \u00c0 PARIS\" \/><\/h2>\n<h4 style=\"text-align: center; text-transform: uppercase;\">PERSONNAGES ET LIEUX DU RISORGIMENTO \u00c0 PARIS<br \/>\nLes fr\u00e8res Bixio et les rapports historiques et culturels entre la France et l\u2019Italie<\/h4>\n<h6 style=\"text-align: center;\">Massimo Nava<\/h6>\n<h6 style=\"text-align: center;\">\u00c9ditorialiste, depuis Paris, du Corriere della Sera<br \/>\nAuteur de l\u2019ouvrage<\/h6>\n<h6 style=\"text-align: center;\"><em>La gloria \u00e8 il sole dei morti<\/em>\u00a0(Ponte alle Grazie, Milan)<\/h6>\n<h6 style=\"text-align: center; text-transform: uppercase;\">Interventions<\/h6>\n<p style=\"text-align: center;\"><strong>Michele Canonica,<\/strong>\u00a0Pr\u00e9sident de la Societ\u00e0 Dante Alighieri &#8211; Comit\u00e9 de Paris<br \/>\n<strong>Romano Ferrari,<\/strong>\u00a0Pr\u00e9sident du FAI France<br \/>\n<strong>Roberto Giacone,<\/strong>\u00a0Directeur de la Maison de l\u2019Italie \u00e0 Paris<\/p>\n<h6 style=\"text-align: center; text-transform: uppercase;\">Et la participation d\u2019\u00e9l\u00e8ves des cours de la Dante de Paris<\/h6>\n<p style=\"text-align: justify;\"><em>Trois fr\u00e8res, trois destins dans des pays diff\u00e9rents et pourtant un m\u00eame amour pour l\u2019Italie. En parcourant les lieux parisiens du Risorgimento italien, les liens entre ces trois fr\u00e8res et entre la France et l\u2019Italie, Massimo Nava nous offre une vision historique et culturelle de la fin du XIX\u00e8me si\u00e8cle.<\/em><\/p>\n<div class=\"invito\" style=\"text-align: center;\"><span class=\"wf_file jcepopup noicon\"><img class=\"wf_file_icon\" src=\"http:\/\/ladante.fr\/wp-content\/uploads\/2018\/02\/pdf-1-e1517829938664.png\" alt=\"pdf\" \/><\/span><a class=\"wf_file jcepopup noicon\" title=\"PERSONNAGES ET LIEUX DU RISORGIMENTO \u00c0 PARIS\" href=\"http:\/\/ladante.fr\/wp-content\/uploads\/2018\/01\/2015.11.12_Programme-Risorgimento.pdf\" target=\"_blank\" rel=\"noopener\"><span class=\"wf_file jcepopup noicon\"><span class=\"wf_file\"><span class=\"wf_file_text\">T\u00e9l\u00e9charger le programme<\/span><\/span><\/span><\/a><\/div>\n<div class=\"invito\" style=\"text-align: center;\"><span class=\"wf_file jcepopup noicon\"><img class=\"wf_file_icon\" src=\"http:\/\/ladante.fr\/wp-content\/uploads\/2018\/02\/pdf-1-e1517829938664.png\" alt=\"pdf\" \/><\/span><a class=\"wf_file jcepopup noicon\" title=\"PERSONNAGES ET LIEUX DU RISORGIMENTO \u00c0 PARIS\" href=\"http:\/\/ladante.fr\/wp-content\/uploads\/2018\/02\/2015.11.12_Invitation_Nava.pdf\" target=\"_blank\" rel=\"noopener\"><span class=\"wf_file jcepopup noicon\"><span class=\"wf_file\"><span class=\"wf_file_text\">T\u00e9l\u00e9charger l&rsquo;invitation<\/span><\/span><\/span><\/a><\/div>\n<p style=\"text-align: center;\"><strong>Entr\u00e9e libre dans la limite des places disponibles<\/strong><\/p>\n<p style=\"text-align: center;\">RSVP :\u00a0<a href=\"mailto:maison.italie@wanadoo.fr\">maison.italie@wanadoo.fr<\/a><\/p>\n<p style=\"text-align: center;\"><strong>Jeudi 12 novembre 2015, \u00e0 18h30<\/strong><br \/>\nMaison de l\u2019Italie<br \/>\nCit\u00e9 Universitaire<br \/>\n7A Boulevard Jourdan<br \/>\n75014 Paris<\/p>\n","protected":false},"excerpt":{"rendered":"<p>PERSONNAGES ET LIEUX DU RISORGIMENTO \u00c0 PARIS Les fr\u00e8res Bixio et les rapports historiques et culturels entre la France et l\u2019Italie Massimo Nava \u00c9ditorialiste, depuis Paris, du Corriere della Sera Auteur de l\u2019ouvrage La gloria \u00e8 il sole dei morti\u00a0(Ponte alle Grazie, Milan) Interventions Michele Canonica,\u00a0Pr\u00e9sident de la Societ\u00e0 Dante Alighieri &#8211; Comit\u00e9 de Paris [&hellip;]<\/p>\n","protected":false},"author":4,"featured_media":0,"comment_status":"open","ping_status":"open","sticky":false,"template":"","format":"image","meta":{"disable_featured_image":false,"_themeisle_gutenberg_block_has_review":false},"categories":[6],"tags":[],"yoast_head":"<!-- This site is optimized with the Yoast SEO plugin v20.1 - https:\/\/yoast.com\/wordpress\/plugins\/seo\/ -->\n<title>PERSONNAGES ET LIEUX DU RISORGIMENTO \u00c0 PARIS - La Dante - Comit\u00e9 de Paris<\/title>\n<meta name=\"robots\" content=\"index, follow, max-snippet:-1, max-image-preview:large, max-video-preview:-1\" \/>\n<link rel=\"canonical\" href=\"https:\/\/ladante.fr\/paris\/personnages-et-lieux-du-risorgimento-a-paris\/\" \/>\n<meta property=\"og:locale\" content=\"fr_FR\" \/>\n<meta property=\"og:type\" content=\"article\" \/>\n<meta property=\"og:title\" content=\"PERSONNAGES ET LIEUX DU RISORGIMENTO \u00c0 PARIS - La Dante - Comit\u00e9 de Paris\" \/>\n<meta property=\"og:description\" content=\"PERSONNAGES ET LIEUX DU RISORGIMENTO \u00c0 PARIS Les fr\u00e8res Bixio et les rapports historiques et culturels entre la France et l\u2019Italie Massimo Nava \u00c9ditorialiste, depuis Paris, du Corriere della Sera Auteur de l\u2019ouvrage La gloria \u00e8 il sole dei morti\u00a0(Ponte alle Grazie, Milan) Interventions Michele Canonica,\u00a0Pr\u00e9sident de la Societ\u00e0 Dante Alighieri &#8211; Comit\u00e9 de Paris [&hellip;]\" \/>\n<meta property=\"og:url\" content=\"https:\/\/ladante.fr\/paris\/personnages-et-lieux-du-risorgimento-a-paris\/\" \/>\n<meta property=\"og:site_name\" content=\"La Dante - Comit\u00e9 de Paris\" \/>\n<meta property=\"article:published_time\" content=\"2015-10-15T09:28:19+00:00\" \/>\n<meta property=\"article:modified_time\" content=\"2018-02-10T15:51:19+00:00\" \/>\n<meta property=\"og:image\" content=\"http:\/\/ladante.fr\/wp-content\/uploads\/2018\/02\/massimo-nava.png\" \/>\n<meta name=\"author\" content=\"Mirko Venturi\" \/>\n<meta name=\"twitter:card\" content=\"summary_large_image\" \/>\n<meta name=\"twitter:label1\" content=\"\u00c9crit par\" \/>\n\t<meta name=\"twitter:data1\" content=\"Mirko Venturi\" \/>\n\t<meta name=\"twitter:label2\" content=\"Dur\u00e9e de lecture estim\u00e9e\" \/>\n\t<meta name=\"twitter:data2\" content=\"1 minute\" \/>\n<script type=\"application\/ld+json\" class=\"yoast-schema-graph\">{\"@context\":\"https:\/\/schema.org\",\"@graph\":[{\"@type\":\"WebPage\",\"@id\":\"https:\/\/ladante.fr\/paris\/personnages-et-lieux-du-risorgimento-a-paris\/\",\"url\":\"https:\/\/ladante.fr\/paris\/personnages-et-lieux-du-risorgimento-a-paris\/\",\"name\":\"PERSONNAGES ET LIEUX DU RISORGIMENTO \u00c0 PARIS - La Dante - Comit\u00e9 de Paris\",\"isPartOf\":{\"@id\":\"https:\/\/ladante.fr\/paris\/#website\"},\"datePublished\":\"2015-10-15T09:28:19+00:00\",\"dateModified\":\"2018-02-10T15:51:19+00:00\",\"author\":{\"@id\":\"https:\/\/ladante.fr\/paris\/#\/schema\/person\/68aed266df313cfba1339a72069dd605\"},\"breadcrumb\":{\"@id\":\"https:\/\/ladante.fr\/paris\/personnages-et-lieux-du-risorgimento-a-paris\/#breadcrumb\"},\"inLanguage\":\"fr-FR\",\"potentialAction\":[{\"@type\":\"ReadAction\",\"target\":[\"https:\/\/ladante.fr\/paris\/personnages-et-lieux-du-risorgimento-a-paris\/\"]}]},{\"@type\":\"BreadcrumbList\",\"@id\":\"https:\/\/ladante.fr\/paris\/personnages-et-lieux-du-risorgimento-a-paris\/#breadcrumb\",\"itemListElement\":[{\"@type\":\"ListItem\",\"position\":1,\"name\":\"Accueil\",\"item\":\"https:\/\/ladante.fr\/paris\/\"},{\"@type\":\"ListItem\",\"position\":2,\"name\":\"PERSONNAGES ET LIEUX DU RISORGIMENTO \u00c0 PARIS\"}]},{\"@type\":\"WebSite\",\"@id\":\"https:\/\/ladante.fr\/paris\/#website\",\"url\":\"https:\/\/ladante.fr\/paris\/\",\"name\":\"La Dante - Comit\u00e9 de Paris\",\"description\":\"\",\"potentialAction\":[{\"@type\":\"SearchAction\",\"target\":{\"@type\":\"EntryPoint\",\"urlTemplate\":\"https:\/\/ladante.fr\/paris\/?s={search_term_string}\"},\"query-input\":\"required name=search_term_string\"}],\"inLanguage\":\"fr-FR\"},{\"@type\":\"Person\",\"@id\":\"https:\/\/ladante.fr\/paris\/#\/schema\/person\/68aed266df313cfba1339a72069dd605\",\"name\":\"Mirko Venturi\",\"image\":{\"@type\":\"ImageObject\",\"inLanguage\":\"fr-FR\",\"@id\":\"https:\/\/ladante.fr\/paris\/#\/schema\/person\/image\/\",\"url\":\"https:\/\/secure.gravatar.com\/avatar\/d317780d5a3bd99a39a42e8f53ffd443?s=96&d=mm&r=g\",\"contentUrl\":\"https:\/\/secure.gravatar.com\/avatar\/d317780d5a3bd99a39a42e8f53ffd443?s=96&d=mm&r=g\",\"caption\":\"Mirko Venturi\"},\"url\":\"https:\/\/ladante.fr\/paris\/author\/mirko\/\"}]}<\/script>\n<!-- \/ Yoast SEO plugin. -->","yoast_head_json":{"title":"PERSONNAGES ET LIEUX DU RISORGIMENTO \u00c0 PARIS - La Dante - Comit\u00e9 de Paris","robots":{"index":"index","follow":"follow","max-snippet":"max-snippet:-1","max-image-preview":"max-image-preview:large","max-video-preview":"max-video-preview:-1"},"canonical":"https:\/\/ladante.fr\/paris\/personnages-et-lieux-du-risorgimento-a-paris\/","og_locale":"fr_FR","og_type":"article","og_title":"PERSONNAGES ET LIEUX DU RISORGIMENTO \u00c0 PARIS - La Dante - Comit\u00e9 de Paris","og_description":"PERSONNAGES ET LIEUX DU RISORGIMENTO \u00c0 PARIS Les fr\u00e8res Bixio et les rapports historiques et culturels entre la France et l\u2019Italie Massimo Nava \u00c9ditorialiste, depuis Paris, du Corriere della Sera Auteur de l\u2019ouvrage La gloria \u00e8 il sole dei morti\u00a0(Ponte alle Grazie, Milan) Interventions Michele Canonica,\u00a0Pr\u00e9sident de la Societ\u00e0 Dante Alighieri &#8211; Comit\u00e9 de Paris [&hellip;]","og_url":"https:\/\/ladante.fr\/paris\/personnages-et-lieux-du-risorgimento-a-paris\/","og_site_name":"La Dante - Comit\u00e9 de Paris","article_published_time":"2015-10-15T09:28:19+00:00","article_modified_time":"2018-02-10T15:51:19+00:00","og_image":[{"url":"http:\/\/ladante.fr\/wp-content\/uploads\/2018\/02\/massimo-nava.png"}],"author":"Mirko Venturi","twitter_card":"summary_large_image","twitter_misc":{"\u00c9crit par":"Mirko Venturi","Dur\u00e9e de lecture estim\u00e9e":"1 minute"},"schema":{"@context":"https:\/\/schema.org","@graph":[{"@type":"WebPage","@id":"https:\/\/ladante.fr\/paris\/personnages-et-lieux-du-risorgimento-a-paris\/","url":"https:\/\/ladante.fr\/paris\/personnages-et-lieux-du-risorgimento-a-paris\/","name":"PERSONNAGES ET LIEUX DU RISORGIMENTO \u00c0 PARIS - La Dante - Comit\u00e9 de Paris","isPartOf":{"@id":"https:\/\/ladante.fr\/paris\/#website"},"datePublished":"2015-10-15T09:28:19+00:00","dateModified":"2018-02-10T15:51:19+00:00","author":{"@id":"https:\/\/ladante.fr\/paris\/#\/schema\/person\/68aed266df313cfba1339a72069dd605"},"breadcrumb":{"@id":"https:\/\/ladante.fr\/paris\/personnages-et-lieux-du-risorgimento-a-paris\/#breadcrumb"},"inLanguage":"fr-FR","potentialAction":[{"@type":"ReadAction","target":["https:\/\/ladante.fr\/paris\/personnages-et-lieux-du-risorgimento-a-paris\/"]}]},{"@type":"BreadcrumbList","@id":"https:\/\/ladante.fr\/paris\/personnages-et-lieux-du-risorgimento-a-paris\/#breadcrumb","itemListElement":[{"@type":"ListItem","position":1,"name":"Accueil","item":"https:\/\/ladante.fr\/paris\/"},{"@type":"ListItem","position":2,"name":"PERSONNAGES ET LIEUX DU RISORGIMENTO \u00c0 PARIS"}]},{"@type":"WebSite","@id":"https:\/\/ladante.fr\/paris\/#website","url":"https:\/\/ladante.fr\/paris\/","name":"La Dante - Comit\u00e9 de Paris","description":"","potentialAction":[{"@type":"SearchAction","target":{"@type":"EntryPoint","urlTemplate":"https:\/\/ladante.fr\/paris\/?s={search_term_string}"},"query-input":"required name=search_term_string"}],"inLanguage":"fr-FR"},{"@type":"Person","@id":"https:\/\/ladante.fr\/paris\/#\/schema\/person\/68aed266df313cfba1339a72069dd605","name":"Mirko Venturi","image":{"@type":"ImageObject","inLanguage":"fr-FR","@id":"https:\/\/ladante.fr\/paris\/#\/schema\/person\/image\/","url":"https:\/\/secure.gravatar.com\/avatar\/d317780d5a3bd99a39a42e8f53ffd443?s=96&d=mm&r=g","contentUrl":"https:\/\/secure.gravatar.com\/avatar\/d317780d5a3bd99a39a42e8f53ffd443?s=96&d=mm&r=g","caption":"Mirko Venturi"},"url":"https:\/\/ladante.fr\/paris\/author\/mirko\/"}]}},"_links":{"self":[{"href":"https:\/\/ladante.fr\/paris\/wp-json\/wp\/v2\/posts\/920"}],"collection":[{"href":"https:\/\/ladante.fr\/paris\/wp-json\/wp\/v2\/posts"}],"about":[{"href":"https:\/\/ladante.fr\/paris\/wp-json\/wp\/v2\/types\/post"}],"author":[{"embeddable":true,"href":"https:\/\/ladante.fr\/paris\/wp-json\/wp\/v2\/users\/4"}],"replies":[{"embeddable":true,"href":"https:\/\/ladante.fr\/paris\/wp-json\/wp\/v2\/comments?post=920"}],"version-history":[{"count":3,"href":"https:\/\/ladante.fr\/paris\/wp-json\/wp\/v2\/posts\/920\/revisions"}],"predecessor-version":[{"id":2093,"href":"https:\/\/ladante.fr\/paris\/wp-json\/wp\/v2\/posts\/920\/revisions\/2093"}],"wp:attachment":[{"href":"https:\/\/ladante.fr\/paris\/wp-json\/wp\/v2\/media?parent=920"}],"wp:term":[{"taxonomy":"category","embeddable":true,"href":"https:\/\/ladante.fr\/paris\/wp-json\/wp\/v2\/categories?post=920"},{"taxonomy":"post_tag","embeddable":true,"href":"https:\/\/ladante.fr\/paris\/wp-json\/wp\/v2\/tags?post=920"}],"curies":[{"name":"wp","href":"https:\/\/api.w.org\/{rel}","templated":true}]}}