{"id":926,"date":"2015-09-28T15:34:33","date_gmt":"2015-09-28T13:34:33","guid":{"rendered":"http:\/\/la-dante.fr\/?p=926"},"modified":"2018-02-10T16:52:29","modified_gmt":"2018-02-10T15:52:29","slug":"franco-mancuso-venise-est-une-ville","status":"publish","type":"post","link":"https:\/\/ladante.fr\/paris\/franco-mancuso-venise-est-une-ville\/","title":{"rendered":"Franco Mancuso &#8211; VENISE EST UNE VILLE"},"content":{"rendered":"<h2 class=\"postheader\" style=\"text-align: center;\"><img style=\"font-size: 16px;\" src=\"http:\/\/ladante.fr\/wp-content\/uploads\/2018\/01\/venise.png\" alt=\"Franco Mancuso - VENISE EST UNE VILLE\" \/><\/h2>\n<h4 style=\"text-align: center; text-transform: uppercase;\">VENISE EST UNE VILLE<br \/>\nde Franco Mancuso<\/h4>\n<h6 style=\"text-align: center;\">\u00c9ditions de la revue Conf\u00e9rence, 2015<\/h6>\n<h6 style=\"text-align: center; text-transform: uppercase;\">Interventions<\/h6>\n<p style=\"text-align: center;\"><strong>Franco Mancuso<\/strong>, Architecte et urbaniste, auteur de l\u2019ouvrage<\/p>\n<h6 style=\"text-align: center; text-transform: uppercase;\">En pr\u00e9sence de<\/h6>\n<p style=\"text-align: center;\"><strong>Michele Canonica<\/strong>, Pr\u00e9sident Societ\u00e0 Dante Alighieri &#8211; Comit\u00e9 de Paris<br \/>\n<strong>Christophe Carraud<\/strong>, Editeur et traducteur de l\u2019ouvrage<\/p>\n<p style=\"text-align: justify;\"><em>Franco Mancuso, \u00e0 l\u2019aide de plus de 800 illustrations, de photographies a\u00e9riennes et de documents, nous raconte comment Venise s\u2019invente au gr\u00e9 de difficult\u00e9s techniques li\u00e9es \u00e0 l\u2019eau et aux mar\u00e9es. Un ouvrage d\u2019exploration urbaine dans une Venise entre tradition architecturale et port industriel, qui tente de garder sa dimension humaine.<\/em><\/p>\n<div class=\"invito\" style=\"text-align: center;\"><span class=\"wf_file jcepopup noicon\"><img class=\"wf_file_icon\" src=\"http:\/\/ladante.fr\/wp-content\/uploads\/2018\/02\/pdf-1-e1517829938664.png\" alt=\"pdf\" \/><\/span><a class=\"wf_file jcepopup noicon\" title=\"CABANES EN PIERRE S\u00c8CHE d\u2019Istrie et du Karst\" href=\"http:\/\/ladante.fr\/wp-content\/uploads\/2018\/01\/2015.10.22_Invitation_Mancuso-Venise.pdf\" target=\"_blank\" rel=\"noopener\"><span class=\"wf_file jcepopup noicon\"><span class=\"wf_file\"><span class=\"wf_file_text\">T\u00e9l\u00e9charger invitation<\/span><\/span><\/span><\/a><\/div>\n<p style=\"text-align: center;\"><strong>Jeudi 22 octobre 2015, \u00e0 19h<\/strong><\/p>\n<p style=\"text-align: center;\">LA LIBRERIA<br \/>\n89 rue du Faubourg Poissonni\u00e8re<br \/>\n75009 Paris<\/p>\n","protected":false},"excerpt":{"rendered":"<p>VENISE EST UNE VILLE de Franco Mancuso \u00c9ditions de la revue Conf\u00e9rence, 2015 Interventions Franco Mancuso, Architecte et urbaniste, auteur de l\u2019ouvrage En pr\u00e9sence de Michele Canonica, Pr\u00e9sident Societ\u00e0 Dante Alighieri &#8211; Comit\u00e9 de Paris Christophe Carraud, Editeur et traducteur de l\u2019ouvrage Franco Mancuso, \u00e0 l\u2019aide de plus de 800 illustrations, de photographies a\u00e9riennes et [&hellip;]<\/p>\n","protected":false},"author":4,"featured_media":0,"comment_status":"open","ping_status":"open","sticky":false,"template":"","format":"image","meta":{"disable_featured_image":false,"_themeisle_gutenberg_block_has_review":false},"categories":[6],"tags":[],"yoast_head":"<!-- This site is optimized with the Yoast SEO plugin v20.1 - https:\/\/yoast.com\/wordpress\/plugins\/seo\/ -->\n<title>Franco Mancuso - VENISE EST UNE VILLE - La Dante - Comit\u00e9 de Paris<\/title>\n<meta name=\"robots\" content=\"index, follow, max-snippet:-1, max-image-preview:large, max-video-preview:-1\" \/>\n<link rel=\"canonical\" href=\"https:\/\/ladante.fr\/paris\/franco-mancuso-venise-est-une-ville\/\" \/>\n<meta property=\"og:locale\" content=\"fr_FR\" \/>\n<meta property=\"og:type\" content=\"article\" \/>\n<meta property=\"og:title\" content=\"Franco Mancuso - VENISE EST UNE VILLE - La Dante - Comit\u00e9 de Paris\" \/>\n<meta property=\"og:description\" content=\"VENISE EST UNE VILLE de Franco Mancuso \u00c9ditions de la revue Conf\u00e9rence, 2015 Interventions Franco Mancuso, Architecte et urbaniste, auteur de l\u2019ouvrage En pr\u00e9sence de Michele Canonica, Pr\u00e9sident Societ\u00e0 Dante Alighieri &#8211; Comit\u00e9 de Paris Christophe Carraud, Editeur et traducteur de l\u2019ouvrage Franco Mancuso, \u00e0 l\u2019aide de plus de 800 illustrations, de photographies a\u00e9riennes et [&hellip;]\" \/>\n<meta property=\"og:url\" content=\"https:\/\/ladante.fr\/paris\/franco-mancuso-venise-est-une-ville\/\" \/>\n<meta property=\"og:site_name\" content=\"La Dante - Comit\u00e9 de Paris\" \/>\n<meta property=\"article:published_time\" content=\"2015-09-28T13:34:33+00:00\" \/>\n<meta property=\"article:modified_time\" content=\"2018-02-10T15:52:29+00:00\" \/>\n<meta property=\"og:image\" content=\"http:\/\/ladante.fr\/wp-content\/uploads\/2018\/01\/venise.png\" \/>\n<meta name=\"author\" content=\"Mirko Venturi\" \/>\n<meta name=\"twitter:card\" content=\"summary_large_image\" \/>\n<meta name=\"twitter:label1\" content=\"\u00c9crit par\" \/>\n\t<meta name=\"twitter:data1\" content=\"Mirko Venturi\" \/>\n\t<meta name=\"twitter:label2\" content=\"Dur\u00e9e de lecture estim\u00e9e\" \/>\n\t<meta name=\"twitter:data2\" content=\"1 minute\" \/>\n<script type=\"application\/ld+json\" class=\"yoast-schema-graph\">{\"@context\":\"https:\/\/schema.org\",\"@graph\":[{\"@type\":\"WebPage\",\"@id\":\"https:\/\/ladante.fr\/paris\/franco-mancuso-venise-est-une-ville\/\",\"url\":\"https:\/\/ladante.fr\/paris\/franco-mancuso-venise-est-une-ville\/\",\"name\":\"Franco Mancuso - VENISE EST UNE VILLE - La Dante - Comit\u00e9 de Paris\",\"isPartOf\":{\"@id\":\"https:\/\/ladante.fr\/paris\/#website\"},\"datePublished\":\"2015-09-28T13:34:33+00:00\",\"dateModified\":\"2018-02-10T15:52:29+00:00\",\"author\":{\"@id\":\"https:\/\/ladante.fr\/paris\/#\/schema\/person\/68aed266df313cfba1339a72069dd605\"},\"breadcrumb\":{\"@id\":\"https:\/\/ladante.fr\/paris\/franco-mancuso-venise-est-une-ville\/#breadcrumb\"},\"inLanguage\":\"fr-FR\",\"potentialAction\":[{\"@type\":\"ReadAction\",\"target\":[\"https:\/\/ladante.fr\/paris\/franco-mancuso-venise-est-une-ville\/\"]}]},{\"@type\":\"BreadcrumbList\",\"@id\":\"https:\/\/ladante.fr\/paris\/franco-mancuso-venise-est-une-ville\/#breadcrumb\",\"itemListElement\":[{\"@type\":\"ListItem\",\"position\":1,\"name\":\"Accueil\",\"item\":\"https:\/\/ladante.fr\/paris\/\"},{\"@type\":\"ListItem\",\"position\":2,\"name\":\"Franco Mancuso &#8211; VENISE EST UNE VILLE\"}]},{\"@type\":\"WebSite\",\"@id\":\"https:\/\/ladante.fr\/paris\/#website\",\"url\":\"https:\/\/ladante.fr\/paris\/\",\"name\":\"La Dante - Comit\u00e9 de Paris\",\"description\":\"\",\"potentialAction\":[{\"@type\":\"SearchAction\",\"target\":{\"@type\":\"EntryPoint\",\"urlTemplate\":\"https:\/\/ladante.fr\/paris\/?s={search_term_string}\"},\"query-input\":\"required name=search_term_string\"}],\"inLanguage\":\"fr-FR\"},{\"@type\":\"Person\",\"@id\":\"https:\/\/ladante.fr\/paris\/#\/schema\/person\/68aed266df313cfba1339a72069dd605\",\"name\":\"Mirko Venturi\",\"image\":{\"@type\":\"ImageObject\",\"inLanguage\":\"fr-FR\",\"@id\":\"https:\/\/ladante.fr\/paris\/#\/schema\/person\/image\/\",\"url\":\"https:\/\/secure.gravatar.com\/avatar\/d317780d5a3bd99a39a42e8f53ffd443?s=96&d=mm&r=g\",\"contentUrl\":\"https:\/\/secure.gravatar.com\/avatar\/d317780d5a3bd99a39a42e8f53ffd443?s=96&d=mm&r=g\",\"caption\":\"Mirko Venturi\"},\"url\":\"https:\/\/ladante.fr\/paris\/author\/mirko\/\"}]}<\/script>\n<!-- \/ Yoast SEO plugin. -->","yoast_head_json":{"title":"Franco Mancuso - VENISE EST UNE VILLE - La Dante - Comit\u00e9 de Paris","robots":{"index":"index","follow":"follow","max-snippet":"max-snippet:-1","max-image-preview":"max-image-preview:large","max-video-preview":"max-video-preview:-1"},"canonical":"https:\/\/ladante.fr\/paris\/franco-mancuso-venise-est-une-ville\/","og_locale":"fr_FR","og_type":"article","og_title":"Franco Mancuso - VENISE EST UNE VILLE - La Dante - Comit\u00e9 de Paris","og_description":"VENISE EST UNE VILLE de Franco Mancuso \u00c9ditions de la revue Conf\u00e9rence, 2015 Interventions Franco Mancuso, Architecte et urbaniste, auteur de l\u2019ouvrage En pr\u00e9sence de Michele Canonica, Pr\u00e9sident Societ\u00e0 Dante Alighieri &#8211; Comit\u00e9 de Paris Christophe Carraud, Editeur et traducteur de l\u2019ouvrage Franco Mancuso, \u00e0 l\u2019aide de plus de 800 illustrations, de photographies a\u00e9riennes et [&hellip;]","og_url":"https:\/\/ladante.fr\/paris\/franco-mancuso-venise-est-une-ville\/","og_site_name":"La Dante - Comit\u00e9 de Paris","article_published_time":"2015-09-28T13:34:33+00:00","article_modified_time":"2018-02-10T15:52:29+00:00","og_image":[{"url":"http:\/\/ladante.fr\/wp-content\/uploads\/2018\/01\/venise.png"}],"author":"Mirko Venturi","twitter_card":"summary_large_image","twitter_misc":{"\u00c9crit par":"Mirko Venturi","Dur\u00e9e de lecture estim\u00e9e":"1 minute"},"schema":{"@context":"https:\/\/schema.org","@graph":[{"@type":"WebPage","@id":"https:\/\/ladante.fr\/paris\/franco-mancuso-venise-est-une-ville\/","url":"https:\/\/ladante.fr\/paris\/franco-mancuso-venise-est-une-ville\/","name":"Franco Mancuso - VENISE EST UNE VILLE - La Dante - Comit\u00e9 de Paris","isPartOf":{"@id":"https:\/\/ladante.fr\/paris\/#website"},"datePublished":"2015-09-28T13:34:33+00:00","dateModified":"2018-02-10T15:52:29+00:00","author":{"@id":"https:\/\/ladante.fr\/paris\/#\/schema\/person\/68aed266df313cfba1339a72069dd605"},"breadcrumb":{"@id":"https:\/\/ladante.fr\/paris\/franco-mancuso-venise-est-une-ville\/#breadcrumb"},"inLanguage":"fr-FR","potentialAction":[{"@type":"ReadAction","target":["https:\/\/ladante.fr\/paris\/franco-mancuso-venise-est-une-ville\/"]}]},{"@type":"BreadcrumbList","@id":"https:\/\/ladante.fr\/paris\/franco-mancuso-venise-est-une-ville\/#breadcrumb","itemListElement":[{"@type":"ListItem","position":1,"name":"Accueil","item":"https:\/\/ladante.fr\/paris\/"},{"@type":"ListItem","position":2,"name":"Franco Mancuso &#8211; VENISE EST UNE VILLE"}]},{"@type":"WebSite","@id":"https:\/\/ladante.fr\/paris\/#website","url":"https:\/\/ladante.fr\/paris\/","name":"La Dante - Comit\u00e9 de Paris","description":"","potentialAction":[{"@type":"SearchAction","target":{"@type":"EntryPoint","urlTemplate":"https:\/\/ladante.fr\/paris\/?s={search_term_string}"},"query-input":"required name=search_term_string"}],"inLanguage":"fr-FR"},{"@type":"Person","@id":"https:\/\/ladante.fr\/paris\/#\/schema\/person\/68aed266df313cfba1339a72069dd605","name":"Mirko Venturi","image":{"@type":"ImageObject","inLanguage":"fr-FR","@id":"https:\/\/ladante.fr\/paris\/#\/schema\/person\/image\/","url":"https:\/\/secure.gravatar.com\/avatar\/d317780d5a3bd99a39a42e8f53ffd443?s=96&d=mm&r=g","contentUrl":"https:\/\/secure.gravatar.com\/avatar\/d317780d5a3bd99a39a42e8f53ffd443?s=96&d=mm&r=g","caption":"Mirko Venturi"},"url":"https:\/\/ladante.fr\/paris\/author\/mirko\/"}]}},"_links":{"self":[{"href":"https:\/\/ladante.fr\/paris\/wp-json\/wp\/v2\/posts\/926"}],"collection":[{"href":"https:\/\/ladante.fr\/paris\/wp-json\/wp\/v2\/posts"}],"about":[{"href":"https:\/\/ladante.fr\/paris\/wp-json\/wp\/v2\/types\/post"}],"author":[{"embeddable":true,"href":"https:\/\/ladante.fr\/paris\/wp-json\/wp\/v2\/users\/4"}],"replies":[{"embeddable":true,"href":"https:\/\/ladante.fr\/paris\/wp-json\/wp\/v2\/comments?post=926"}],"version-history":[{"count":2,"href":"https:\/\/ladante.fr\/paris\/wp-json\/wp\/v2\/posts\/926\/revisions"}],"predecessor-version":[{"id":2094,"href":"https:\/\/ladante.fr\/paris\/wp-json\/wp\/v2\/posts\/926\/revisions\/2094"}],"wp:attachment":[{"href":"https:\/\/ladante.fr\/paris\/wp-json\/wp\/v2\/media?parent=926"}],"wp:term":[{"taxonomy":"category","embeddable":true,"href":"https:\/\/ladante.fr\/paris\/wp-json\/wp\/v2\/categories?post=926"},{"taxonomy":"post_tag","embeddable":true,"href":"https:\/\/ladante.fr\/paris\/wp-json\/wp\/v2\/tags?post=926"}],"curies":[{"name":"wp","href":"https:\/\/api.w.org\/{rel}","templated":true}]}}