{"id":931,"date":"2015-09-28T11:43:09","date_gmt":"2015-09-28T09:43:09","guid":{"rendered":"http:\/\/la-dante.fr\/?p=931"},"modified":"2018-02-10T16:54:45","modified_gmt":"2018-02-10T15:54:45","slug":"les-liaisons-heureuses-2015-de-la-bottega-del-caffe-au-decameron","status":"publish","type":"post","link":"https:\/\/ladante.fr\/paris\/les-liaisons-heureuses-2015-de-la-bottega-del-caffe-au-decameron\/","title":{"rendered":"LES LIAISONS HEUREUSES 2015 &#8211; De la Bottega del Caff\u00e8 au Decameron"},"content":{"rendered":"<div class=\"postmetadataheader\" style=\"text-align: center;\">\n<div class=\"postheadericons metadata-icons\"><img src=\"http:\/\/ladante.fr\/wp-content\/uploads\/2018\/01\/lycee-italien-paris.png\" alt=\"LES LIAISONS HEUREUSES 2015 - De la Bottega del Caff\u00e8 au Decameron\" \/><\/div>\n<\/div>\n<h4 style=\"text-align: center; text-transform: uppercase;\">LES LIAISONS HEUREUSES 2015<br \/>\nDe la Bottega del Caff\u00e8 au Decameron<\/h4>\n<h6 style=\"text-align: center;\">Conception,\u00a0Maurizio Scaparro<br \/>\nResponsable artistique,\u00a0Ferdinando Ceriani<\/h6>\n<h6 style=\"text-align: center; text-transform: uppercase;\">Interventions<\/h6>\n<p style=\"text-align: center;\"><strong>Maurizio Scaparro,<\/strong>\u00a0Metteur en sc\u00e8ne<br \/>\n<strong>Vittorio Viviani,<\/strong>\u00a0Acteur<br \/>\n<strong>Moreno Cerquetelli,<\/strong>\u00a0Journaliste RaiTre<\/p>\n<h6 style=\"text-align: center; text-transform: uppercase;\">D\u00e9bat anim\u00e9 par<\/h6>\n<p style=\"text-align: center;\"><strong>Michele Canonica<\/strong>, Pr\u00e9sident de la Societ\u00e0 Dante Alighieri &#8211; Comit\u00e9 de Paris<\/p>\n<p style=\"text-align: justify;\"><em>Hommage \u00e0 la langue italienne, du th\u00e9\u00e2tre \u00e0 la litt\u00e9rature avec, pour point de d\u00e9part, la r\u00e9cente mise en sc\u00e8ne de La Bottega del Caff\u00e8 de Carlo Goldoni par Maurizio Scaparro pour l\u2019EXPO de Milan (pi\u00e8ce diffus\u00e9e prochainement sur le site de l\u2019Italie en Direct italieendirect.italieaparis.net). Moreno Cerquetelli (journaliste de RaiTre) en tracera les grandes lignes et \u00e9voquera les autres pi\u00e8ces de Goldoni mises en sc\u00e8ne par Scaparro. L\u2019acteur Vittorio Viviani saluera le public avec un hommage personnel et th\u00e9\u00e2tral au D\u00e9cam\u00e9ron de Boccace.<\/em><\/p>\n<div class=\"invito\" style=\"text-align: center;\"><span class=\"wf_file jcepopup noicon\"><img class=\"wf_file_icon\" src=\"http:\/\/ladante.fr\/wp-content\/uploads\/2018\/02\/pdf-1-e1517829938664.png\" alt=\"pdf\" \/><\/span><a class=\"wf_file jcepopup noicon\" title=\"LES LIAISONS HEUREUSES 2015 - De la Bottega del Caff\u00e8 au Decameron\" href=\"http:\/\/ladante.fr\/wp-content\/uploads\/2018\/01\/Liaisons-Heureuses_2015.pdf\" target=\"_blank\" rel=\"noopener\"><span class=\"wf_file jcepopup noicon\"><span class=\"wf_file\"><span class=\"wf_file_text\">T\u00e9l\u00e9charger le programme<\/span><\/span><\/span><\/a><\/div>\n<p style=\"text-align: center;\"><strong>Lundi 19 octobre 2015, \u00e0 18h<\/strong><br \/>\nLyc\u00e9e italien \u00ab\u00a0Leonardo da Vinci\u00a0\u00bb<br \/>\n12 bis rue S\u00e9dillot<br \/>\n75007 Paris<\/p>\n","protected":false},"excerpt":{"rendered":"<p>LES LIAISONS HEUREUSES 2015 De la Bottega del Caff\u00e8 au Decameron Conception,\u00a0Maurizio Scaparro Responsable artistique,\u00a0Ferdinando Ceriani Interventions Maurizio Scaparro,\u00a0Metteur en sc\u00e8ne Vittorio Viviani,\u00a0Acteur Moreno Cerquetelli,\u00a0Journaliste RaiTre D\u00e9bat anim\u00e9 par Michele Canonica, Pr\u00e9sident de la Societ\u00e0 Dante Alighieri &#8211; Comit\u00e9 de Paris Hommage \u00e0 la langue italienne, du th\u00e9\u00e2tre \u00e0 la litt\u00e9rature avec, pour point de [&hellip;]<\/p>\n","protected":false},"author":4,"featured_media":0,"comment_status":"open","ping_status":"open","sticky":false,"template":"","format":"image","meta":{"disable_featured_image":false,"_themeisle_gutenberg_block_has_review":false},"categories":[6],"tags":[],"yoast_head":"<!-- This site is optimized with the Yoast SEO plugin v20.1 - https:\/\/yoast.com\/wordpress\/plugins\/seo\/ -->\n<title>LES LIAISONS HEUREUSES 2015 - De la Bottega del Caff\u00e8 au Decameron - La Dante - Comit\u00e9 de Paris<\/title>\n<meta name=\"robots\" content=\"index, follow, max-snippet:-1, max-image-preview:large, max-video-preview:-1\" \/>\n<link rel=\"canonical\" href=\"https:\/\/ladante.fr\/paris\/les-liaisons-heureuses-2015-de-la-bottega-del-caffe-au-decameron\/\" \/>\n<meta property=\"og:locale\" content=\"fr_FR\" \/>\n<meta property=\"og:type\" content=\"article\" \/>\n<meta property=\"og:title\" content=\"LES LIAISONS HEUREUSES 2015 - De la Bottega del Caff\u00e8 au Decameron - La Dante - Comit\u00e9 de Paris\" \/>\n<meta property=\"og:description\" content=\"LES LIAISONS HEUREUSES 2015 De la Bottega del Caff\u00e8 au Decameron Conception,\u00a0Maurizio Scaparro Responsable artistique,\u00a0Ferdinando Ceriani Interventions Maurizio Scaparro,\u00a0Metteur en sc\u00e8ne Vittorio Viviani,\u00a0Acteur Moreno Cerquetelli,\u00a0Journaliste RaiTre D\u00e9bat anim\u00e9 par Michele Canonica, Pr\u00e9sident de la Societ\u00e0 Dante Alighieri &#8211; Comit\u00e9 de Paris Hommage \u00e0 la langue italienne, du th\u00e9\u00e2tre \u00e0 la litt\u00e9rature avec, pour point de [&hellip;]\" \/>\n<meta property=\"og:url\" content=\"https:\/\/ladante.fr\/paris\/les-liaisons-heureuses-2015-de-la-bottega-del-caffe-au-decameron\/\" \/>\n<meta property=\"og:site_name\" content=\"La Dante - Comit\u00e9 de Paris\" \/>\n<meta property=\"article:published_time\" content=\"2015-09-28T09:43:09+00:00\" \/>\n<meta property=\"article:modified_time\" content=\"2018-02-10T15:54:45+00:00\" \/>\n<meta property=\"og:image\" content=\"http:\/\/ladante.fr\/wp-content\/uploads\/2018\/01\/lycee-italien-paris.png\" \/>\n<meta name=\"author\" content=\"Mirko Venturi\" \/>\n<meta name=\"twitter:card\" content=\"summary_large_image\" \/>\n<meta name=\"twitter:label1\" content=\"\u00c9crit par\" \/>\n\t<meta name=\"twitter:data1\" content=\"Mirko Venturi\" \/>\n\t<meta name=\"twitter:label2\" content=\"Dur\u00e9e de lecture estim\u00e9e\" \/>\n\t<meta name=\"twitter:data2\" content=\"1 minute\" \/>\n<script type=\"application\/ld+json\" class=\"yoast-schema-graph\">{\"@context\":\"https:\/\/schema.org\",\"@graph\":[{\"@type\":\"WebPage\",\"@id\":\"https:\/\/ladante.fr\/paris\/les-liaisons-heureuses-2015-de-la-bottega-del-caffe-au-decameron\/\",\"url\":\"https:\/\/ladante.fr\/paris\/les-liaisons-heureuses-2015-de-la-bottega-del-caffe-au-decameron\/\",\"name\":\"LES LIAISONS HEUREUSES 2015 - De la Bottega del Caff\u00e8 au Decameron - La Dante - Comit\u00e9 de Paris\",\"isPartOf\":{\"@id\":\"https:\/\/ladante.fr\/paris\/#website\"},\"datePublished\":\"2015-09-28T09:43:09+00:00\",\"dateModified\":\"2018-02-10T15:54:45+00:00\",\"author\":{\"@id\":\"https:\/\/ladante.fr\/paris\/#\/schema\/person\/68aed266df313cfba1339a72069dd605\"},\"breadcrumb\":{\"@id\":\"https:\/\/ladante.fr\/paris\/les-liaisons-heureuses-2015-de-la-bottega-del-caffe-au-decameron\/#breadcrumb\"},\"inLanguage\":\"fr-FR\",\"potentialAction\":[{\"@type\":\"ReadAction\",\"target\":[\"https:\/\/ladante.fr\/paris\/les-liaisons-heureuses-2015-de-la-bottega-del-caffe-au-decameron\/\"]}]},{\"@type\":\"BreadcrumbList\",\"@id\":\"https:\/\/ladante.fr\/paris\/les-liaisons-heureuses-2015-de-la-bottega-del-caffe-au-decameron\/#breadcrumb\",\"itemListElement\":[{\"@type\":\"ListItem\",\"position\":1,\"name\":\"Accueil\",\"item\":\"https:\/\/ladante.fr\/paris\/\"},{\"@type\":\"ListItem\",\"position\":2,\"name\":\"LES LIAISONS HEUREUSES 2015 &#8211; De la Bottega del Caff\u00e8 au Decameron\"}]},{\"@type\":\"WebSite\",\"@id\":\"https:\/\/ladante.fr\/paris\/#website\",\"url\":\"https:\/\/ladante.fr\/paris\/\",\"name\":\"La Dante - Comit\u00e9 de Paris\",\"description\":\"\",\"potentialAction\":[{\"@type\":\"SearchAction\",\"target\":{\"@type\":\"EntryPoint\",\"urlTemplate\":\"https:\/\/ladante.fr\/paris\/?s={search_term_string}\"},\"query-input\":\"required name=search_term_string\"}],\"inLanguage\":\"fr-FR\"},{\"@type\":\"Person\",\"@id\":\"https:\/\/ladante.fr\/paris\/#\/schema\/person\/68aed266df313cfba1339a72069dd605\",\"name\":\"Mirko Venturi\",\"image\":{\"@type\":\"ImageObject\",\"inLanguage\":\"fr-FR\",\"@id\":\"https:\/\/ladante.fr\/paris\/#\/schema\/person\/image\/\",\"url\":\"https:\/\/secure.gravatar.com\/avatar\/d317780d5a3bd99a39a42e8f53ffd443?s=96&d=mm&r=g\",\"contentUrl\":\"https:\/\/secure.gravatar.com\/avatar\/d317780d5a3bd99a39a42e8f53ffd443?s=96&d=mm&r=g\",\"caption\":\"Mirko Venturi\"},\"url\":\"https:\/\/ladante.fr\/paris\/author\/mirko\/\"}]}<\/script>\n<!-- \/ Yoast SEO plugin. -->","yoast_head_json":{"title":"LES LIAISONS HEUREUSES 2015 - De la Bottega del Caff\u00e8 au Decameron - La Dante - Comit\u00e9 de Paris","robots":{"index":"index","follow":"follow","max-snippet":"max-snippet:-1","max-image-preview":"max-image-preview:large","max-video-preview":"max-video-preview:-1"},"canonical":"https:\/\/ladante.fr\/paris\/les-liaisons-heureuses-2015-de-la-bottega-del-caffe-au-decameron\/","og_locale":"fr_FR","og_type":"article","og_title":"LES LIAISONS HEUREUSES 2015 - De la Bottega del Caff\u00e8 au Decameron - La Dante - Comit\u00e9 de Paris","og_description":"LES LIAISONS HEUREUSES 2015 De la Bottega del Caff\u00e8 au Decameron Conception,\u00a0Maurizio Scaparro Responsable artistique,\u00a0Ferdinando Ceriani Interventions Maurizio Scaparro,\u00a0Metteur en sc\u00e8ne Vittorio Viviani,\u00a0Acteur Moreno Cerquetelli,\u00a0Journaliste RaiTre D\u00e9bat anim\u00e9 par Michele Canonica, Pr\u00e9sident de la Societ\u00e0 Dante Alighieri &#8211; Comit\u00e9 de Paris Hommage \u00e0 la langue italienne, du th\u00e9\u00e2tre \u00e0 la litt\u00e9rature avec, pour point de [&hellip;]","og_url":"https:\/\/ladante.fr\/paris\/les-liaisons-heureuses-2015-de-la-bottega-del-caffe-au-decameron\/","og_site_name":"La Dante - Comit\u00e9 de Paris","article_published_time":"2015-09-28T09:43:09+00:00","article_modified_time":"2018-02-10T15:54:45+00:00","og_image":[{"url":"http:\/\/ladante.fr\/wp-content\/uploads\/2018\/01\/lycee-italien-paris.png"}],"author":"Mirko Venturi","twitter_card":"summary_large_image","twitter_misc":{"\u00c9crit par":"Mirko Venturi","Dur\u00e9e de lecture estim\u00e9e":"1 minute"},"schema":{"@context":"https:\/\/schema.org","@graph":[{"@type":"WebPage","@id":"https:\/\/ladante.fr\/paris\/les-liaisons-heureuses-2015-de-la-bottega-del-caffe-au-decameron\/","url":"https:\/\/ladante.fr\/paris\/les-liaisons-heureuses-2015-de-la-bottega-del-caffe-au-decameron\/","name":"LES LIAISONS HEUREUSES 2015 - De la Bottega del Caff\u00e8 au Decameron - La Dante - Comit\u00e9 de Paris","isPartOf":{"@id":"https:\/\/ladante.fr\/paris\/#website"},"datePublished":"2015-09-28T09:43:09+00:00","dateModified":"2018-02-10T15:54:45+00:00","author":{"@id":"https:\/\/ladante.fr\/paris\/#\/schema\/person\/68aed266df313cfba1339a72069dd605"},"breadcrumb":{"@id":"https:\/\/ladante.fr\/paris\/les-liaisons-heureuses-2015-de-la-bottega-del-caffe-au-decameron\/#breadcrumb"},"inLanguage":"fr-FR","potentialAction":[{"@type":"ReadAction","target":["https:\/\/ladante.fr\/paris\/les-liaisons-heureuses-2015-de-la-bottega-del-caffe-au-decameron\/"]}]},{"@type":"BreadcrumbList","@id":"https:\/\/ladante.fr\/paris\/les-liaisons-heureuses-2015-de-la-bottega-del-caffe-au-decameron\/#breadcrumb","itemListElement":[{"@type":"ListItem","position":1,"name":"Accueil","item":"https:\/\/ladante.fr\/paris\/"},{"@type":"ListItem","position":2,"name":"LES LIAISONS HEUREUSES 2015 &#8211; De la Bottega del Caff\u00e8 au Decameron"}]},{"@type":"WebSite","@id":"https:\/\/ladante.fr\/paris\/#website","url":"https:\/\/ladante.fr\/paris\/","name":"La Dante - Comit\u00e9 de Paris","description":"","potentialAction":[{"@type":"SearchAction","target":{"@type":"EntryPoint","urlTemplate":"https:\/\/ladante.fr\/paris\/?s={search_term_string}"},"query-input":"required name=search_term_string"}],"inLanguage":"fr-FR"},{"@type":"Person","@id":"https:\/\/ladante.fr\/paris\/#\/schema\/person\/68aed266df313cfba1339a72069dd605","name":"Mirko Venturi","image":{"@type":"ImageObject","inLanguage":"fr-FR","@id":"https:\/\/ladante.fr\/paris\/#\/schema\/person\/image\/","url":"https:\/\/secure.gravatar.com\/avatar\/d317780d5a3bd99a39a42e8f53ffd443?s=96&d=mm&r=g","contentUrl":"https:\/\/secure.gravatar.com\/avatar\/d317780d5a3bd99a39a42e8f53ffd443?s=96&d=mm&r=g","caption":"Mirko Venturi"},"url":"https:\/\/ladante.fr\/paris\/author\/mirko\/"}]}},"_links":{"self":[{"href":"https:\/\/ladante.fr\/paris\/wp-json\/wp\/v2\/posts\/931"}],"collection":[{"href":"https:\/\/ladante.fr\/paris\/wp-json\/wp\/v2\/posts"}],"about":[{"href":"https:\/\/ladante.fr\/paris\/wp-json\/wp\/v2\/types\/post"}],"author":[{"embeddable":true,"href":"https:\/\/ladante.fr\/paris\/wp-json\/wp\/v2\/users\/4"}],"replies":[{"embeddable":true,"href":"https:\/\/ladante.fr\/paris\/wp-json\/wp\/v2\/comments?post=931"}],"version-history":[{"count":1,"href":"https:\/\/ladante.fr\/paris\/wp-json\/wp\/v2\/posts\/931\/revisions"}],"predecessor-version":[{"id":2095,"href":"https:\/\/ladante.fr\/paris\/wp-json\/wp\/v2\/posts\/931\/revisions\/2095"}],"wp:attachment":[{"href":"https:\/\/ladante.fr\/paris\/wp-json\/wp\/v2\/media?parent=931"}],"wp:term":[{"taxonomy":"category","embeddable":true,"href":"https:\/\/ladante.fr\/paris\/wp-json\/wp\/v2\/categories?post=931"},{"taxonomy":"post_tag","embeddable":true,"href":"https:\/\/ladante.fr\/paris\/wp-json\/wp\/v2\/tags?post=931"}],"curies":[{"name":"wp","href":"https:\/\/api.w.org\/{rel}","templated":true}]}}