{"id":936,"date":"2015-09-26T11:48:15","date_gmt":"2015-09-26T09:48:15","guid":{"rendered":"http:\/\/la-dante.fr\/?p=936"},"modified":"2018-02-10T16:55:52","modified_gmt":"2018-02-10T15:55:52","slug":"florence-portraits-a-la-cour-des-medicis","status":"publish","type":"post","link":"https:\/\/ladante.fr\/paris\/florence-portraits-a-la-cour-des-medicis\/","title":{"rendered":"FLORENCE. PORTRAITS \u00c0 LA COUR DES M\u00c9DICIS"},"content":{"rendered":"<h2 class=\"postheader\" style=\"text-align: center;\"><img style=\"font-size: 16px;\" src=\"http:\/\/ladante.fr\/wp-content\/uploads\/2018\/01\/expo-florence.png\" alt=\"FLORENCE. PORTRAITS \u00c0 LA COUR DES M\u00c9DICIS\" \/><\/h2>\n<h4 style=\"text-align: center; text-transform: uppercase;\">FLORENCE. PORTRAITS \u00c0 LA COUR DES M\u00c9DICIS<br \/>\nBronzino, Salviati, Pontormo<\/h4>\n<h6 style=\"text-align: center; text-transform: uppercase;\">par Cristina Oliosi, guide conf\u00e9renci\u00e8re de La Dante de Paris<\/h6>\n<p style=\"text-align: justify;\"><em>Au XVIe si\u00e8cle, l\u2019art du portrait devient de plus en plus r\u00e9pandu parmi les \u00e9lites florentines qui trouvent l\u00e0 un moyen de porter les traits de leur visage et leur statut social \u00e0 la post\u00e9rit\u00e9. Ils recourent pour cela \u00e0 des figures litt\u00e9raires, \u00e0 des r\u00e9f\u00e9rences musicales ou \u00e0 une mise en sc\u00e8ne riche en symboles pour d\u00e9crire la vie du mod\u00e8le, sous ses multiples facettes.<\/em><\/p>\n<p style=\"text-align: center;\"><strong>Visite guid\u00e9e en fran\u00e7ais.<\/strong><\/p>\n<p style=\"text-align: center;\"><strong>R\u00e9serv\u00e9e aux membres adh\u00e9rents de La Dante de Paris et de La Dante de Limoges.<\/strong><\/p>\n<p style=\"text-align: center;\"><strong>TARIF UNIQUE ADH\u00c9RENTS DA\u00a0: 15 \u20ac<\/strong><\/p>\n<p style=\"text-align: center;\">Ch\u00e8ques \u00e0 l\u2019ordre de La Dante de Paris<\/p>\n<p style=\"text-align: center;\">Le tarif inclut le billet d&rsquo;entr\u00e9e et 1h de visite guid\u00e9e en fran\u00e7ais<\/p>\n<p style=\"text-align: center;\">R\u00e9servations avant le jeudi 15 octobre 2015 par mail \u00e0\u00a0<a href=\"mailto:paris@ladante.fr\">paris@ladante.fr<\/a><\/p>\n<p style=\"text-align: center;\"><strong>Dimanche 18 octobre 2015, de 10h15 \u00e0 11h15<\/strong><\/p>\n<p style=\"text-align: center;\">Mus\u00e9e Jacquemart-Andr\u00e9<br \/>\n158 Boulevard Haussmann<br \/>\n75008 Paris<\/p>\n","protected":false},"excerpt":{"rendered":"<p>FLORENCE. PORTRAITS \u00c0 LA COUR DES M\u00c9DICIS Bronzino, Salviati, Pontormo par Cristina Oliosi, guide conf\u00e9renci\u00e8re de La Dante de Paris Au XVIe si\u00e8cle, l\u2019art du portrait devient de plus en plus r\u00e9pandu parmi les \u00e9lites florentines qui trouvent l\u00e0 un moyen de porter les traits de leur visage et leur statut social \u00e0 la post\u00e9rit\u00e9. [&hellip;]<\/p>\n","protected":false},"author":4,"featured_media":0,"comment_status":"open","ping_status":"open","sticky":false,"template":"","format":"image","meta":{"disable_featured_image":false,"_themeisle_gutenberg_block_has_review":false},"categories":[6],"tags":[],"yoast_head":"<!-- This site is optimized with the Yoast SEO plugin v20.1 - https:\/\/yoast.com\/wordpress\/plugins\/seo\/ -->\n<title>FLORENCE. PORTRAITS \u00c0 LA COUR DES M\u00c9DICIS - La Dante - Comit\u00e9 de Paris<\/title>\n<meta name=\"robots\" content=\"index, follow, max-snippet:-1, max-image-preview:large, max-video-preview:-1\" \/>\n<link rel=\"canonical\" href=\"https:\/\/ladante.fr\/paris\/florence-portraits-a-la-cour-des-medicis\/\" \/>\n<meta property=\"og:locale\" content=\"fr_FR\" \/>\n<meta property=\"og:type\" content=\"article\" \/>\n<meta property=\"og:title\" content=\"FLORENCE. PORTRAITS \u00c0 LA COUR DES M\u00c9DICIS - La Dante - Comit\u00e9 de Paris\" \/>\n<meta property=\"og:description\" content=\"FLORENCE. PORTRAITS \u00c0 LA COUR DES M\u00c9DICIS Bronzino, Salviati, Pontormo par Cristina Oliosi, guide conf\u00e9renci\u00e8re de La Dante de Paris Au XVIe si\u00e8cle, l\u2019art du portrait devient de plus en plus r\u00e9pandu parmi les \u00e9lites florentines qui trouvent l\u00e0 un moyen de porter les traits de leur visage et leur statut social \u00e0 la post\u00e9rit\u00e9. [&hellip;]\" \/>\n<meta property=\"og:url\" content=\"https:\/\/ladante.fr\/paris\/florence-portraits-a-la-cour-des-medicis\/\" \/>\n<meta property=\"og:site_name\" content=\"La Dante - Comit\u00e9 de Paris\" \/>\n<meta property=\"article:published_time\" content=\"2015-09-26T09:48:15+00:00\" \/>\n<meta property=\"article:modified_time\" content=\"2018-02-10T15:55:52+00:00\" \/>\n<meta property=\"og:image\" content=\"http:\/\/ladante.fr\/wp-content\/uploads\/2018\/01\/expo-florence.png\" \/>\n<meta name=\"author\" content=\"Mirko Venturi\" \/>\n<meta name=\"twitter:card\" content=\"summary_large_image\" \/>\n<meta name=\"twitter:label1\" content=\"\u00c9crit par\" \/>\n\t<meta name=\"twitter:data1\" content=\"Mirko Venturi\" \/>\n\t<meta name=\"twitter:label2\" content=\"Dur\u00e9e de lecture estim\u00e9e\" \/>\n\t<meta name=\"twitter:data2\" content=\"1 minute\" \/>\n<script type=\"application\/ld+json\" class=\"yoast-schema-graph\">{\"@context\":\"https:\/\/schema.org\",\"@graph\":[{\"@type\":\"WebPage\",\"@id\":\"https:\/\/ladante.fr\/paris\/florence-portraits-a-la-cour-des-medicis\/\",\"url\":\"https:\/\/ladante.fr\/paris\/florence-portraits-a-la-cour-des-medicis\/\",\"name\":\"FLORENCE. PORTRAITS \u00c0 LA COUR DES M\u00c9DICIS - La Dante - Comit\u00e9 de Paris\",\"isPartOf\":{\"@id\":\"https:\/\/ladante.fr\/paris\/#website\"},\"datePublished\":\"2015-09-26T09:48:15+00:00\",\"dateModified\":\"2018-02-10T15:55:52+00:00\",\"author\":{\"@id\":\"https:\/\/ladante.fr\/paris\/#\/schema\/person\/68aed266df313cfba1339a72069dd605\"},\"breadcrumb\":{\"@id\":\"https:\/\/ladante.fr\/paris\/florence-portraits-a-la-cour-des-medicis\/#breadcrumb\"},\"inLanguage\":\"fr-FR\",\"potentialAction\":[{\"@type\":\"ReadAction\",\"target\":[\"https:\/\/ladante.fr\/paris\/florence-portraits-a-la-cour-des-medicis\/\"]}]},{\"@type\":\"BreadcrumbList\",\"@id\":\"https:\/\/ladante.fr\/paris\/florence-portraits-a-la-cour-des-medicis\/#breadcrumb\",\"itemListElement\":[{\"@type\":\"ListItem\",\"position\":1,\"name\":\"Accueil\",\"item\":\"https:\/\/ladante.fr\/paris\/\"},{\"@type\":\"ListItem\",\"position\":2,\"name\":\"FLORENCE. PORTRAITS \u00c0 LA COUR DES M\u00c9DICIS\"}]},{\"@type\":\"WebSite\",\"@id\":\"https:\/\/ladante.fr\/paris\/#website\",\"url\":\"https:\/\/ladante.fr\/paris\/\",\"name\":\"La Dante - Comit\u00e9 de Paris\",\"description\":\"\",\"potentialAction\":[{\"@type\":\"SearchAction\",\"target\":{\"@type\":\"EntryPoint\",\"urlTemplate\":\"https:\/\/ladante.fr\/paris\/?s={search_term_string}\"},\"query-input\":\"required name=search_term_string\"}],\"inLanguage\":\"fr-FR\"},{\"@type\":\"Person\",\"@id\":\"https:\/\/ladante.fr\/paris\/#\/schema\/person\/68aed266df313cfba1339a72069dd605\",\"name\":\"Mirko Venturi\",\"image\":{\"@type\":\"ImageObject\",\"inLanguage\":\"fr-FR\",\"@id\":\"https:\/\/ladante.fr\/paris\/#\/schema\/person\/image\/\",\"url\":\"https:\/\/secure.gravatar.com\/avatar\/d317780d5a3bd99a39a42e8f53ffd443?s=96&d=mm&r=g\",\"contentUrl\":\"https:\/\/secure.gravatar.com\/avatar\/d317780d5a3bd99a39a42e8f53ffd443?s=96&d=mm&r=g\",\"caption\":\"Mirko Venturi\"},\"url\":\"https:\/\/ladante.fr\/paris\/author\/mirko\/\"}]}<\/script>\n<!-- \/ Yoast SEO plugin. -->","yoast_head_json":{"title":"FLORENCE. PORTRAITS \u00c0 LA COUR DES M\u00c9DICIS - La Dante - Comit\u00e9 de Paris","robots":{"index":"index","follow":"follow","max-snippet":"max-snippet:-1","max-image-preview":"max-image-preview:large","max-video-preview":"max-video-preview:-1"},"canonical":"https:\/\/ladante.fr\/paris\/florence-portraits-a-la-cour-des-medicis\/","og_locale":"fr_FR","og_type":"article","og_title":"FLORENCE. PORTRAITS \u00c0 LA COUR DES M\u00c9DICIS - La Dante - Comit\u00e9 de Paris","og_description":"FLORENCE. PORTRAITS \u00c0 LA COUR DES M\u00c9DICIS Bronzino, Salviati, Pontormo par Cristina Oliosi, guide conf\u00e9renci\u00e8re de La Dante de Paris Au XVIe si\u00e8cle, l\u2019art du portrait devient de plus en plus r\u00e9pandu parmi les \u00e9lites florentines qui trouvent l\u00e0 un moyen de porter les traits de leur visage et leur statut social \u00e0 la post\u00e9rit\u00e9. [&hellip;]","og_url":"https:\/\/ladante.fr\/paris\/florence-portraits-a-la-cour-des-medicis\/","og_site_name":"La Dante - Comit\u00e9 de Paris","article_published_time":"2015-09-26T09:48:15+00:00","article_modified_time":"2018-02-10T15:55:52+00:00","og_image":[{"url":"http:\/\/ladante.fr\/wp-content\/uploads\/2018\/01\/expo-florence.png"}],"author":"Mirko Venturi","twitter_card":"summary_large_image","twitter_misc":{"\u00c9crit par":"Mirko Venturi","Dur\u00e9e de lecture estim\u00e9e":"1 minute"},"schema":{"@context":"https:\/\/schema.org","@graph":[{"@type":"WebPage","@id":"https:\/\/ladante.fr\/paris\/florence-portraits-a-la-cour-des-medicis\/","url":"https:\/\/ladante.fr\/paris\/florence-portraits-a-la-cour-des-medicis\/","name":"FLORENCE. PORTRAITS \u00c0 LA COUR DES M\u00c9DICIS - La Dante - Comit\u00e9 de Paris","isPartOf":{"@id":"https:\/\/ladante.fr\/paris\/#website"},"datePublished":"2015-09-26T09:48:15+00:00","dateModified":"2018-02-10T15:55:52+00:00","author":{"@id":"https:\/\/ladante.fr\/paris\/#\/schema\/person\/68aed266df313cfba1339a72069dd605"},"breadcrumb":{"@id":"https:\/\/ladante.fr\/paris\/florence-portraits-a-la-cour-des-medicis\/#breadcrumb"},"inLanguage":"fr-FR","potentialAction":[{"@type":"ReadAction","target":["https:\/\/ladante.fr\/paris\/florence-portraits-a-la-cour-des-medicis\/"]}]},{"@type":"BreadcrumbList","@id":"https:\/\/ladante.fr\/paris\/florence-portraits-a-la-cour-des-medicis\/#breadcrumb","itemListElement":[{"@type":"ListItem","position":1,"name":"Accueil","item":"https:\/\/ladante.fr\/paris\/"},{"@type":"ListItem","position":2,"name":"FLORENCE. PORTRAITS \u00c0 LA COUR DES M\u00c9DICIS"}]},{"@type":"WebSite","@id":"https:\/\/ladante.fr\/paris\/#website","url":"https:\/\/ladante.fr\/paris\/","name":"La Dante - Comit\u00e9 de Paris","description":"","potentialAction":[{"@type":"SearchAction","target":{"@type":"EntryPoint","urlTemplate":"https:\/\/ladante.fr\/paris\/?s={search_term_string}"},"query-input":"required name=search_term_string"}],"inLanguage":"fr-FR"},{"@type":"Person","@id":"https:\/\/ladante.fr\/paris\/#\/schema\/person\/68aed266df313cfba1339a72069dd605","name":"Mirko Venturi","image":{"@type":"ImageObject","inLanguage":"fr-FR","@id":"https:\/\/ladante.fr\/paris\/#\/schema\/person\/image\/","url":"https:\/\/secure.gravatar.com\/avatar\/d317780d5a3bd99a39a42e8f53ffd443?s=96&d=mm&r=g","contentUrl":"https:\/\/secure.gravatar.com\/avatar\/d317780d5a3bd99a39a42e8f53ffd443?s=96&d=mm&r=g","caption":"Mirko Venturi"},"url":"https:\/\/ladante.fr\/paris\/author\/mirko\/"}]}},"_links":{"self":[{"href":"https:\/\/ladante.fr\/paris\/wp-json\/wp\/v2\/posts\/936"}],"collection":[{"href":"https:\/\/ladante.fr\/paris\/wp-json\/wp\/v2\/posts"}],"about":[{"href":"https:\/\/ladante.fr\/paris\/wp-json\/wp\/v2\/types\/post"}],"author":[{"embeddable":true,"href":"https:\/\/ladante.fr\/paris\/wp-json\/wp\/v2\/users\/4"}],"replies":[{"embeddable":true,"href":"https:\/\/ladante.fr\/paris\/wp-json\/wp\/v2\/comments?post=936"}],"version-history":[{"count":1,"href":"https:\/\/ladante.fr\/paris\/wp-json\/wp\/v2\/posts\/936\/revisions"}],"predecessor-version":[{"id":2096,"href":"https:\/\/ladante.fr\/paris\/wp-json\/wp\/v2\/posts\/936\/revisions\/2096"}],"wp:attachment":[{"href":"https:\/\/ladante.fr\/paris\/wp-json\/wp\/v2\/media?parent=936"}],"wp:term":[{"taxonomy":"category","embeddable":true,"href":"https:\/\/ladante.fr\/paris\/wp-json\/wp\/v2\/categories?post=936"},{"taxonomy":"post_tag","embeddable":true,"href":"https:\/\/ladante.fr\/paris\/wp-json\/wp\/v2\/tags?post=936"}],"curies":[{"name":"wp","href":"https:\/\/api.w.org\/{rel}","templated":true}]}}