{"id":944,"date":"2015-09-24T11:56:15","date_gmt":"2015-09-24T09:56:15","guid":{"rendered":"http:\/\/la-dante.fr\/?p=944"},"modified":"2018-02-10T16:56:17","modified_gmt":"2018-02-10T15:56:17","slug":"promenade-autour-du-procope","status":"publish","type":"post","link":"https:\/\/ladante.fr\/paris\/promenade-autour-du-procope\/","title":{"rendered":"PROMENADE AUTOUR DU PROCOPE"},"content":{"rendered":"<h2 class=\"postheader\" style=\"text-align: center;\"><img style=\"font-size: 16px;\" src=\"http:\/\/ladante.fr\/wp-content\/uploads\/2018\/01\/procope.png\" alt=\"PROMENADE AUTOUR DU PROCOPE\" \/><\/h2>\n<h4 style=\"text-align: center; text-transform: uppercase;\">PROMENADE AUTOUR DU PROCOPE<\/h4>\n<h6 style=\"text-align: center; text-transform: uppercase;\">Par Bruno La Brasca,<br \/>\ncom\u00e9dien, traducteur et professeur de th\u00e9\u00e2tre<\/h6>\n<p style=\"text-align: justify;\"><em>C\u2019est en 1686 que Francesco Procopio dei Coltelli, gentilhomme de Palerme, installa rue des Foss\u00e9s Saint-Germain (aujourd\u2019hui rue de l\u2019Ancienne Com\u00e9die) son d\u00e9bit de caf\u00e9.\u00a0L\u2019excellence des boissons et des sorbets qu\u2019il y offrait \u00e0 consommer, le cadre agr\u00e9able et le voisinage de l\u2019Ancienne Com\u00e9die Fran\u00e7aise firent que son \u00e9tablissement devint tr\u00e8s rapidement le lieu de r\u00e9union des beaux esprits. Le quartier du Procope regorge de lieux \u00ab\u00a0italiens\u00a0\u00bb que Bruno La Brasca vous invite \u00e0 d\u00e9couvrir au cours d\u2019une promenade sous le signe de l\u2019Italie.<\/em><\/p>\n<p style=\"text-align: center;\"><strong>TARIF UNIQUE ADH\u00c9RENTS DA\u00a0: 10 \u20ac<\/strong><\/p>\n<p style=\"text-align: center;\">Ch\u00e8ques \u00e0 l\u2019ordre de La Dante de Paris<\/p>\n<p style=\"text-align: center;\"><strong>Visite guid\u00e9e r\u00e9serv\u00e9e aux membres adh\u00e9rents de La Dante de Paris et de La Dante de Limoges.<\/strong><\/p>\n<p style=\"text-align: center;\">R\u00e9servation par mail uniquement \u00e0\u00a0<a href=\"mailto:paris@ladante.fr\">paris@ladante.fr<\/a>\u00a0avant le mardi 13 octobre 2015.<\/p>\n<p style=\"text-align: center;\"><strong>Nombre de places limit\u00e9.<\/strong><\/p>\n<p style=\"text-align: center;\"><strong>Vendredi 16 octobre, de 14h15 \u00e0 17h<\/strong><\/p>\n<p style=\"text-align: center;\">Place Henri Mondor<br \/>\n75006 Paris<\/p>\n","protected":false},"excerpt":{"rendered":"<p>PROMENADE AUTOUR DU PROCOPE Par Bruno La Brasca, com\u00e9dien, traducteur et professeur de th\u00e9\u00e2tre C\u2019est en 1686 que Francesco Procopio dei Coltelli, gentilhomme de Palerme, installa rue des Foss\u00e9s Saint-Germain (aujourd\u2019hui rue de l\u2019Ancienne Com\u00e9die) son d\u00e9bit de caf\u00e9.\u00a0L\u2019excellence des boissons et des sorbets qu\u2019il y offrait \u00e0 consommer, le cadre agr\u00e9able et le voisinage [&hellip;]<\/p>\n","protected":false},"author":4,"featured_media":0,"comment_status":"open","ping_status":"open","sticky":false,"template":"","format":"image","meta":{"disable_featured_image":false,"_themeisle_gutenberg_block_has_review":false},"categories":[6],"tags":[],"yoast_head":"<!-- This site is optimized with the Yoast SEO plugin v20.1 - https:\/\/yoast.com\/wordpress\/plugins\/seo\/ -->\n<title>PROMENADE AUTOUR DU PROCOPE - La Dante - Comit\u00e9 de Paris<\/title>\n<meta name=\"robots\" content=\"index, follow, max-snippet:-1, max-image-preview:large, max-video-preview:-1\" \/>\n<link rel=\"canonical\" href=\"https:\/\/ladante.fr\/paris\/promenade-autour-du-procope\/\" \/>\n<meta property=\"og:locale\" content=\"fr_FR\" \/>\n<meta property=\"og:type\" content=\"article\" \/>\n<meta property=\"og:title\" content=\"PROMENADE AUTOUR DU PROCOPE - La Dante - Comit\u00e9 de Paris\" \/>\n<meta property=\"og:description\" content=\"PROMENADE AUTOUR DU PROCOPE Par Bruno La Brasca, com\u00e9dien, traducteur et professeur de th\u00e9\u00e2tre C\u2019est en 1686 que Francesco Procopio dei Coltelli, gentilhomme de Palerme, installa rue des Foss\u00e9s Saint-Germain (aujourd\u2019hui rue de l\u2019Ancienne Com\u00e9die) son d\u00e9bit de caf\u00e9.\u00a0L\u2019excellence des boissons et des sorbets qu\u2019il y offrait \u00e0 consommer, le cadre agr\u00e9able et le voisinage [&hellip;]\" \/>\n<meta property=\"og:url\" content=\"https:\/\/ladante.fr\/paris\/promenade-autour-du-procope\/\" \/>\n<meta property=\"og:site_name\" content=\"La Dante - Comit\u00e9 de Paris\" \/>\n<meta property=\"article:published_time\" content=\"2015-09-24T09:56:15+00:00\" \/>\n<meta property=\"article:modified_time\" content=\"2018-02-10T15:56:17+00:00\" \/>\n<meta property=\"og:image\" content=\"http:\/\/ladante.fr\/wp-content\/uploads\/2018\/01\/procope.png\" \/>\n<meta name=\"author\" content=\"Mirko Venturi\" \/>\n<meta name=\"twitter:card\" content=\"summary_large_image\" \/>\n<meta name=\"twitter:label1\" content=\"\u00c9crit par\" \/>\n\t<meta name=\"twitter:data1\" content=\"Mirko Venturi\" \/>\n\t<meta name=\"twitter:label2\" content=\"Dur\u00e9e de lecture estim\u00e9e\" \/>\n\t<meta name=\"twitter:data2\" content=\"1 minute\" \/>\n<script type=\"application\/ld+json\" class=\"yoast-schema-graph\">{\"@context\":\"https:\/\/schema.org\",\"@graph\":[{\"@type\":\"WebPage\",\"@id\":\"https:\/\/ladante.fr\/paris\/promenade-autour-du-procope\/\",\"url\":\"https:\/\/ladante.fr\/paris\/promenade-autour-du-procope\/\",\"name\":\"PROMENADE AUTOUR DU PROCOPE - La Dante - Comit\u00e9 de Paris\",\"isPartOf\":{\"@id\":\"https:\/\/ladante.fr\/paris\/#website\"},\"datePublished\":\"2015-09-24T09:56:15+00:00\",\"dateModified\":\"2018-02-10T15:56:17+00:00\",\"author\":{\"@id\":\"https:\/\/ladante.fr\/paris\/#\/schema\/person\/68aed266df313cfba1339a72069dd605\"},\"breadcrumb\":{\"@id\":\"https:\/\/ladante.fr\/paris\/promenade-autour-du-procope\/#breadcrumb\"},\"inLanguage\":\"fr-FR\",\"potentialAction\":[{\"@type\":\"ReadAction\",\"target\":[\"https:\/\/ladante.fr\/paris\/promenade-autour-du-procope\/\"]}]},{\"@type\":\"BreadcrumbList\",\"@id\":\"https:\/\/ladante.fr\/paris\/promenade-autour-du-procope\/#breadcrumb\",\"itemListElement\":[{\"@type\":\"ListItem\",\"position\":1,\"name\":\"Accueil\",\"item\":\"https:\/\/ladante.fr\/paris\/\"},{\"@type\":\"ListItem\",\"position\":2,\"name\":\"PROMENADE AUTOUR DU PROCOPE\"}]},{\"@type\":\"WebSite\",\"@id\":\"https:\/\/ladante.fr\/paris\/#website\",\"url\":\"https:\/\/ladante.fr\/paris\/\",\"name\":\"La Dante - Comit\u00e9 de Paris\",\"description\":\"\",\"potentialAction\":[{\"@type\":\"SearchAction\",\"target\":{\"@type\":\"EntryPoint\",\"urlTemplate\":\"https:\/\/ladante.fr\/paris\/?s={search_term_string}\"},\"query-input\":\"required name=search_term_string\"}],\"inLanguage\":\"fr-FR\"},{\"@type\":\"Person\",\"@id\":\"https:\/\/ladante.fr\/paris\/#\/schema\/person\/68aed266df313cfba1339a72069dd605\",\"name\":\"Mirko Venturi\",\"image\":{\"@type\":\"ImageObject\",\"inLanguage\":\"fr-FR\",\"@id\":\"https:\/\/ladante.fr\/paris\/#\/schema\/person\/image\/\",\"url\":\"https:\/\/secure.gravatar.com\/avatar\/d317780d5a3bd99a39a42e8f53ffd443?s=96&d=mm&r=g\",\"contentUrl\":\"https:\/\/secure.gravatar.com\/avatar\/d317780d5a3bd99a39a42e8f53ffd443?s=96&d=mm&r=g\",\"caption\":\"Mirko Venturi\"},\"url\":\"https:\/\/ladante.fr\/paris\/author\/mirko\/\"}]}<\/script>\n<!-- \/ Yoast SEO plugin. -->","yoast_head_json":{"title":"PROMENADE AUTOUR DU PROCOPE - La Dante - Comit\u00e9 de Paris","robots":{"index":"index","follow":"follow","max-snippet":"max-snippet:-1","max-image-preview":"max-image-preview:large","max-video-preview":"max-video-preview:-1"},"canonical":"https:\/\/ladante.fr\/paris\/promenade-autour-du-procope\/","og_locale":"fr_FR","og_type":"article","og_title":"PROMENADE AUTOUR DU PROCOPE - La Dante - Comit\u00e9 de Paris","og_description":"PROMENADE AUTOUR DU PROCOPE Par Bruno La Brasca, com\u00e9dien, traducteur et professeur de th\u00e9\u00e2tre C\u2019est en 1686 que Francesco Procopio dei Coltelli, gentilhomme de Palerme, installa rue des Foss\u00e9s Saint-Germain (aujourd\u2019hui rue de l\u2019Ancienne Com\u00e9die) son d\u00e9bit de caf\u00e9.\u00a0L\u2019excellence des boissons et des sorbets qu\u2019il y offrait \u00e0 consommer, le cadre agr\u00e9able et le voisinage [&hellip;]","og_url":"https:\/\/ladante.fr\/paris\/promenade-autour-du-procope\/","og_site_name":"La Dante - Comit\u00e9 de Paris","article_published_time":"2015-09-24T09:56:15+00:00","article_modified_time":"2018-02-10T15:56:17+00:00","og_image":[{"url":"http:\/\/ladante.fr\/wp-content\/uploads\/2018\/01\/procope.png"}],"author":"Mirko Venturi","twitter_card":"summary_large_image","twitter_misc":{"\u00c9crit par":"Mirko Venturi","Dur\u00e9e de lecture estim\u00e9e":"1 minute"},"schema":{"@context":"https:\/\/schema.org","@graph":[{"@type":"WebPage","@id":"https:\/\/ladante.fr\/paris\/promenade-autour-du-procope\/","url":"https:\/\/ladante.fr\/paris\/promenade-autour-du-procope\/","name":"PROMENADE AUTOUR DU PROCOPE - La Dante - Comit\u00e9 de Paris","isPartOf":{"@id":"https:\/\/ladante.fr\/paris\/#website"},"datePublished":"2015-09-24T09:56:15+00:00","dateModified":"2018-02-10T15:56:17+00:00","author":{"@id":"https:\/\/ladante.fr\/paris\/#\/schema\/person\/68aed266df313cfba1339a72069dd605"},"breadcrumb":{"@id":"https:\/\/ladante.fr\/paris\/promenade-autour-du-procope\/#breadcrumb"},"inLanguage":"fr-FR","potentialAction":[{"@type":"ReadAction","target":["https:\/\/ladante.fr\/paris\/promenade-autour-du-procope\/"]}]},{"@type":"BreadcrumbList","@id":"https:\/\/ladante.fr\/paris\/promenade-autour-du-procope\/#breadcrumb","itemListElement":[{"@type":"ListItem","position":1,"name":"Accueil","item":"https:\/\/ladante.fr\/paris\/"},{"@type":"ListItem","position":2,"name":"PROMENADE AUTOUR DU PROCOPE"}]},{"@type":"WebSite","@id":"https:\/\/ladante.fr\/paris\/#website","url":"https:\/\/ladante.fr\/paris\/","name":"La Dante - Comit\u00e9 de Paris","description":"","potentialAction":[{"@type":"SearchAction","target":{"@type":"EntryPoint","urlTemplate":"https:\/\/ladante.fr\/paris\/?s={search_term_string}"},"query-input":"required name=search_term_string"}],"inLanguage":"fr-FR"},{"@type":"Person","@id":"https:\/\/ladante.fr\/paris\/#\/schema\/person\/68aed266df313cfba1339a72069dd605","name":"Mirko Venturi","image":{"@type":"ImageObject","inLanguage":"fr-FR","@id":"https:\/\/ladante.fr\/paris\/#\/schema\/person\/image\/","url":"https:\/\/secure.gravatar.com\/avatar\/d317780d5a3bd99a39a42e8f53ffd443?s=96&d=mm&r=g","contentUrl":"https:\/\/secure.gravatar.com\/avatar\/d317780d5a3bd99a39a42e8f53ffd443?s=96&d=mm&r=g","caption":"Mirko Venturi"},"url":"https:\/\/ladante.fr\/paris\/author\/mirko\/"}]}},"_links":{"self":[{"href":"https:\/\/ladante.fr\/paris\/wp-json\/wp\/v2\/posts\/944"}],"collection":[{"href":"https:\/\/ladante.fr\/paris\/wp-json\/wp\/v2\/posts"}],"about":[{"href":"https:\/\/ladante.fr\/paris\/wp-json\/wp\/v2\/types\/post"}],"author":[{"embeddable":true,"href":"https:\/\/ladante.fr\/paris\/wp-json\/wp\/v2\/users\/4"}],"replies":[{"embeddable":true,"href":"https:\/\/ladante.fr\/paris\/wp-json\/wp\/v2\/comments?post=944"}],"version-history":[{"count":1,"href":"https:\/\/ladante.fr\/paris\/wp-json\/wp\/v2\/posts\/944\/revisions"}],"predecessor-version":[{"id":2097,"href":"https:\/\/ladante.fr\/paris\/wp-json\/wp\/v2\/posts\/944\/revisions\/2097"}],"wp:attachment":[{"href":"https:\/\/ladante.fr\/paris\/wp-json\/wp\/v2\/media?parent=944"}],"wp:term":[{"taxonomy":"category","embeddable":true,"href":"https:\/\/ladante.fr\/paris\/wp-json\/wp\/v2\/categories?post=944"},{"taxonomy":"post_tag","embeddable":true,"href":"https:\/\/ladante.fr\/paris\/wp-json\/wp\/v2\/tags?post=944"}],"curies":[{"name":"wp","href":"https:\/\/api.w.org\/{rel}","templated":true}]}}